{"id":1059,"date":"2020-09-04T21:13:19","date_gmt":"2020-09-04T19:13:19","guid":{"rendered":"https:\/\/jedlicze.przemyska.pl\/?p=1059"},"modified":"2021-09-02T21:02:31","modified_gmt":"2021-09-02T19:02:31","slug":"kolo-misyjne","status":"publish","type":"post","link":"https:\/\/jedlicze.przemyska.pl\/index.php\/2020\/09\/04\/kolo-misyjne\/","title":{"rendered":"Ko\u0142o Misyjne"},"content":{"rendered":"<p>W naszej Parafii dzia\u0142a Ko\u0142o Misyjne Dzieci, do kt\u00f3rego nale\u017cy 20-cia uczni\u00f3w, opiekunem grupy jest Siostra Pauletta ze Zgromadzenia Si\u00f3str Michalitek.<\/p>\n<p>Celem ich spotka\u0144 jest zainteresowanie dzieci dzia\u0142alno\u015bci\u0105 Papieskiego Dzie\u0142a Misyjnego Dzieci i ukazanie mo\u017cliwo\u015bci wsp\u00f3\u0142pracy w dzia\u0142alno\u015bci misyjnej oraz pog\u0142\u0119bianie wiedzy religijnej w szczeg\u00f3lno\u015bci w zakresie chrze\u015bcija\u0144skiego powo\u0142ania misyjnego, poznawania kultury i obyczaj\u00f3w mieszka\u0144c\u00f3w innych kontynent\u00f3w, u\u015bwiadamianie r\u00f3wno\u015bci wszystkich ludzi niezale\u017cnie od ich pochodzenia oraz rozwijanie umiej\u0119tno\u015bci wykorzystania w\u0142asnych talent\u00f3w w s\u0142u\u017cbie potrzebuj\u0105cym.<\/p>\n<p>Ka\u017cdego roku w okresie Bo\u017cego Narodzenia Kol\u0119dnicy Misyjni odwiedzaj\u0105 Parafian. Do Dzie\u0142a Misyjnego w\u0142\u0105czonych jest oko\u0142o 20 os\u00f3b doros\u0142ych z naszej Parafii, kt\u00f3re od 14-tu lat wspieraj\u0105 finansowo misje w Kamerunie.<\/p>\n","protected":false},"excerpt":{"rendered":"<p>W naszej Parafii dzia\u0142a Ko\u0142o Misyjne Dzieci, do kt\u00f3rego nale\u017cy 20-cia uczni\u00f3w, opiekunem grupy jest Siostra Pauletta ze Zgromadzenia Si\u00f3str Michalitek. Celem ich spotka\u0144 jest zainteresowanie dzieci dzia\u0142alno\u015bci\u0105 Papieskiego Dzie\u0142a Misyjnego Dzieci i ukazanie mo\u017cliwo\u015bci wsp\u00f3\u0142pracy w dzia\u0142alno\u015bci misyjnej oraz pog\u0142\u0119bianie wiedzy religijnej w szczeg\u00f3lno\u015bci w zakresie chrze\u015bcija\u0144skiego powo\u0142ania misyjnego, poznawania kultury i obyczaj\u00f3w mieszka\u0144c\u00f3w [&hellip;]<\/p>\n","protected":false},"author":1,"featured_media":1060,"comment_status":"closed","ping_status":"open","sticky":false,"template":"","format":"standard","meta":{"ngg_post_thumbnail":0},"categories":[23],"tags":[],"_links":{"self":[{"href":"https:\/\/jedlicze.przemyska.pl\/index.php\/wp-json\/wp\/v2\/posts\/1059"}],"collection":[{"href":"https:\/\/jedlicze.przemyska.pl\/index.php\/wp-json\/wp\/v2\/posts"}],"about":[{"href":"https:\/\/jedlicze.przemyska.pl\/index.php\/wp-json\/wp\/v2\/types\/post"}],"author":[{"embeddable":true,"href":"https:\/\/jedlicze.przemyska.pl\/index.php\/wp-json\/wp\/v2\/users\/1"}],"replies":[{"embeddable":true,"href":"https:\/\/jedlicze.przemyska.pl\/index.php\/wp-json\/wp\/v2\/comments?post=1059"}],"version-history":[{"count":2,"href":"https:\/\/jedlicze.przemyska.pl\/index.php\/wp-json\/wp\/v2\/posts\/1059\/revisions"}],"predecessor-version":[{"id":1582,"href":"https:\/\/jedlicze.przemyska.pl\/index.php\/wp-json\/wp\/v2\/posts\/1059\/revisions\/1582"}],"wp:featuredmedia":[{"embeddable":true,"href":"https:\/\/jedlicze.przemyska.pl\/index.php\/wp-json\/wp\/v2\/media\/1060"}],"wp:attachment":[{"href":"https:\/\/jedlicze.przemyska.pl\/index.php\/wp-json\/wp\/v2\/media?parent=1059"}],"wp:term":[{"taxonomy":"category","embeddable":true,"href":"https:\/\/jedlicze.przemyska.pl\/index.php\/wp-json\/wp\/v2\/categories?post=1059"},{"taxonomy":"post_tag","embeddable":true,"href":"https:\/\/jedlicze.przemyska.pl\/index.php\/wp-json\/wp\/v2\/tags?post=1059"}],"curies":[{"name":"wp","href":"https:\/\/api.w.org\/{rel}","templated":true}]}}