{"id":1083,"date":"2020-09-04T06:31:22","date_gmt":"2020-09-04T04:31:22","guid":{"rendered":"https:\/\/jedlicze.przemyska.pl\/?p=1083"},"modified":"2020-09-11T22:21:31","modified_gmt":"2020-09-11T20:21:31","slug":"i-spowiedz-i-komunia-swieta","status":"publish","type":"post","link":"https:\/\/jedlicze.przemyska.pl\/index.php\/2020\/09\/04\/i-spowiedz-i-komunia-swieta\/","title":{"rendered":"I Spowied\u017a i Komunia \u015bwi\u0119ta"},"content":{"rendered":"<div class=\"entry-content\">\n<p><strong>I Komunia \u015awi\u0119ta<\/strong><\/p>\n<p class=\"p1\"><span class=\"s1\">Uroczysto\u015b\u0107 Pierwszej Komunii \u015awi\u0119tej celebrowana jest na <\/span><strong><span class=\"s2\">Mszy \u015bw. o godz. 11:00&nbsp;<\/span><span class=\"s1\">w <\/span><span class=\"s2\">trzeci\u0105 niedziel\u0119 maja<\/span><\/strong><span class=\"s1\">. <\/span><\/p>\n<p class=\"p1\"><span class=\"s1\">W naszej Parafii przygotowanie do Pierwszej Spowiedzi I Komunii \u015awi\u0119tej obejmuje dzieci z klasy trzeciej szko\u0142y podstawowej wraz z rodzicami. Rodzice maj\u0105 obowi\u0105zek zg\u0142osi\u0107 swoje dziecko do formacji eucharystycznej na pocz\u0105tku roku szkolnego. <\/span><\/p>\n<p class=\"p1\"><span class=\"s1\">Formacja odbywa si\u0119 zgodnie z harmonogramem przedstawionym na pierwszym spotkaniu we wrze\u015bniu. Podstaw\u0105 do odpowiedniego przygotowania dzieci i rodzic\u00f3w do Uroczysto\u015bci I Komunii \u015awi\u0119tej jest diecezjalny program duszpasterski uwzgl\u0119dniaj\u0105cy specyfik\u0119 duszpasterstwa w naszej Parafii. <\/span><\/p>\n<p>W zakresie przygotowania do pe\u0142nego uczestnictwa we Mszy \u015bwi\u0119tej przypomina si\u0119 o obowi\u0105zku przestrzegania w tym zakresie norm Synodu (statuty 273, 347, Instrukcja, aneks 27).<\/p>\n<ol>\n<li>Ka\u017cda parafia Archidiecezji organizuje i prowadzi katechez\u0119 parafialn\u0105 dla dzieci, aby ich przygotowa\u0107 do \u015bwiadomego, pe\u0142nego i aktywnego uczestnictwa we Mszy \u015bwi\u0119tej i owocnego korzystania z sakramentu pokuty.<\/li>\n<li>Pierwsza spowied\u017a i pierwsze pe\u0142ne uczestnictwo we Mszy \u015bw. winna mie\u0107 miejsce zasadniczo we w\u0142asnej parafii, kt\u00f3ra jest po rodzinie podstawowym \u015brodowiskiem rozwoju wiary. T\u0119 zasad\u0119 nale\u017cy corocznie (we wrze\u015bniu) przypomina\u0107, wiernym w&nbsp;og\u0142oszeniach parafialnych. Duszpasterze nie sugeruj\u0105 rodzicom, mo\u017cliwo\u015bci dostania zezwolenia od w\u0142asnego proboszcza, na celebracj\u0119 tych sakrament\u00f3w poza parafi\u0105, aby wzajemnie nie utrudnia\u0107 sobie pracy duszpasterskiej i nie przyczynia\u0107 si\u0119 do os\u0142abiania wi\u0119zi wiernych z w\u0142asn\u0105 parafi\u0105.<\/li>\n<li>Gdyby zachodzi\u0142a konieczno\u015b\u0107, dla uzasadnionych racji, aby uroczysto\u015b\u0107 I&nbsp;Komunijna odbywa\u0142a si\u0119 poza parafi\u0105, ksi\u0105dz proboszcz po wys\u0142uchaniu argument\u00f3w rodzic\u00f3w i przeprowadzeniu duszpasterskiej rozmowy, udziela pisemnego pozwolenia na sam\u0105 tylko uroczysto\u015b\u0107. Natomiast przygotowanie dzieci do I spowiedzi i Komunii powinno odbywa\u0107 si\u0119 we w\u0142asnej parafii.<\/li>\n<li>Ka\u017cda parafia prowadzi spotkania katechetyczno \u2013 formacyjne dla dzieci i ich rodzic\u00f3w przynajmniej raz w miesi\u0105cu. Ze wzgl\u0119d\u00f3w organizacyjnych nale\u017cy ustali\u0107 sta\u0142y termin tych spotka\u0144..<\/li>\n<li>Zadania rodzic\u00f3w dzieci przygotowuj\u0105cych si\u0119 do I spowiedzi i Komunii \u015bw.:<\/li>\n<\/ol>\n<ul>\n<li>wsp\u00f3lna wieczorna modlitwa rodzic\u00f3w z dzieckiem i za dziecko;<\/li>\n<li>systematyczne uczestnictwo wraz z dzieckiem w niedzielnych i \u015bwi\u0105tecznych mszach \u015bwi\u0119tych;<\/li>\n<li>kierowanie si\u0119 w&nbsp;\u017cyciu codziennym zasadami dekalogu;<\/li>\n<li>rozmowa z dzieckiem na tematy podejmowane podczas katechez;<\/li>\n<li>pomoc w opanowaniu podstawowych modlitw i&nbsp;zrozumieniu niezb\u0119dnych tre\u015bci zwi\u0105zanych z sakramentem pokuty i Eucharystii;<\/li>\n<li>pomoc dziecku w rozwoju moralnym, aby normy moralne zna\u0142o i zachowywa\u0142o z&nbsp;wewn\u0119trznego przekonania a nie tylko ze wzgl\u0119du na rodzic\u00f3w i otoczenie; \u2013 codzienne \u015bwiadectwo \u017cycia z wiary;<\/li>\n<li>wychowywanie do \u017cycia w prawdzie i mi\u0142o\u015bci;<\/li>\n<li>troska o sprzyjaj\u0105cy klimat dla harmonijnego rozwoju dziecka.<\/li>\n<\/ul>\n<ol start=\"6\">\n<li>Nabo\u017ce\u0144stwa dla dzieci i rodzic\u00f3w:<\/li>\n<\/ol>\n<p>\u2013 <em>wrzesie\u0144<\/em> \u2013 Msza \u015bw. rozpoczynaj\u0105ca przygotowanie z konferencj\u0105 \u201eCo to znaczy wierzy\u0107?\u201d,<\/p>\n<p>\u2013 <em>pa\u017adziernik<\/em> \u2013 obrz\u0119d po\u015bwi\u0119cenia i przekazania przez rodzic\u00f3w dzieciom r\u00f3\u017ca\u0144c\u00f3w z konferencj\u0105 \u201eWychowanie do modlitwy\u201d;<\/p>\n<p>\u2013 <em>listopad<\/em> \u2013 nabo\u017ce\u0144stwo za zmar\u0142ych z konferencj\u0105 \u201eParafia wsp\u00f3lnot\u0105 wsp\u00f3lnot\u201d;<\/p>\n<p>\u2013 <em>grudzie\u0144<\/em> \u2013 obrz\u0119d po\u015bwi\u0119cenia i przekazania przez rodzic\u00f3w medalik\u00f3w z konferencj\u0105 \u201eEucharystia si\u0142\u0105 \u017cycia rodziny chrze\u015bcija\u0144skiej\u201d;<\/p>\n<p><em>stycze\u0144<\/em> \u2013 nabo\u017ce\u0144stwo odnowienia obietnic chrztu \u015bw. z konferencj\u0105 \u201eDlaczego przykazania?\u201d,<\/p>\n<p>\u2013 <em>luty<\/em> \u2013 obrz\u0119d po\u015bwi\u0119cenia i przekazania dzieciom ksi\u0105\u017ceczek z konferencj\u0105 \u201eGrzech fa\u0142szywym korzystaniem z daru wolno\u015bci\u201d,<\/p>\n<p><em>\u2013 marzec<\/em> \u2013 nabo\u017ce\u0144stwo pokutne po\u0142\u0105czone z adoracja krzy\u017ca i konferencj\u0105 \u201eSakrament pokuty w \u017cyciu dziecka i rodziny\u201d;<\/p>\n<p><em>\u2013 kwiecie\u0144\/maj<\/em> \u2013 cztery Msze \u015bw. inicjacyjne przez cztery niedziele \/1- <em>po\u015bwi\u0119cona liturgii S\u0142owa \u2013 kszta\u0142tujemy postaw\u0119 pos\u0142usze\u0144stwa S\u0142owu Bo\u017cemu; 2 \u2013 Msza \u015bw. jest dzi\u0119kczynieniem \u2013 kszta\u0142tujemy postaw\u0119 wdzi\u0119czno\u015bci wobec Boga i ludzi;<br \/>\n3 \u2013Msza \u015bw. jest ofiara Chrystusa i nasz\u0105 \u2013 formujemy postaw\u0119 ofiarowania si\u0119 z&nbsp;Chrystusem Bogu Ojcu; 4 \u2013 Msza \u015bw. jest uczt\u0105 \u2013 formujemy ducha mi\u0142o\u015bci i troski o ka\u017cdego cz\u0142owieka<\/em>\/;<\/p>\n<p>\u2013 maj \u2013 Uroczysto\u015b\u0107 I Komunii \u015awi\u0119tej.<\/p>\n<ol start=\"7\">\n<li>W ramach Bia\u0142ego Tygodnia proponuje si\u0119 nast\u0119puj\u0105c\u0105 tematyk\u0119: \/&nbsp;<em>poniedzia\u0142ek: dzie\u0144 wdzi\u0119czno\u015bci Panu Bogu \u2013 uczymy dzieci modlitwy uwielbienia i dzi\u0119kczynienia po przyj\u0119ciu Komunii \u015bw.; wtorek: \u2013 dzie\u0144 wdzi\u0119czno\u015bci matkom; \u015broda \u2013 dzie\u0144 wdzi\u0119czno\u015bci ojcom i przyrzeczenia abstynenckie; czwartek: \u2013 po\u015bwi\u0119cenie pami\u0105tkowych obrazk\u00f3w; pi\u0105tek \u2013 potrzeba cz\u0119stej spowiedzi \u2013 Pierwsze pi\u0105tki miesi\u0105ca; sobota \u2013 oddanie w opiek\u0119 Matce Bo\u017cej \u2013 mo\u017cna zorganizowa\u0107 pielgrzymk\u0119 do sanktuarium Maryjnego<\/em>\/.<\/li>\n<li>Modlitewnikiem obowi\u0105zuj\u0105cym dla dzieci pierwszokomunijnych jest diecezjalna ksi\u0105\u017ceczka: \u201e<em>Chwalmy Boga\u201d.<\/em><\/li>\n<li>Wskazane jest, aby dla dobra duchowego dzieci, w roku pokomunijnym katechizowa\u0142 je ten sam katecheta, kt\u00f3ry przygotowywa\u0142 do I spowiedzi i&nbsp;Komunii \u015awi\u0119tej.<\/li>\n<li>Zaleca si\u0119, aby po I Komunii \u015awi\u0119tej, formacj\u0119 eucharystyczn\u0105 dzieci prowadzi\u0107 w&nbsp;ramach Eucharystycznego Ruchu M\u0142odych. (<em> SAP \u2013 statut dotycz\u0105cy Eucharystycznego Ruchu M\u0142odych).<\/em><\/li>\n<\/ol>\n<p><strong>Synod Archidiecezji Przemyskiej 1995-2000<\/strong><\/p>\n<p>Instrukcja o przygotowaniu dzieci&nbsp;do sakramentu pokuty i Eucharystii<\/p>\n<p><strong>I&nbsp;&nbsp;&nbsp;&nbsp;&nbsp;&nbsp;&nbsp;&nbsp;&nbsp; Zasady og\u00f3lne<\/strong><\/p>\n<ol>\n<li>Celem przygotowania do sakramentu pokuty i Eucharystii jest doprowadzenie do prze\u017cycia z wiar\u0105 tych sakrament\u00f3w.<\/li>\n<li>W przygotowaniu do tych sakrament\u00f3w, opr\u00f3cz przekazanej wie\u00addzy, wa\u017cne miejsca zajmuje do\u015bwiadczenie religijne.<\/li>\n<li>Dobre przygotowanie do tych sakrament\u00f3w jest procesem d\u0142ugo\u00adfalowym (obejmuj\u0105cym I i II klas\u0119 szko\u0142y podstawowej oraz klas\u0119 III jako pog\u0142\u0119bienie wi\u0119zi z Chrystusem Eucharystycznym). Jest ono mo\u017c\u00adliwe tylko przy wsp\u00f3\u0142pracy z rodzicami.<\/li>\n<\/ol>\n<p><strong>II&nbsp;&nbsp;&nbsp;&nbsp;&nbsp;&nbsp;&nbsp;&nbsp; Przygotowanie do sakramentu pokuty<\/strong><\/p>\n<ol>\n<li>Nale\u017cy wychowywa\u0107 dzieci do \u015bwiadomo\u015bci, \u017ce w sakramencie pokuty spotykaj\u0105 si\u0119 z przebaczaj\u0105cym Chrystusem, oraz kszta\u0142towa\u0107 w&nbsp;nich umiej\u0119tno\u015b\u0107 ci\u0105g\u0142ego nawracania si\u0119, ukoronowaniem kt\u00f3rego jest spowied\u017a \u015bwi\u0119ta.<\/li>\n<li>Nale\u017cy formowa\u0107 sumienie dziecka tak, aby nie tylko unika\u0142o grzechu, ale raczej szuka\u0142o woli Bo\u017cej i pragn\u0119\u0142o wsp\u00f3\u0142pracowa\u0107 z&nbsp;Bo\u00adgiem.<\/li>\n<li>W przygotowanie nale\u017cy ukazywa\u0107 dzieciom Boga zbawiaj\u0105ce\u00adgo, a nie tylko d\u0105\u017cy\u0107 do pami\u0119ciowego opanowania przez nie tre\u015bci ka\u00adtechizmowych. Konieczne jest jednak opanowanie pewnego minimum materia\u0142u, jak r\u00f3wnie\u017c kilku podstawowych modlitw.<\/li>\n<li>Od pocz\u0105tku katechizacji nale\u017cy wprowadza\u0107 dziecko w praktyk\u0119 rachunku sumienia zanim jeszcze nauczy si\u0119 jego okre\u015blenia. Rachunek sumienia nale\u017cy ukazywa\u0107 jako konfrontacj\u0119 \u017cycia z wol\u0105 i mi\u0142o\u015bci\u0105 Bo\u017c\u0105. Powinien on posiada\u0107 charakter pozytywny, tzn. uczy\u0107 obserwo\u00adwania swego \u017cycia pod k\u0105tem czynionego lub zaniedbanego dobra.<\/li>\n<li>Nale\u017cy u\u015bwiadomi\u0107, \u017ce \u017cal za grzechy to wewn\u0119trzna postawa, kt\u00f3ra koncentruje uwag\u0119 na zniewa\u017conym Bogu i przekonuje, \u017ce grzech jest niewdzi\u0119czno\u015bci\u0105 wobec kochaj\u0105cego Ojca. Dzieci powinny wie\u00addzie\u0107 i rozumie\u0107, \u017ce najwa\u017cniejszym warunkiem sakramentu pokuty jest \u017cal.<\/li>\n<li>Postanowienie poprawy nie mo\u017ce by\u0107 og\u00f3lnikowe, lecz kon\u00adkretne.<\/li>\n<li>Spowied\u017a winna si\u0119 odbywa\u0107 w atmosferze podkre\u015blaj\u0105cej do\u00adbro\u0107 i mi\u0142osierdzie Boga.<\/li>\n<li>Spowied\u017a \u015bwi\u0119ta jest wielkim prze\u017cyciem dla dziecka i dlatego powinna ona mie\u0107 miejsce po zako\u0144czeniu przygotowania do sakra\u00admentu pokuty.<\/li>\n<\/ol>\n<p><strong>III&nbsp;&nbsp;&nbsp;&nbsp;&nbsp;&nbsp; Przygotowanie do I Komunii \u015bwi\u0119tej<\/strong><\/p>\n<ol>\n<li>Przygotowanie do I Komunii \u015bwi\u0119tej mo\u017ce prawid\u0142owo si\u0119 odby\u0107 tylko w kontek\u015bcie Mszy \u015bwi\u0119tej, poniewa\u017c Komunia \u015bwi\u0119ta jest jej integraln\u0105 cz\u0119\u015bci\u0105 i najdoskonalszym sposobem uczestnictwa.<\/li>\n<li>Istot\u0105 przygotowania jest wprowadzenie w misterium Euchary\u00adstii, kt\u00f3re dokonuje si\u0119 poprzez katechezy i tzw. Msze \u015bwi\u0119te inicja\u00adcyjne, w spos\u00f3b szczeg\u00f3lny akcentuj\u0105ce cz\u0119\u015bci Naj\u015bwi\u0119tszej Ofiary. We Mszach \u015bwi\u0119tych inicjacyjnych przygotowuje si\u0119 dan\u0105 cz\u0119\u015b\u0107 Euchary\u00adstii i uwypukla j\u0105 tak, aby dzieci skoncentrowa\u0142y na niej uwag\u0119, a&nbsp;w&nbsp;ho\u00admilii t\u0142umaczy si\u0119 poszczeg\u00f3lne jej elementy.<\/li>\n<li>Uroczyst\u0105 Msz\u0119 \u015bwi\u0119t\u0105 I Komunii \u015bwi\u0119tej nale\u017cy odci\u0105\u017cy\u0107 od do\u00addatkowych akt\u00f3w pobo\u017cno\u015bci, jak np. odnowienie przyrzecze\u0144 chrztu, a&nbsp;skoncentrowa\u0107 si\u0119 na dobrym uczestnictwie dzieci w&nbsp;Naj\u015bwi\u0119tszej Ofierze. Wspomniane przyrzeczenia nale\u017cy przenie\u015b\u0107 na triduum przed uroczysto\u015bci\u0105 lub na tzw. \u201ebia\u0142y tydzie\u0144\u201d.<\/li>\n<\/ol>\n<p><strong>IV&nbsp;&nbsp;&nbsp;&nbsp;&nbsp;&nbsp;&nbsp; Wsp\u00f3\u0142praca z rodzicami<\/strong><\/p>\n<p>Przygotowanie do I Spowiedzi i Komunii \u015bw. powinno by\u0107 przepro\u00adwadzane w \u015bcis\u0142ej \u0142\u0105czno\u015bci z rodzicami. Nale\u017cy zatem ju\u017c we wrze\u015bniu odprawi\u0107 osobn\u0105 Msz\u0119 \u015bw. dla dzieci, kt\u00f3re rozpoczynaj\u0105 przygotowa\u00adnie do I Komunii \u015bw. oraz ich rodzic\u00f3w. W pa\u017adzierniku winny dzieci otrzyma\u0107 w ko\u015bciele od rodzic\u00f3w r\u00f3\u017ca\u0144ce, w grudniu rodzice powinni, na osobnym nabo\u017ce\u0144stwie, wr\u0119czy\u0107 dzieciom medaliki, w&nbsp;lutym \u2013 ksi\u0105\u00ad\u017ceczki do nabo\u017ce\u0144stwa. W okresie Wielkiego Postu nale\u017cy zorganizo\u00adwa\u0107 wsp\u00f3lne nabo\u017ce\u0144stwo odnowienia przyrzecze\u0144 chrzcielnych.<\/p>\n<p>Rodzice winni te\u017c uczestniczy\u0107 w nabo\u017ce\u0144stwie pokutnym przed I&nbsp;Spowiedzi\u0105 swoich dzieci.<\/p>\n<p>W uroczysto\u015b\u0107 I Komunii \u015bwi\u0119tej rodzice b\u0142ogos\u0142awi\u0105 swoje dzieci i&nbsp;uroczy\u015bcie zapewniaj\u0105, \u017ce b\u0119d\u0105 troszczy\u0107 si\u0119 o rozw\u00f3j ich \u017cycia reli\u00adgijnego.<\/p>\n<p>Rodzice winni uczestniczy\u0107 tak\u017ce w liturgii Mszy \u015bwi\u0119tej podczas \u201ebia\u0142ego tygodnia\u201d.<\/p>\n<p><strong>V&nbsp;&nbsp;&nbsp;&nbsp;&nbsp;&nbsp;&nbsp;&nbsp; Uwagi ko\u0144cowe<\/strong><\/p>\n<ol>\n<li>Na spotkaniach z rodzicami nale\u017cy zwr\u00f3ci\u0107 uwag\u0119, aby ubiory pierwszokomunijne nie by\u0142y zbytnio wystawne oraz zach\u0119ca\u0107, aby wybrali dla grupy skromny i ujednolicony str\u00f3j.<\/li>\n<li>Je\u015bli s\u0105 w grupie dzieci zaniedbane religijnie, najp\u00f3\u017aniej oko\u0142o Bo\u017cego Narodzenia nale\u017cy skontaktowa\u0107 si\u0119 z rodzicami i zwr\u00f3ci\u0107 uwag\u0119 na konieczno\u015b\u0107 wi\u0119kszego zainteresowania dzieckiem. Je\u015bli ro\u00addzice nie wyka\u017c\u0105 dobrej woli, nale\u017cy wi\u0119cej czasu po\u015bwi\u0119ci\u0107 takiemu uczniowi.<\/li>\n<li>Proboszcz, je\u015bli sam nie katechizuje, powinien wzi\u0105\u0107 udzia\u0142 w&nbsp;bezpo\u015brednim spotkaniu z dzie\u0107mi pierwszokomunijnymi i ich ro\u00addzicami. Powinien on pomodli\u0107 si\u0119 z dzie\u0107mi, przeprowadzi\u0107 rozmow\u0119 na temat ich spotkania z Jezusem Eucharystycznym, zwr\u00f3ci\u0107 uwag\u0119 rodzicom na istotne problemy \u017cycia religijnego. Przy tej rozmowie po\u00adwinien by\u0107 obecny katecheta.<\/li>\n<li>W niedziel\u0119 poprzedzaj\u0105c\u0105 I Komuni\u0119 \u015bwi\u0119t\u0105, proboszcz podczas og\u0142osze\u0144 informuje ca\u0142\u0105 parafi\u0119 o radosnym prze\u017cyciu I Komunii \u015bwi\u0119\u00adtej dzieci, kt\u00f3re poleca modlitwie parafian i zaprasza na uroczysto\u015b\u0107 r\u00f3wnie\u017c ich nauczycieli i wychowawc\u00f3w.<\/li>\n<\/ol>\n<\/div>\n","protected":false},"excerpt":{"rendered":"<p>I Komunia \u015awi\u0119ta Uroczysto\u015b\u0107 Pierwszej Komunii \u015awi\u0119tej celebrowana jest na Mszy \u015bw. o godz. 11:00&nbsp;w trzeci\u0105 niedziel\u0119 maja. W naszej Parafii przygotowanie do Pierwszej Spowiedzi I Komunii \u015awi\u0119tej obejmuje dzieci z klasy trzeciej szko\u0142y podstawowej wraz z rodzicami. Rodzice maj\u0105 obowi\u0105zek zg\u0142osi\u0107 swoje dziecko do formacji eucharystycznej na pocz\u0105tku roku szkolnego. Formacja odbywa si\u0119 zgodnie [&hellip;]<\/p>\n","protected":false},"author":1,"featured_media":1084,"comment_status":"closed","ping_status":"open","sticky":false,"template":"","format":"standard","meta":{"ngg_post_thumbnail":0},"categories":[24],"tags":[],"_links":{"self":[{"href":"https:\/\/jedlicze.przemyska.pl\/index.php\/wp-json\/wp\/v2\/posts\/1083"}],"collection":[{"href":"https:\/\/jedlicze.przemyska.pl\/index.php\/wp-json\/wp\/v2\/posts"}],"about":[{"href":"https:\/\/jedlicze.przemyska.pl\/index.php\/wp-json\/wp\/v2\/types\/post"}],"author":[{"embeddable":true,"href":"https:\/\/jedlicze.przemyska.pl\/index.php\/wp-json\/wp\/v2\/users\/1"}],"replies":[{"embeddable":true,"href":"https:\/\/jedlicze.przemyska.pl\/index.php\/wp-json\/wp\/v2\/comments?post=1083"}],"version-history":[{"count":2,"href":"https:\/\/jedlicze.przemyska.pl\/index.php\/wp-json\/wp\/v2\/posts\/1083\/revisions"}],"predecessor-version":[{"id":1134,"href":"https:\/\/jedlicze.przemyska.pl\/index.php\/wp-json\/wp\/v2\/posts\/1083\/revisions\/1134"}],"wp:featuredmedia":[{"embeddable":true,"href":"https:\/\/jedlicze.przemyska.pl\/index.php\/wp-json\/wp\/v2\/media\/1084"}],"wp:attachment":[{"href":"https:\/\/jedlicze.przemyska.pl\/index.php\/wp-json\/wp\/v2\/media?parent=1083"}],"wp:term":[{"taxonomy":"category","embeddable":true,"href":"https:\/\/jedlicze.przemyska.pl\/index.php\/wp-json\/wp\/v2\/categories?post=1083"},{"taxonomy":"post_tag","embeddable":true,"href":"https:\/\/jedlicze.przemyska.pl\/index.php\/wp-json\/wp\/v2\/tags?post=1083"}],"curies":[{"name":"wp","href":"https:\/\/api.w.org\/{rel}","templated":true}]}}