{"id":1086,"date":"2020-09-04T05:33:43","date_gmt":"2020-09-04T03:33:43","guid":{"rendered":"https:\/\/jedlicze.przemyska.pl\/?p=1086"},"modified":"2020-09-04T22:35:50","modified_gmt":"2020-09-04T20:35:50","slug":"msza-sw","status":"publish","type":"post","link":"https:\/\/jedlicze.przemyska.pl\/index.php\/2020\/09\/04\/msza-sw\/","title":{"rendered":"Msza \u015bw."},"content":{"rendered":"<div class=\"entry-content\">\n<p>Skoro odwiedzasz t\u0119 stron\u0119, znaczy to, \u017ce poszukujesz informacji o zam\u00f3wieniu intencji Mszy \u015bw. lub pomocy na temat dobrego i owocnego udzia\u0142u w Naj\u015bwi\u0119tszej Ofierze.<\/p>\n<p>Intencje mszalne zazwyczaj zamawiane s\u0105 w zakrystii lub kancelarii parafialnej. Bardzo cz\u0119sto wierni prosz\u0105 o ofiarowanie owoc\u00f3w Naj\u015bwi\u0119tszej Ofiary w okre\u015blonym dniu. Bie\u017c\u0105ce intencje mo\u017cna sprawdzi\u0107 na naszej stronie w sekcji Intencje.<br \/>\nW celu upewnienia si\u0119 czy jest wolny termin i dogodna godzina celebracji, prosimy o indywidualny kontakt z ksi\u0119dzem. W wyj\u0105tkowych sytuacjach mo\u017cna zam\u00f3wi\u0107 Msz\u0119 \u015bw. telefonicznie (13 435 20 27) lub drog\u0105 e-mailow\u0105 (<a href=\"mailto:przekopana@przemyska.pl\">jedlicze@przemyska.pl<\/a>).<\/p>\n<p>Msza \u015bwi\u0119ta ma nieocenion\u0105 warto\u015b\u0107 przed Bogiem, gdy\u017c jest najskuteczniejsz\u0105 modlitw\u0105 i najdoskonalsz\u0105 Ofiar\u0105 sk\u0142adan\u0105 Ojcu przez Chrystusa w Duchu \u015awi\u0119tym. St\u0105d te\u017c, jako ludzie wierz\u0105cy chcemy ka\u017cd\u0105 Eucharysti\u0119 prze\u017cywa\u0107 jak najpobo\u017cniej i owocnie. W tym celu szukamy r\u00f3\u017cnych pomocy. Ko\u015bci\u00f3\u0142 w trosce o duchowe dobro i rozw\u00f3j pobo\u017cno\u015bci swoich wiernych wypracowa\u0142 warunki dobrego uczestnictwa we Mszy \u015bw. (Sob\u00f3r Watyka\u0144ski II, w Konstytucji o Liturgii). Oto one:<\/p>\n<ol>\n<li>kszta\u0142towanie przez S\u0142owo Bo\u017ce,<\/li>\n<li>posilanie si\u0119 przy stole Cia\u0142a Pa\u0144skiego,<\/li>\n<li>sk\u0142adanie Bogu dzi\u0119kczynienia,<\/li>\n<li>ofiarowanie Niepokalanej Hostii,<\/li>\n<li>uczenie si\u0119 sk\u0142adania w ofierze samego siebie.<\/li>\n<\/ol>\n<p><strong>Rady praktyczne:<\/strong><\/p>\n<p>W przygotowaniu do owocnego udzia\u0142u we Mszy \u015bw. jest troska o stan duchowy, czyli stan \u0142aski u\u015bwi\u0119caj\u0105cej. Kiedy jeste\u015bmy w stanie grzechu ci\u0119\u017ckiego, powinni\u015bmy jak najszybciej skorzysta\u0107 z sakramentu pokuty i pojednania, by podczas Mszy \u015bw. przyj\u0105\u0107 Komuni\u0119 \u015bw.<\/p>\n<p>Warto pami\u0119ta\u0107 o \u201eosobistych warunkach\u201d, kt\u00f3rych spe\u0142nienie sprzyja czynnemu i owocnemu uczestnictwu we Mszy \u015bw. Papie\u017c Benedykt XVI w <em>\u201eSacramentum caritatis\u201d<\/em> zach\u0119ca do m.in. skupienia i ciszy przynajmniej przez kilka chwil przed rozpocz\u0119ciem liturgii. Pomaga to odci\u0105\u0107 si\u0119 od spraw doczesnych i codziennego zabiegania. Zgie\u0142k \u015bwiata, pozostawiamy poza murami \u015bwi\u0105tyni, aby w pe\u0142nym skupieniu, bez rozprosze\u0144 niepotrzebnymi my\u015blami uczestniczy\u0107 we Mszy \u015bw.<br \/>\nPomocne jest r\u00f3wnie\u017c przeczytanie czyta\u0144 mszalnych z danego dnia zanim udamy si\u0119 do ko\u015bcio\u0142a. Ponadto warto wzbudzi\u0107 sobie w\u0142asne intencje, z kt\u00f3rymi udamy si\u0119 na Msz\u0119 \u015bw. gdy\u017c to mobilizuje do pobo\u017cniejszej modlitwy.<br \/>\nNie wolno zapomnie\u0107, \u017ce przed Msz\u0105 \u015bw. obowi\u0105zuje post eucharystyczny, je\u015bli zamierzamy przyj\u0105\u0107 Komuni\u0119 \u015bw. Polega on na powstrzymaniu si\u0119 przez godzin\u0119 przed Komuni\u0105 \u015bw. od jakiegokolwiek pokarmu i napoju, z wyj\u0105tkiem wody i lekarstwa. Kongregacja ds. Kultu Bo\u017cego i Dyscypliny Sakrament\u00f3w skr\u00f3ci\u0142a czas postu eucharystycznego do ok. 15 minut dla os\u00f3b w podesz\u0142ym wieku, chorych oraz tych, kt\u00f3rzy si\u0119 nimi opiekuj\u0105.<br \/>\nI na koniec warto wspomnie\u0107 o stroju, kt\u00f3ry powinien by\u0107 schludny i od\u015bwi\u0119tny. Trzeba pami\u0119ta\u0107, \u017ce nie zawsze ubi\u00f3r dobry na spotkanie towarzyskie b\u0119dzie ubiorem w\u0142a\u015bciwym na spotkanie z Bogiem.<\/p>\n<p><strong>Nauczanie Ko\u015bcio\u0142a Katolickiego<\/strong> na temat Eucharystii&nbsp;(KKK 1322-1419):<\/p>\n<p><a href=\"http:\/\/www.katechizm.opoka.org.pl\/rkkkII-2-1.htm\">http:\/\/www.katechizm.opoka.org.pl\/rkkkII-2-1.htm<\/a><\/p>\n<p><strong>Obowi\u0105zuj\u0105ce normy prawne wg Kodeksu Prawa Kanonicznego 1983<\/strong><\/p>\n<p>(Ksi\u0119ga IV \u201eU\u015bwi\u0119caj\u0105ce zadania Ko\u015bcio\u0142a; cz\u0119\u015b\u0107 I \u201ebierzmowanie\u201d; kan. 897-958):<\/p>\n<p><a href=\"http:\/\/archidiecezja.lodz.pl\/prawo.html\">http:\/\/archidiecezja.lodz.pl\/prawo.html<\/a><\/p>\n<p><strong>Dokument Komisji d.s. Kultu Bo\u017cego i dyscypliny Sakrament\u00f3w Episkopatu Polski<\/strong><\/p>\n<p><a href=\"http:\/\/www.kkbids.episkopat.pl\/?id=25\">http:\/\/www.kkbids.episkopat.pl\/?id=25<\/a><\/p>\n<p><strong>Synod Archidiecezji Przemyskiej 1995-2000<\/strong><\/p>\n<h2>Eucharystia<\/h2>\n<p>Statut 334.<\/p>\n<p>\u00a71. Naj\u015bwi\u0119tsza Eucharystia, w kt\u00f3rej sam Chrystus jest obecny, ofiaruje si\u0119 i&nbsp;staje si\u0119 pokarmem, stanowi szczyt i&nbsp;\u017ar\u00f3d\u0142o ca\u0142ego kultu, sprawia i&nbsp;oznacza jedno\u015b\u0107 Ludu Bo\u017cego, jest o\u015brod\u00adkiem ca\u0142ego \u017cycia chrze\u015bcija\u0144skiego.<br \/>\n\u00a72. Msza \u015bwi\u0119ta jest zawsze dla kap\u0142ana najwa\u017cniejsz\u0105 czyn\u00adno\u015bci\u0105 ka\u017cdego dnia, \u017ar\u00f3d\u0142em \u0142ask i nadziei na b\u0142ogos\u0142awie\u0144stwo Bo\u017ce, a tak\u017ce moc\u0105 jego pracy apostolskiej. A zatem powinien on zawsze przyst\u0119powa\u0107 do jej sprawowania z&nbsp;czystym sumieniem i po odpowiednim przygotowaniu wewn\u0119trznym.<br \/>\n\u00a73. Kap\u0142an powinien sprawowa\u0107 \u015bwi\u0119te obrz\u0119dy zgodnie z&nbsp;przepisami liturgicznymi, starannie, punktualnie, bez po\u015bpiechu i&nbsp;z&nbsp;namaszczeniem. Po Mszy \u015bwi\u0119tej powinien zawsze odprawi\u0107 dzi\u0119kczynienie.<br \/>\n\u00a74. Wyrazem najg\u0142\u0119bszej czci wobec Naj\u015bwi\u0119tszej Eu\u00adchary\u00adstii winien by\u0107 czynny i&nbsp;owocny w niej udzia\u0142 wiernych, cz\u0119ste i&nbsp;godne przyjmowanie tego sakramentu oraz adorowanie z&nbsp;najwi\u0119ksz\u0105 pobo\u017cno\u015bci\u0105.<\/p>\n<p>Statut 335.<\/p>\n<p>\u00a71. Kap\u0142ani powinni cz\u0119sto poucza\u0107 wiernych o warto\u015bci i&nbsp;owocach Mszy \u015bwi\u0119tej, zach\u0119ca\u0107 ich do uczestniczenia w niej tak\u017ce w inne \u015bwi\u0119ta oraz w dni powszednie, szczeg\u00f3lnie w okresie Adwentu, Wielkiego Postu i w Okresie Wielkanocnym.<br \/>\n\u00a72. Katecheza szkolna powinna prowadzi\u0107 do pe\u0142nego uczestniczenia w liturgii. Duszpasterze i katecheci powinni gromadzi\u0107 dzieci i m\u0142odzie\u017c na Mszy \u015bwi\u0119tej w dni powszednie nie tylko w ci\u0105gu roku szkolnego, lecz r\u00f3wnie\u017c w czasie wakacji i&nbsp;ferii.<\/p>\n<p>Statut 336.<\/p>\n<p>\u00a71. W ko\u015bcio\u0142ach parafialnych, rektorskich oraz w kaplicach dost\u0119pnych dla og\u00f3\u0142u wiernych, Msza \u015bwi\u0119ta \u2013 zar\u00f3wno w nie\u00addziele i \u015bwi\u0119ta nakazane, jak i w dni powszednie \u2013 powinna by\u0107 odprawiana w&nbsp;sta\u0142ych godzinach, uwzgl\u0119dniaj\u0105cych potrzeby wiernych.<br \/>\n\u00a72. W niedziele i \u015bwi\u0119ta nakazane poszczeg\u00f3lne Msze \u015bwi\u0119te nale\u017cy odprawia\u0107 w odst\u0119pach przynajmniej p\u00f3\u0142torej go\u00addziny.<\/p>\n<p>Statut 337.<\/p>\n<p>\u00a71. Uczestnictwo w eucharystycznej ofierze w niedziele i&nbsp;\u015bwi\u0119ta nakazane jest podstawowym obowi\u0105zkiem ka\u017cdego kato\u00adlika.<br \/>\n\u00a72. Niedzielnemu i \u015bwi\u0105tecznemu obowi\u0105zkowi uczestnictwa w Eucharystii zado\u015b\u0107 czyni\u0105 ci, kt\u00f3rzy bior\u0105 w niej udzia\u0142, gdziekolwiek jest odprawiana w obrz\u0105dku katolickim.<br \/>\n\u00a73. Obowi\u0105zek uczestniczenia w&nbsp;Eucharystii, o kt\u00f3rym jest mowa w \u00a7&nbsp;1 mo\u017ce by\u0107 spe\u0142niony przez wiernych r\u00f3wnie\u017c dnia poprzedniego wieczorem, gdy bior\u0105 oni udzia\u0142 we Mszy \u015bwi\u0119tej celebrowanej uroczy\u015bcie, z homili\u0105 i wed\u0142ug formularza mszal\u00adnego z&nbsp;nast\u0119pnego dnia \u015bwi\u0119tego.<br \/>\n\u00a74. Wierni wolni s\u0105 od obowi\u0105zku uczestniczenia we Mszy \u015bwi\u0119tej w&nbsp;\u015bwi\u0119ta nakazane ale nie uznawane przez pa\u0144stwo. Na\u00adle\u017cy ich jednak zach\u0119ca\u0107, by w miar\u0119 mo\u017cliwo\u015bci, brali udzia\u0142 w&nbsp;Naj\u015bwi\u0119tszej Ofierze, czy to w samo \u015bwi\u0119to, czy w jego wigili\u0119 wieczorem.<br \/>\n\u00a75. Duszpasterze powinni zach\u0119ca\u0107 wiernych, by prze\u00adciwstawiali si\u0119 desakralizacji niedzieli i dni \u015bwi\u0119tych zachowuj\u0105c w\u0142a\u015bciwy im charakter. Wierni nie powinni w tych dniach handlo\u00adwa\u0107 czy dokonywa\u0107 zakup\u00f3w, jak r\u00f3wnie\u017c wykonywa\u0107 tych prac i&nbsp;zaj\u0119\u0107, kt\u00f3re utrudniaj\u0105 oddawanie czci Bogu, prze\u017cywanie rado\u015bci w\u0142a\u015bciwej dniowi Pa\u0144skiemu oraz korzystanie z&nbsp;na\u00adle\u017cnego odpo\u00adczynku duchowego i fizycznego.<\/p>\n<p>Statut 338.<\/p>\n<p>\u00a71. Zaleca si\u0119, aby wierni przyjmowali Komuni\u0119 \u015bwi\u0119t\u0105 pod\u00adczas Mszy \u015bwi\u0119tej. Prosz\u0105cym jednak mo\u017cna jej udzieli\u0107 poza Msz\u0105 \u015bwi\u0119t\u0105, zachowuj\u0105c przepisane obrz\u0119dy liturgiczne.<br \/>\n\u00a72. Wierni mog\u0105 po raz drugi przyst\u0105pi\u0107 do Komunii \u015bwi\u0119tej w ci\u0105gu tego samego dnia, o ile uczestnicz\u0105 w kolejnej Mszy \u015bwi\u0119tej.<br \/>\n\u00a73. Wiernym, kt\u00f3rzy w danym dniu przyst\u0105pili ju\u017c do Komunii \u015bwi\u0119tej, a&nbsp;p\u00f3\u017aniej znale\u017ali si\u0119 w niebezpiecze\u0144stwie \u015bmierci, bardzo si\u0119 zaleca przyj\u0105\u0107 Cia\u0142o Pa\u0144skie ponownie na spos\u00f3b Wiatyku.<\/p>\n<p>Statut 339.<\/p>\n<p>\u00a71. Duszpasterze niech usilnie zach\u0119caj\u0105 wszystkich wier\u00adnych do cz\u0119stego, a&nbsp;nawet codziennego, przyst\u0119powania do sto\u0142u Pa\u0144skiego.<br \/>\n\u00a72. Przypomina si\u0119, \u017ce wierz\u0105cy w Chrystusa, kt\u00f3rzy przyst\u0105pili ju\u017c do sto\u0142u Pa\u0144skiego, maj\u0105 obowi\u0105zek przyj\u0105\u0107 Komuni\u0119 \u015bwi\u0119t\u0105, przynajmniej raz w&nbsp;roku, w&nbsp;Okresie Wielkanoc\u00adnym, chyba \u017ce dla s\u0142usznej przyczyny wype\u0142ni\u0105 ten obowi\u0105zek w&nbsp;innym czasie.<\/p>\n<p>Statut 340.<\/p>\n<p>\u00a71. Ze wzgl\u0119du na szacunek dla Naj\u015bwi\u0119tszej Eucharystii, przed przyj\u0119ciem Komunii \u015bwi\u0119tej, nale\u017cy zachowa\u0107 post przez jedn\u0105 godzin\u0119.<br \/>\n\u00a72. Postu eucharystycznego nie niweczy woda oraz lekar\u00adstwa.<br \/>\n\u00a73. Chorzy, osoby w podesz\u0142ym wieku oraz ich opiekunowie mog\u0105 przyjmowa\u0107 Komuni\u0119 \u015bwi\u0119t\u0105 bez zachowania jednogodzin\u00adnego postu.<\/p>\n<p>Statut 341.<\/p>\n<p>W sytuacjach uzasadnionych potrzeb\u0105 duszpastersk\u0105, biskup diecezjalny mo\u017ce ustanowi\u0107 \u015bwieckich szafarzy Komunii \u015bwi\u0119tej, na zasadach okre\u015blonych przez <em>\u201ePostanowienie Konferencji Epi\u00adskopatu Polski odno\u015bnie do nadzwyczajnego szafarza Komunii \u015bwi\u0119tej\u201d<\/em> z dnia 2 maja 1990 roku.<\/p>\n<p>Statut 342<\/p>\n<p>\u00a71. Kap\u0142ani mog\u0105 koncelebrowa\u0107 Eucharysti\u0119, o ile po\u017cytek wiernych nie wymaga odprawiania indywidualnego. Nale\u017cy zachowa\u0107 swobod\u0119 indywidualnego sprawowania Naj\u015bwi\u0119tszej Ofiary, ale nie podczas koncelebry w tym samym ko\u015bciele lub kaplicy.<br \/>\n\u00a72. Kap\u0142ani koncelebruj\u0105cy na przeistoczenie wyci\u0105gaj\u0105 praw\u0105 r\u0119k\u0119 w ge\u015bcie epikletycznym <em>(otwarta d\u0142o\u0144 skierowana ku do\u0142owi)<\/em>, a nie wskazuj\u0105cym.<br \/>\n\u00a73. Niedozwolone jest do\u0142\u0105czanie si\u0119 kap\u0142an\u00f3w do koncele\u00adbry ju\u017c po jej rozpocz\u0119ciu lub bez odpowiedniego stroju liturgicz\u00adnego.<br \/>\n\u00a74. Szczeg\u00f3lnym uznaniem powinna si\u0119 cieszy\u0107 koncelebra, w&nbsp;kt\u00f3rej bior\u0105 udzia\u0142 kap\u0142ani wraz ze swym biskupem, zw\u0142aszcza we Wielki Czwartek we Mszy Krzy\u017cma, czy te\u017c z okazji synodu, zjazd\u00f3w kap\u0142a\u0144skich lub wizytacji pasterskiej. Wtedy to ukazuje si\u0119 w spos\u00f3b bardziej wyrazisty znak jedno\u015bci kap\u0142a\u0144stwa i&nbsp;Ko\u015bcio\u0142a, kt\u00f3ry jest w\u0142a\u015bciwy ka\u017cdej koncelebrze.<\/p>\n<p>Statut 343.<\/p>\n<p>\u00a71. Ze wzgl\u0119du na uzasadnion\u0105 konieczno\u015b\u0107 duszpastersk\u0105 w&nbsp;Archidiecezji Przemyskiej wszyscy kap\u0142ani w parafiach maj\u0105 prawo binacji i trynacji Mszy \u015bwi\u0119tej w niedziele i \u015bwi\u0119ta naka\u00adzane <em>(tak\u017ce cywilnie zniesione)<\/em>.<br \/>\n\u00a72. Ponadto zezwala si\u0119 kap\u0142anom na binacj\u0119 Mszy \u015bwi\u0119tej w dni powszednie, w przypadkach rzeczywistej konieczno\u015bci duszpasterskiej <em>(np. z racji pogrzebu, \u015blubu, choroby innego ka\u00adp\u0142ana, pierwsze czwartki i pi\u0105tki miesi\u0105ca, itp.)<\/em>.<br \/>\n\u00a73. W wyj\u0105tkowych, uzasadnionych przypadkach, na podsta\u00adwie zgody Stolicy Apostolskiej, dopuszcza si\u0119 kwadrynacj\u0119.<br \/>\n\u00a74. Aplikacja kilku intencji mszalnych w dni powszednie na pro\u015bb\u0119 wiernych nie stanowi konieczno\u015bci duszpasterskiej, o kt\u00f3\u00adrej mowa w \u00a7&nbsp;2 niniejszego statutu. Binowanie lub trynowanie Mszy \u015bwi\u0119tej w takiej sytuacji jest nadu\u017cyciem.<\/p>\n<p>Statut 344.<\/p>\n<p>\u00a71. Kap\u0142an celebruj\u0105cy Msz\u0119 \u015bwi\u0119t\u0105 mo\u017ce przyj\u0105\u0107, zgodnie z&nbsp;prawem ko\u015bcielnym, sk\u0142adan\u0105 przez wiernych ofiar\u0119 z pro\u015bb\u0105 o&nbsp;odprawienie Mszy \u015bwi\u0119tej w&nbsp;okre\u015blonej intencji. Nie wolno jednak \u017c\u0105da\u0107 od wiernych zbyt wysokiej ofiary, a w wypadkach ludzi ubogich, kap\u0142an powinien aplikowa\u0107 ich intencj\u0119 bez przyjmowania stypendium.<br \/>\n\u00a72. Na \u017cyczenie zamawiaj\u0105cych odprawienie Mszy \u015bwi\u0119tej, kap\u0142an winien poinformowa\u0107 zgromadzonych na Eucharystii o&nbsp;in\u00adtencji sprawowanej ofiary.<br \/>\n\u00a73. Kap\u0142an celebruj\u0105cy Msz\u0119 \u015bwi\u0119t\u0105 wi\u0119cej razy w ci\u0105gu jed\u00adnego dnia, wyj\u0105wszy uroczysto\u015b\u0107 Bo\u017cego Narodzenia, mo\u017ce za\u00adtrzyma\u0107 dla siebie tylko jedn\u0105 ofiar\u0119, drug\u0105 za\u015b ma obowi\u0105zek przekaza\u0107 na seminarium duchowne. Nie wolno przyjmowa\u0107 ofiar z okazji Mszy \u015bwi\u0119tej trynowanych.<br \/>\n\u00a74. Kap\u0142an, kt\u00f3ry w danym dniu odprawia drug\u0105 Msz\u0119 \u015bwi\u0119t\u0105 w koncelebrze, nie mo\u017ce na ni\u0105 przyj\u0105\u0107 ofiary.<br \/>\n\u00a75. Ka\u017cdy kap\u0142an jest zobowi\u0105zany do sumiennego prowadzenia ksi\u0119gi intencji mszalnych, w kt\u00f3rej zapisuje Msze \u015bwi\u0119te przyj\u0119te do odprawienia, dat\u0119 ich odprawienia, intencje przekazane innym kap\u0142anom oraz wysoko\u015b\u0107 stypendium.<\/p>\n<p>Statut 345.<\/p>\n<p>Wyj\u0105tkow\u0105 trosk\u0105 duszpastersk\u0105 proboszcza i wszystkich ka\u00adp\u0142an\u00f3w parafialnych powinno by\u0107 przygotowanie i zaopatrzenie wiatykiem wiernych, znajduj\u0105cych si\u0119 w niebezpiecze\u0144stwie \u015bmierci.<\/p>\n<p>Statut 346.<\/p>\n<p>Czwartek, jako dzie\u0144 ustanowienia Eucharystii, a zw\u0142aszcza pierwszy w&nbsp;miesi\u0105cu, jest najbardziej w\u0142a\u015bciwym dniem dla d\u0142u\u017c\u00adszej adoracji Naj\u015bwi\u0119tszego Sakramentu <em>(np. na godzin\u0119 lub dwie przed Msz\u0105 \u015bwi\u0119t\u0105 wieczorn\u0105)<\/em> i do modlitw w&nbsp;intencji kap\u0142an\u00f3w oraz o nowe powo\u0142ania kap\u0142a\u0144skie i&nbsp;zakonne.<\/p>\n<p>Statut 347.<\/p>\n<p>\u00a71. Duszpasterze winni formowa\u0107 u&nbsp;wiernych, i to ju\u017c od pierwszych lat katechizacji, poczucie <em>sacrum<\/em> i postaw\u0119 adoracji wobec Eucharystii przez godne czci milczenie w ko\u015bcio\u0142ach, pe\u0142ne wiary przykl\u0119kanie i&nbsp;kl\u0119czenie przed tabernakulum, kr\u00f3tkie nawiedzenie Chrystusa obecnego w Naj\u015bwi\u0119tszym Sakramencie w&nbsp;drodze do szko\u0142y lub do pracy, trosk\u0119 o kwiaty przed tabernakulum, dba\u0142o\u015b\u0107 o czysto\u015b\u0107 i estetyk\u0119 wn\u0119trza ko\u015bcio\u0142a, itp.<br \/>\n\u00a72. Nale\u017cy wychowywa\u0107 wszystkich wiernych, dzieci i doros\u0142ych, do oddawania czci Chrystusowi w Eucharystii niesionej do chorego jako Wiatyk. Cze\u015b\u0107 t\u0119 wyra\u017ca si\u0119 mi\u0119dzy innymi przez ukl\u0119kni\u0119cie, gdy jest to mo\u017cliwe, przez g\u0142\u0119boki uk\u0142on, a&nbsp;u m\u0119\u017cczyzn dodatkowo przez zdj\u0119cie nakrycia g\u0142owy.<br \/>\n\u00a73. W sprawowaniu Eucharystii diakonom i wiernym \u015bwieckim nie wolno wypowiada\u0107 modlitw, zw\u0142aszcza modlitwy eucharystycznej, lub wykonywa\u0107 czynno\u015bci, kt\u00f3re s\u0105 w\u0142a\u015bciwe celebransowi.<\/p>\n<p>Statut 348.<\/p>\n<p>\u00a71. Ko\u015bcio\u0142y i kaplice, w kt\u00f3rych na spos\u00f3b sta\u0142y przechowuje si\u0119 Naj\u015bwi\u0119tszy Sakrament, winny by\u0107 codziennie otwarte, przynajmniej na kilka godzin, aby wierni mogli z \u0142atwo\u015bci\u0105 po\u015bwi\u0119ci\u0107 troch\u0119 czasu na adoracj\u0119.<br \/>\n\u00a72. Nale\u017cy r\u00f3wnocze\u015bnie zadba\u0107 o zabezpieczenie \u015bwi\u0105tyni, wykonuj\u0105c metalow\u0105 krat\u0119 lub drzwi z cz\u0119\u015bciowym przeszkleniem.<\/p>\n<p>Statut 349.<\/p>\n<p>\u00a71. Szczeg\u00f3ln\u0105 trosk\u0105 nale\u017cy otoczy\u0107 samo miejsce przechowywania Naj\u015bwi\u0119tszego Sakramentu. W ka\u017cdym ko\u015bciele i&nbsp;kaplicy, w kt\u00f3rych wierni gromadz\u0105 si\u0119 regularnie na Msz\u0119 \u015bwi\u0119t\u0105, winno znajdowa\u0107 si\u0119 jedno tabernakulum, umieszczone w&nbsp;dostojnej, dobrze widocznej, nale\u017cycie ozdobionej i odpo\u00adwiedniej dla modlitwy cz\u0119\u015bci wn\u0119trza \u015bwi\u0105tyni.<br \/>\n\u00a72. Tabernakulum winno by\u0107 pancerne, nieruchome, nieprze\u017aroczyste i zamkni\u0119te tak, by mo\u017cliwie ca\u0142kowicie wyklu\u00adczy\u0107 niebezpiecze\u0144stwo profanacji. Przed tabernakulum powinna \u015bwieci\u0107 si\u0119 wieczna lampka koloru czerwonego.<br \/>\n\u00a73. Duszpasterze s\u0105 zobowi\u0105zani do szczeg\u00f3lnej dba\u0142o\u015bci o&nbsp;estetyk\u0119 wn\u0119trza tabernakulum.<\/p>\n<p>Statut 350.<\/p>\n<p>Nale\u017cy zadba\u0107 o to, aby przechowywane w tabernakulum po\u00adstacie Eucharystyczne, by\u0142y odnawiane nie rzadziej ni\u017c co miesi\u0105c.<\/p>\n<p>Statut 351.<\/p>\n<p>\u00a71. W ko\u015bcio\u0142ach lub kaplicach, kt\u00f3re maj\u0105 zezwolenie na przechowywanie Naj\u015bwi\u0119tszego Sakramentu wolno dokonywa\u0107 wystawienia w puszce lub monstrancji z zachowaniem przepis\u00f3w liturgicznych.<br \/>\n\u00a72. Nale\u017cy pami\u0119ta\u0107, \u017ce przy wystawieniu Naj\u015bwi\u0119tszego Sakramentu w monstrancji zapala si\u0119 cztery albo sze\u015b\u0107 \u015bwiec i&nbsp;u\u017cywa si\u0119 kadzid\u0142a.<br \/>\n\u00a73. Przy wystawieniu w puszce zapala si\u0119 przynajmniej dwie \u015bwiece; mo\u017cna u\u017cy\u0107 kadzid\u0142a.<br \/>\n\u00a74. Raz w roku winno si\u0119 odbywa\u0107 d\u0142u\u017csze i uroczyste wystawienie Naj\u015bwi\u0119tszego Sakramentu zwane dot\u0105d nabo\u017ce\u0144stwem czterdziestogodzinnym.<br \/>\n\u00a75. W czasie wystawienia Naj\u015bwi\u0119tszego Sakramentu, je\u015bli przechodzi si\u0119 w poprzek osi wystawienia, przykl\u0119ka si\u0119 zasadni\u00adczo tylko na jedno kolano. Mo\u017cna jednak zachowa\u0107 stary zwyczaj kl\u0119kania na dwa kolana.<\/p>\n<p>Statut 352.<\/p>\n<p>\u00a71. Dla publicznego \u015bwiadectwa czci wobec Naj\u015bwi\u0119tszej Eucharystii w&nbsp;uroczysto\u015b\u0107 Cia\u0142a i Krwi Chrystusa <em>(Bo\u017ce Cia\u0142o)<\/em> odbywa si\u0119 procesja teoforyczna po drogach publicznych.<br \/>\n\u00a72. Uroczysto\u015b\u0107 Cia\u0142a i Krwi Chrystusa nale\u017cy przygotowa\u0107 z najwi\u0119ksz\u0105 staranno\u015bci\u0105. Jej punktem kulminacyjnym winna by\u0107 Msza \u015bwi\u0119ta z pe\u0142nym uczestnictwem wiernych.<br \/>\n\u00a73. W miejscowo\u015bciach, gdzie jest wi\u0119cej ni\u017c jedna parafia, dla podkre\u015blenia jedno\u015bci Ko\u015bcio\u0142a nale\u017cy organizowa\u0107 wsp\u00f3ln\u0105 procesj\u0119 Bo\u017cego Cia\u0142a.<\/p>\n<p>Statut 353.<\/p>\n<p>\u00a71. Procesje teoforyczne w Archidiecezji Przemyskiej odby\u00adwaj\u0105 si\u0119 r\u00f3wnie\u017c w oktawie Bo\u017cego Cia\u0142a oraz w uroczysto\u015b\u0107 Naj\u015bwi\u0119tszego Serca Pana Jezusa.<br \/>\n\u00a72. Duszpasterze i wierni, daj\u0105c wyraz swej g\u0142\u0119bokiej wiary w&nbsp;rzeczywist\u0105 obecno\u015b\u0107 Chrystusa w Eucharystii, z najwi\u0119ksz\u0105 pobo\u017cno\u015bci\u0105 winni dba\u0107 o podnios\u0142y charakter tak\u017ce innych procesji z Naj\u015bwi\u0119tszym Sakramentem, a zw\u0142aszcza procesji rezu\u00adrekcyjnej i procesji odpustowych.<br \/>\n\u00a73. Nale\u017cy zachowa\u0107 sypanie kwiat\u00f3w przez dzieci w czasie wszystkich procesji eucharystycznych oraz inne wyrazy czci Naj\u015bwi\u0119tszego Sakramentu <em>(u\u017cywanie dzwonk\u00f3w, obecno\u015b\u0107 honorowej stra\u017cy, palenie \u015bwiec itp.)<\/em>.<\/p>\n<p>Statut 354.<\/p>\n<p>\u00a71. Fotografowanie i filmowanie w czasie Mszy \u015bwi\u0119tej nale\u017cy tak wykona\u0107, aby nie rozprasza\u0107 skupienia modlitewnego wiernych i celebransa.<br \/>\n\u00a72. Fotografowanie i filmowanie mo\u017ce si\u0119 dokonywa\u0107 tylko za zgod\u0105 proboszcza, rektora ko\u015bcio\u0142a lub celebransa.<br \/>\n\u00a73. Pozwolenie, o kt\u00f3rym mowa w \u00a7&nbsp;2 daje si\u0119 tylko fotografom, kt\u00f3rzy odbyli odpowiednie przeszkolenie, potwier\u00addzone stosownym za\u015bwiadczeniem.<\/p>\n<\/div>\n","protected":false},"excerpt":{"rendered":"<p>Skoro odwiedzasz t\u0119 stron\u0119, znaczy to, \u017ce poszukujesz informacji o zam\u00f3wieniu intencji Mszy \u015bw. lub pomocy na temat dobrego i owocnego udzia\u0142u w Naj\u015bwi\u0119tszej Ofierze. Intencje mszalne zazwyczaj zamawiane s\u0105 w zakrystii lub kancelarii parafialnej. Bardzo cz\u0119sto wierni prosz\u0105 o ofiarowanie owoc\u00f3w Naj\u015bwi\u0119tszej Ofiary w okre\u015blonym dniu. Bie\u017c\u0105ce intencje mo\u017cna sprawdzi\u0107 na naszej stronie w [&hellip;]<\/p>\n","protected":false},"author":1,"featured_media":1087,"comment_status":"closed","ping_status":"open","sticky":false,"template":"","format":"standard","meta":{"ngg_post_thumbnail":0},"categories":[24],"tags":[],"_links":{"self":[{"href":"https:\/\/jedlicze.przemyska.pl\/index.php\/wp-json\/wp\/v2\/posts\/1086"}],"collection":[{"href":"https:\/\/jedlicze.przemyska.pl\/index.php\/wp-json\/wp\/v2\/posts"}],"about":[{"href":"https:\/\/jedlicze.przemyska.pl\/index.php\/wp-json\/wp\/v2\/types\/post"}],"author":[{"embeddable":true,"href":"https:\/\/jedlicze.przemyska.pl\/index.php\/wp-json\/wp\/v2\/users\/1"}],"replies":[{"embeddable":true,"href":"https:\/\/jedlicze.przemyska.pl\/index.php\/wp-json\/wp\/v2\/comments?post=1086"}],"version-history":[{"count":3,"href":"https:\/\/jedlicze.przemyska.pl\/index.php\/wp-json\/wp\/v2\/posts\/1086\/revisions"}],"predecessor-version":[{"id":1114,"href":"https:\/\/jedlicze.przemyska.pl\/index.php\/wp-json\/wp\/v2\/posts\/1086\/revisions\/1114"}],"wp:featuredmedia":[{"embeddable":true,"href":"https:\/\/jedlicze.przemyska.pl\/index.php\/wp-json\/wp\/v2\/media\/1087"}],"wp:attachment":[{"href":"https:\/\/jedlicze.przemyska.pl\/index.php\/wp-json\/wp\/v2\/media?parent=1086"}],"wp:term":[{"taxonomy":"category","embeddable":true,"href":"https:\/\/jedlicze.przemyska.pl\/index.php\/wp-json\/wp\/v2\/categories?post=1086"},{"taxonomy":"post_tag","embeddable":true,"href":"https:\/\/jedlicze.przemyska.pl\/index.php\/wp-json\/wp\/v2\/tags?post=1086"}],"curies":[{"name":"wp","href":"https:\/\/api.w.org\/{rel}","templated":true}]}}