{"id":1372,"date":"2021-01-23T19:45:22","date_gmt":"2021-01-23T18:45:22","guid":{"rendered":"https:\/\/jedlicze.przemyska.pl\/?p=1372"},"modified":"2021-01-23T18:59:13","modified_gmt":"2021-01-23T17:59:13","slug":"ogloszenia-duszpasterskie-iii-niedziela-zwykla-24-stycznia","status":"publish","type":"post","link":"https:\/\/jedlicze.przemyska.pl\/index.php\/2021\/01\/23\/ogloszenia-duszpasterskie-iii-niedziela-zwykla-24-stycznia\/","title":{"rendered":"Og\u0142oszenia duszpasterskie &#8211; III Niedziela zwyk\u0142a, 24 stycznia"},"content":{"rendered":"<p style=\"text-align: center;\"><b>III Niedziela zwyk\u0142a, 24 stycznia 2021 r.<\/b><\/p>\n<p style=\"text-align: center;\"><b>Og\u0142oszenia duszpasterskie<span class=\"Apple-converted-space\">&nbsp;<\/span><\/b><\/p>\n<ol>\n<li style=\"text-align: justify;\">Dzisiaj Niedziela S\u0142owa Bo\u017cego. Istnieje jeszcze mo\u017cliwo\u015b\u0107 nabycia <i>\u201eEwangelii na ka\u017cdy dzie\u0144\u201d<\/i>. Dzisiaj po Mszach \u015bw. zbi\u00f3rka do puszek na pomoc poszkodowanym w skutek trz\u0119sienia ziemi w Chorwacji.<span class=\"Apple-converted-space\">&nbsp;<\/span><\/li>\n<li style=\"text-align: justify;\">Jutro zako\u0144czenie Tygodnia Modlitw o Jedno\u015b\u0107 Chrze\u015bcijan. Kto w tym czasie uczestniczy\u0142 w jakim\u015b nabo\u017ce\u0144stwie z modlitw\u0105 o jedno\u015b\u0107 i we\u017amie udzia\u0142 w jutrzejszej Mszy \u015bw. mo\u017ce zyska\u0107 odpust zupe\u0142ny pod zwyk\u0142ymi warunkami.<\/li>\n<li style=\"text-align: justify;\">W <b>\u015brod\u0119<\/b> po Mszy \u015bw. wieczornej Nowenna do MB Nieustaj\u0105cej Pomocy.<\/li>\n<li style=\"text-align: justify;\">W <b>czwartek<\/b> od godz. <b>16:00<\/b> adoracja Naj\u015bwi\u0119tszego Sakramentu, o godz. <b>17:00<\/b> Msza \u015bw.<span class=\"Apple-converted-space\">&nbsp;<\/span><\/li>\n<li style=\"text-align: justify;\">Wyra\u017camy podzi\u0119kowanie za ofiary na Fundusz Inwestycyjny Parafii. W ubieg\u0142\u0105 niedziel\u0119 na tac\u0119 z\u0142o\u017cono 7.230 z\u0142. B\u00f3g zap\u0142a\u0107!<\/li>\n<li style=\"text-align: justify;\">Do nabycia prasa katolicka <i>Go\u015b\u0107 Niedzielny, Ma\u0142y Go\u015b\u0107 Niedzielny<\/i> i <i>Niedziela<\/i>. W <i>Go\u015bciu Niedzielym<\/i> m.in. artyku\u0142 o braku kontroli nad platformami cyfrowymi, lub o sposobach i efektach zdalnego nauczania. W <i>Ma\u0142ym Go\u015bciu Niedzielnym<\/i> podstawka pod smartfona i artyku\u0142 o wsp\u00f3\u0142czesnych pustelnikach.<\/li>\n<li style=\"text-align: justify;\">Wiele os\u00f3b pyta o mo\u017cliwo\u015b\u0107 zamawiania intencji, wi\u0119c informujemy, \u017ce kalendarz na rok bie\u017c\u0105cy jest ju\u017c zape\u0142niony i mo\u017cna zamawia\u0107 Msze \u015bw. na rok 2022.<span class=\"Apple-converted-space\">&nbsp;<\/span><\/li>\n<li style=\"text-align: justify;\">Za tydzie\u0144 w niedziel\u0119 <b>31 stycznia<\/b> po Mszy \u015bw. wieczornej odb\u0119dzie si\u0119 <b>koncert kol\u0119d<\/b> na organach, saksofonie i w wokalu. Zapraszamy do udzia\u0142u wraz z g\u0142\u00f3wnym organizatorem, kt\u00f3rym jest GOK w Jedliczu.<\/li>\n<li style=\"text-align: justify;\">W ubieg\u0142ym tygodniu do wieczno\u015bci odesz\u0142a \u015bp. Aleksandra BA\u017bYK ur. w 1964 r. z ul. G\u0142owackiego (pogrzeb w poniedzia\u0142ek). Polecajmy Zmar\u0142\u0105 Mi\u0142osierdziu Bo\u017cemu: \u201e<i>Wieczne odpoczywanie<\/i>&#8230;\u201d<\/li>\n<\/ol>\n","protected":false},"excerpt":{"rendered":"<p>III Niedziela zwyk\u0142a, 24 stycznia 2021 r. Og\u0142oszenia duszpasterskie&nbsp; Dzisiaj Niedziela S\u0142owa Bo\u017cego. Istnieje jeszcze mo\u017cliwo\u015b\u0107 nabycia \u201eEwangelii na ka\u017cdy dzie\u0144\u201d. Dzisiaj po Mszach \u015bw. zbi\u00f3rka do puszek na pomoc poszkodowanym w skutek trz\u0119sienia ziemi w Chorwacji.&nbsp; Jutro zako\u0144czenie Tygodnia Modlitw o Jedno\u015b\u0107 Chrze\u015bcijan. Kto w tym czasie uczestniczy\u0142 w jakim\u015b nabo\u017ce\u0144stwie z modlitw\u0105 o [&hellip;]<\/p>\n","protected":false},"author":2,"featured_media":654,"comment_status":"closed","ping_status":"open","sticky":false,"template":"","format":"standard","meta":{"ngg_post_thumbnail":0},"categories":[16,18,17],"tags":[],"_links":{"self":[{"href":"https:\/\/jedlicze.przemyska.pl\/index.php\/wp-json\/wp\/v2\/posts\/1372"}],"collection":[{"href":"https:\/\/jedlicze.przemyska.pl\/index.php\/wp-json\/wp\/v2\/posts"}],"about":[{"href":"https:\/\/jedlicze.przemyska.pl\/index.php\/wp-json\/wp\/v2\/types\/post"}],"author":[{"embeddable":true,"href":"https:\/\/jedlicze.przemyska.pl\/index.php\/wp-json\/wp\/v2\/users\/2"}],"replies":[{"embeddable":true,"href":"https:\/\/jedlicze.przemyska.pl\/index.php\/wp-json\/wp\/v2\/comments?post=1372"}],"version-history":[{"count":1,"href":"https:\/\/jedlicze.przemyska.pl\/index.php\/wp-json\/wp\/v2\/posts\/1372\/revisions"}],"predecessor-version":[{"id":1373,"href":"https:\/\/jedlicze.przemyska.pl\/index.php\/wp-json\/wp\/v2\/posts\/1372\/revisions\/1373"}],"wp:featuredmedia":[{"embeddable":true,"href":"https:\/\/jedlicze.przemyska.pl\/index.php\/wp-json\/wp\/v2\/media\/654"}],"wp:attachment":[{"href":"https:\/\/jedlicze.przemyska.pl\/index.php\/wp-json\/wp\/v2\/media?parent=1372"}],"wp:term":[{"taxonomy":"category","embeddable":true,"href":"https:\/\/jedlicze.przemyska.pl\/index.php\/wp-json\/wp\/v2\/categories?post=1372"},{"taxonomy":"post_tag","embeddable":true,"href":"https:\/\/jedlicze.przemyska.pl\/index.php\/wp-json\/wp\/v2\/tags?post=1372"}],"curies":[{"name":"wp","href":"https:\/\/api.w.org\/{rel}","templated":true}]}}