{"id":1392,"date":"2021-02-13T22:27:23","date_gmt":"2021-02-13T21:27:23","guid":{"rendered":"https:\/\/jedlicze.przemyska.pl\/?p=1392"},"modified":"2021-02-13T22:27:23","modified_gmt":"2021-02-13T21:27:23","slug":"ogloszenia-duszpasterskie-vi-niedziela-zwykla-14-lutego","status":"publish","type":"post","link":"https:\/\/jedlicze.przemyska.pl\/index.php\/2021\/02\/13\/ogloszenia-duszpasterskie-vi-niedziela-zwykla-14-lutego\/","title":{"rendered":"Og\u0142oszenia duszpasterskie &#8211; VI Niedziela zwyk\u0142a, 14 lutego"},"content":{"rendered":"<p style=\"text-align: center;\"><b>VI Niedziela zwyk\u0142a, 14 lutego 2021 r.<\/b><\/p>\n<p style=\"text-align: center;\"><b>Og\u0142oszenia duszpasterskie<span class=\"Apple-converted-space\">&nbsp;<\/span><\/b><\/p>\n<ol>\n<li style=\"text-align: justify;\">Dzisiaj rozpoczyna si\u0119 Tydzie\u0144 Trze\u017awo\u015bci. Zach\u0119camy do abstynencji i do modlitwy o trze\u017awo\u015b\u0107, za uzale\u017cnionych i ich rodziny. <span class=\"Apple-converted-space\">&nbsp;<\/span><\/li>\n<li style=\"text-align: justify;\">Zgodnie z wcze\u015bniejsz\u0105 zapowiedzi\u0105, dzisiaj po Mszach \u015bw. Caritas zbiera ofiary do puszek na pomoc p. Beacie \u015awiszcz &#8211; by\u0142ej nauczycielce, kt\u00f3ra zmaga si\u0119 z ci\u0119\u017ck\u0105 chorob\u0105. Koszt trzymiesi\u0119cznej kuracji przekracza 15 tys. z\u0142, a skuteczno\u015b\u0107 leczenia wymaga ponad rocznej terapii.<\/li>\n<li style=\"text-align: justify;\">W \u015brod\u0119 wypada <b>\u015aroda Popielcowa<\/b> rozpoczynaj\u0105ca Wielki Post. Msze \u015bw. o godz. <b>6:30, 7:00, 9:00 i 17:00<\/b>. Po Mszy \u015bw. wieczornej Nowenna do MB Nieustaj\u0105cej Pomocy. W czasie nabo\u017ce\u0144stw posypanie g\u0142\u00f3w popio\u0142em. W tym dniu obowi\u0105zuje post jako\u015bciowy i ilo\u015bciowy. <b>Wstrzemi\u0119\u017aliwo\u015b\u0107 od pokarm\u00f3w<\/b><b> mi\u0119snych<\/b> obowi\u0105zuje wszystkich, kt\u00f3rzy uko\u0144czyli <b>14 rok \u017cycia<\/b>, a <b>post ilo\u015bciowy<\/b> (3 pokarmy w ci\u0105gu dnia, w tym jeden do syta) obowi\u0105zuje wszystkich, kt\u00f3rzy uko\u0144czyli <b>18 rok \u017cycia<\/b>, a nie rozpocz\u0119li 60-tego.<span class=\"Apple-converted-space\">&nbsp;<\/span><\/li>\n<li style=\"text-align: justify;\">Od \u015brody do niedzieli wypadaj\u0105 Kwartalne Dni Modlitw o ducha pokuty.<span class=\"Apple-converted-space\">&nbsp; <\/span>W Wielkim Po\u015bcie zapraszamy na nabo\u017ce\u0144stwa pasyjne, za kt\u00f3re mo\u017cna zyskiwa\u0107 odpust zupe\u0142ny pod zwyk\u0142ymi warunkami. W <b>czwartek<\/b> o godz. <b>16:30<\/b> Droga Krzy\u017cowa <b>dla dzieci<\/b>. W <b>pi\u0105tek<\/b> po Mszy \u015bw. wieczornej<b> Droga Krzy\u017cowa<\/b> dla wszystkich, a o godz. <b>18:30 dla m\u0142odzie\u017cy<\/b>.<span class=\"Apple-converted-space\">&nbsp;<\/span><\/li>\n<li style=\"text-align: justify;\">W <b>czwartek<\/b> ze wzgl\u0119du na Drog\u0119 Krzy\u017cow\u0105 dla dzieci o godz. 16:30, <b>adoracja Naj\u015bwi\u0119tszego Sakramentu<\/b> b\u0119dzie <b>po Mszy \u015bw. wieczornej<\/b> do godz. 18:30.<\/li>\n<li style=\"text-align: justify;\">W niedziele Wielkiego Postu o godz. <b>16:00 Gorzkie \u017bale<\/b> z kazaniem pasyjnym i adoracj\u0105 krzy\u017ca przez poszczeg\u00f3lne stany z naszej parafii:<\/li>\n<\/ol>\n<ul style=\"text-align: justify;\">\n<li>I Niedziela Wielkiego Postu \u2013 m\u0119\u017cczy\u017ani<\/li>\n<li>II Niedziela Wielkiego Postu \u2013 kobiety<\/li>\n<li>III Niedziela Wielkiego Postu \u2013 m\u0142odzie\u017c m\u0119ska<\/li>\n<li>IV Niedziela Wielkiego Postu \u2013 m\u0142odzie\u017c \u017ce\u0144ska<\/li>\n<li>V Niedziela Wielkiego Postu \u2013 dzieci<span class=\"Apple-converted-space\">&nbsp;<\/span><\/li>\n<\/ul>\n<ol start=\"7\">\n<li style=\"text-align: justify;\">Do nabycia prasa katolicka <i>Go\u015b\u0107 Niedzielny,<\/i> <i>Niedziela, Mi\u0142ujcie si\u0119 i ChiT<\/i>. W <i>Go\u015bciu Niedzielym<\/i> m.in. artyku\u0142y: Jak dobrze rozpocz\u0105\u0107 Wielki Post, o grocie \u015bw. Marii Magdaleny gdzie nawraca si\u0119 francuska m\u0142odzie\u017c, w <i>Niedzieli <\/i>o nadziei dla os\u00f3b walcz\u0105cych o trze\u017awo\u015b\u0107, o kursach przedma\u0142\u017ce\u0144skich w czasie pandemii oraz praktyczne wskazania na Wielki Post, ChiT po\u015bwi\u0119cony jest \u015bw. J\u00f3zefowi.<span class=\"Apple-converted-space\">&nbsp;<\/span><\/li>\n<li style=\"text-align: justify;\">Za tydzie\u0144, w niedziel\u0119 sk\u0142adka na Fundusz Inwestycyjny. W czwartek w godz. 16:00 \u2013 18:00 w Domu Ludowym w D\u0142ugiem mo\u017cna wp\u0142aca\u0107 na Fundusz Budowy ko\u015bcio\u0142a filialnego w D\u0142ugiem-Por\u0119bach. Jednocze\u015bnie sk\u0142adamy podzi\u0119kowania za wp\u0142aty na konto 380 z\u0142 (6 os\u00f3b) i 430 z\u0142 do skrzynki. B\u00f3g zap\u0142a\u0107!<\/li>\n<li style=\"text-align: justify;\">GOPS w Jedliczu informuje o mo\u017cliwo\u015bci sk\u0142adania wniosk\u00f3w do 26 lutego br. na pomoc \u017cywno\u015bciow\u0105. Szczeg\u00f3\u0142y na tablicy og\u0142osze\u0144.<span class=\"Apple-converted-space\">&nbsp;<\/span><\/li>\n<li style=\"text-align: justify;\">W ubieg\u0142ym tygodniu do wieczno\u015bci odeszli: \u015bp. Alicja JANIK ur. w 1961 r. z Por\u0119b, \u015bp. Stanis\u0142aw FILIP ur. w 1932 r. z Chlebnej i \u015bp. W\u0142adys\u0142aw CHOCHO\u0141EK ur. w 1949 r. z Por\u0119b. Polecajmy Zmar\u0142ych Bo\u017cemu Mi\u0142osierdziu: <i>Wieczne odpoczywanie&#8230;<\/i><\/li>\n<\/ol>\n","protected":false},"excerpt":{"rendered":"<p>VI Niedziela zwyk\u0142a, 14 lutego 2021 r. Og\u0142oszenia duszpasterskie&nbsp; Dzisiaj rozpoczyna si\u0119 Tydzie\u0144 Trze\u017awo\u015bci. Zach\u0119camy do abstynencji i do modlitwy o trze\u017awo\u015b\u0107, za uzale\u017cnionych i ich rodziny. &nbsp; Zgodnie z wcze\u015bniejsz\u0105 zapowiedzi\u0105, dzisiaj po Mszach \u015bw. Caritas zbiera ofiary do puszek na pomoc p. Beacie \u015awiszcz &#8211; by\u0142ej nauczycielce, kt\u00f3ra zmaga si\u0119 z ci\u0119\u017ck\u0105 chorob\u0105. [&hellip;]<\/p>\n","protected":false},"author":2,"featured_media":0,"comment_status":"closed","ping_status":"open","sticky":false,"template":"","format":"standard","meta":{"ngg_post_thumbnail":0},"categories":[16,18,17],"tags":[],"_links":{"self":[{"href":"https:\/\/jedlicze.przemyska.pl\/index.php\/wp-json\/wp\/v2\/posts\/1392"}],"collection":[{"href":"https:\/\/jedlicze.przemyska.pl\/index.php\/wp-json\/wp\/v2\/posts"}],"about":[{"href":"https:\/\/jedlicze.przemyska.pl\/index.php\/wp-json\/wp\/v2\/types\/post"}],"author":[{"embeddable":true,"href":"https:\/\/jedlicze.przemyska.pl\/index.php\/wp-json\/wp\/v2\/users\/2"}],"replies":[{"embeddable":true,"href":"https:\/\/jedlicze.przemyska.pl\/index.php\/wp-json\/wp\/v2\/comments?post=1392"}],"version-history":[{"count":1,"href":"https:\/\/jedlicze.przemyska.pl\/index.php\/wp-json\/wp\/v2\/posts\/1392\/revisions"}],"predecessor-version":[{"id":1393,"href":"https:\/\/jedlicze.przemyska.pl\/index.php\/wp-json\/wp\/v2\/posts\/1392\/revisions\/1393"}],"wp:attachment":[{"href":"https:\/\/jedlicze.przemyska.pl\/index.php\/wp-json\/wp\/v2\/media?parent=1392"}],"wp:term":[{"taxonomy":"category","embeddable":true,"href":"https:\/\/jedlicze.przemyska.pl\/index.php\/wp-json\/wp\/v2\/categories?post=1392"},{"taxonomy":"post_tag","embeddable":true,"href":"https:\/\/jedlicze.przemyska.pl\/index.php\/wp-json\/wp\/v2\/tags?post=1392"}],"curies":[{"name":"wp","href":"https:\/\/api.w.org\/{rel}","templated":true}]}}