{"id":1397,"date":"2021-02-20T21:46:28","date_gmt":"2021-02-20T20:46:28","guid":{"rendered":"https:\/\/jedlicze.przemyska.pl\/?p=1397"},"modified":"2021-02-22T22:13:52","modified_gmt":"2021-02-22T21:13:52","slug":"ogloszenia-duszpasterskie-i-niedziela-wielkiego-postu-21-lutego","status":"publish","type":"post","link":"https:\/\/jedlicze.przemyska.pl\/index.php\/2021\/02\/20\/ogloszenia-duszpasterskie-i-niedziela-wielkiego-postu-21-lutego\/","title":{"rendered":"Og\u0142oszenia duszpasterskie &#8211; I Niedziela Wielkiego Postu, 21 lutego"},"content":{"rendered":"<p style=\"text-align: center;\"><b>I Niedziela Wielkiego Postu, 21 lutego 2021 r.<\/b><\/p>\n<p style=\"text-align: center;\"><b>Og\u0142oszenia duszpasterskie<span class=\"Apple-converted-space\">&nbsp;<\/span><\/b><\/p>\n<ol>\n<li style=\"text-align: justify;\">Dzisiaj zapraszamy jeszcze o godz. 16:00 na nabo\u017ce\u0144stwo <b>Gorzkich \u017bali <\/b>z kazaniem pasyjnym i adoracj\u0105 krzy\u017ca. Dzi\u015b krzy\u017c adorowa\u0107 b\u0119d\u0105 m\u0119\u017cczy\u017ani, a za tydzie\u0144 kobiety. Ze wzgl\u0119du na pandemi\u0119 parafianie nie b\u0119d\u0105 odwiedza\u0107 rodzin w sprawie zbi\u00f3rki na kwiaty do Bo\u017cego Grobu, tylko <b>w czasie Gorzkich \u017bali<\/b> b\u0119dzie <b>sk\u0142adka<\/b> z przeznaczeniem <b>na dekoracje \u015bwi\u0105teczn\u0105<\/b>, ofiary indywidualne mo\u017cna te\u017c przekazywa\u0107 Siostrom Zakonnym. Dzisiejsza sk\u0142adka przeznaczona jest na Fundusz Inwestycyjny Parafii. Pomimo zimy podejmowane s\u0105 prace remontowe na plebanii, dlatego za ka\u017cd\u0105 ofiar\u0119 sk\u0142adamy podzi\u0119kowanie: B\u00f3g zap\u0142a\u0107!<\/li>\n<li style=\"text-align: justify;\">W <b>\u015brod\u0119<\/b> o godz. <b>16:15<\/b> Rodzina Szkaplerzna i Ko\u0142o Przyjaci\u00f3\u0142 Radia Maryja zapraszaj\u0105 na wsp\u00f3ln\u0105 modlitw\u0119, a po Mszy \u015bw. wieczornej Nowenna do MB Nieustaj\u0105cej Pomocy.<span class=\"Apple-converted-space\">&nbsp;<\/span><\/li>\n<li style=\"text-align: justify;\">W <b>czwartek<\/b> o godz. <b>16:30<\/b> Droga Krzy\u017cowa <b>dla dzieci<\/b>. Serdecznie zapraszamy dzieci do udzia\u0142u w tym nabo\u017ce\u0144stwie. Za udzia\u0142 w Drodze Krzy\u017cowej dzieci zbieraj\u0105 obrazki do ksi\u0105\u017ceczki z rozwa\u017caniami M\u0119ki Pa\u0144skiej. W <b>pi\u0105tek<\/b> po Mszy \u015bw. wieczornej<b> Droga Krzy\u017cowa<\/b> dla wszystkich, a o godz. <b>18:30 dla m\u0142odzie\u017cy<\/b>.<span class=\"Apple-converted-space\">&nbsp;<\/span><\/li>\n<li style=\"text-align: justify;\">Przypominamy, \u017ce w <b>czwartek<\/b> ze wzgl\u0119du na Drog\u0119 Krzy\u017cow\u0105 dla dzieci o godz. 16:30, <b>adoracja Naj\u015bwi\u0119tszego Sakramentu<\/b> jest <b>po Mszy \u015bw. wieczornej<\/b> do godz. 18:30. Taki porz\u0105dek modlitewny b\u0119dzie przez Wielki Post. Zach\u0119camy, aby w roku Eucharystii, a tym bardziej w okresie wielkopostnym znale\u017a\u0107 czas na wyciszenie i osobist\u0105 adoracj\u0119.<span class=\"Apple-converted-space\">&nbsp;<\/span><\/li>\n<li style=\"text-align: justify;\">Do nabycia prasa katolicka <i>Go\u015b\u0107 Niedzielny, Ma\u0142y Go\u015b\u0107 Niedzielny <\/i>i <i>Niedziela.<\/i> W <i>Go\u015bciu Niedzielnym<\/i> pocz\u0105tek rekolekcji pod has\u0142em \u201eKt\u00f3ry\u015b za nas cierpia\u0142\u201d, rozmowa z ks. Kralk\u0105 o przysz\u0142o\u015bci chrze\u015bcijan, w <i>Ma\u0142ym Go\u015bciu<\/i> m.in. artyku\u0142y o spowiedzi na pocz\u0105tek Wielkiego Postu i najg\u0142\u0119bszym basenie \u015bwiata, kt\u00f3ry znajduje si\u0119 w Polsce i jest miejscem do nauki nurkowania, w <i>Niedzieli <\/i>\u015bwiadectwa znanych os\u00f3b na temat wyrzecze\u0144 wielkopostnych oraz o pokucie jako desce ratunku.<\/li>\n<li style=\"text-align: justify;\">Za tydzie\u0144 zbi\u00f3rka do puszek na misje <i>Ad gentes<\/i>.<span class=\"Apple-converted-space\">&nbsp;<\/span><\/li>\n<li style=\"text-align: justify;\">Pani Beata \u015awiszcz dla kt\u00f3rej na leczenie by\u0142a zbi\u00f3rka do puszek w ubieg\u0142\u0105 niedziel\u0119 wyra\u017ca podzi\u0119kowanie wszystkim darczy\u0144com. S\u0142owa wdzi\u0119czno\u015bci zamieszczone s\u0105 na tablicy og\u0142osze\u0144.<\/li>\n<li style=\"text-align: justify;\">W tym tygodniu zosta\u0142a powo\u0142ana nowa <b>Rada Duszpasterska<\/b>. Dzi\u0119kujemy za oddane w jesieni g\u0142osy, a osobom, kt\u00f3re pozytywnie odpowiedzia\u0142y na zaproszenie do wsp\u00f3\u0142pracy z kap\u0142anami \u017cyczymy odwagi i gorliwo\u015bci w budowaniu dobra parafii. Aktualnie w sk\u0142ad Rady Duszpasterskiej wchodz\u0105: Bril Joanna, Caban Waldemar, Cudo Maria, Czech Robert, Czeka\u0144ski Mariusz, Gancarz Zdzis\u0142aw, G\u0119siak S\u0142awomir, Gorczyca Teresa, Krawczyk Pawe\u0142, Ocha\u0142a Stanis\u0142awa, Orzechowski Jerzy, Pelc Janusz, Stasik Stanis\u0142aw, Subik Henryk, \u015awi\u0105tek Piotr i Zio\u0142o Andrzej.<\/li>\n<\/ol>\n","protected":false},"excerpt":{"rendered":"<p>I Niedziela Wielkiego Postu, 21 lutego 2021 r. Og\u0142oszenia duszpasterskie&nbsp; Dzisiaj zapraszamy jeszcze o godz. 16:00 na nabo\u017ce\u0144stwo Gorzkich \u017bali z kazaniem pasyjnym i adoracj\u0105 krzy\u017ca. Dzi\u015b krzy\u017c adorowa\u0107 b\u0119d\u0105 m\u0119\u017cczy\u017ani, a za tydzie\u0144 kobiety. Ze wzgl\u0119du na pandemi\u0119 parafianie nie b\u0119d\u0105 odwiedza\u0107 rodzin w sprawie zbi\u00f3rki na kwiaty do Bo\u017cego Grobu, tylko w czasie [&hellip;]<\/p>\n","protected":false},"author":2,"featured_media":0,"comment_status":"closed","ping_status":"open","sticky":false,"template":"","format":"standard","meta":{"ngg_post_thumbnail":0},"categories":[1],"tags":[],"_links":{"self":[{"href":"https:\/\/jedlicze.przemyska.pl\/index.php\/wp-json\/wp\/v2\/posts\/1397"}],"collection":[{"href":"https:\/\/jedlicze.przemyska.pl\/index.php\/wp-json\/wp\/v2\/posts"}],"about":[{"href":"https:\/\/jedlicze.przemyska.pl\/index.php\/wp-json\/wp\/v2\/types\/post"}],"author":[{"embeddable":true,"href":"https:\/\/jedlicze.przemyska.pl\/index.php\/wp-json\/wp\/v2\/users\/2"}],"replies":[{"embeddable":true,"href":"https:\/\/jedlicze.przemyska.pl\/index.php\/wp-json\/wp\/v2\/comments?post=1397"}],"version-history":[{"count":2,"href":"https:\/\/jedlicze.przemyska.pl\/index.php\/wp-json\/wp\/v2\/posts\/1397\/revisions"}],"predecessor-version":[{"id":1399,"href":"https:\/\/jedlicze.przemyska.pl\/index.php\/wp-json\/wp\/v2\/posts\/1397\/revisions\/1399"}],"wp:attachment":[{"href":"https:\/\/jedlicze.przemyska.pl\/index.php\/wp-json\/wp\/v2\/media?parent=1397"}],"wp:term":[{"taxonomy":"category","embeddable":true,"href":"https:\/\/jedlicze.przemyska.pl\/index.php\/wp-json\/wp\/v2\/categories?post=1397"},{"taxonomy":"post_tag","embeddable":true,"href":"https:\/\/jedlicze.przemyska.pl\/index.php\/wp-json\/wp\/v2\/tags?post=1397"}],"curies":[{"name":"wp","href":"https:\/\/api.w.org\/{rel}","templated":true}]}}