{"id":1400,"date":"2021-02-27T19:45:10","date_gmt":"2021-02-27T18:45:10","guid":{"rendered":"https:\/\/jedlicze.przemyska.pl\/?p=1400"},"modified":"2021-03-01T18:57:39","modified_gmt":"2021-03-01T17:57:39","slug":"ogloszenia-duszpasterskie-ii-niedziela-wielkiego-postu-28-lutego","status":"publish","type":"post","link":"https:\/\/jedlicze.przemyska.pl\/index.php\/2021\/02\/27\/ogloszenia-duszpasterskie-ii-niedziela-wielkiego-postu-28-lutego\/","title":{"rendered":"Og\u0142oszenia duszpasterskie &#8211; II Niedziela Wielkiego Postu, 28 lutego"},"content":{"rendered":"<p style=\"text-align: center;\"><b>II Niedziela Wielkiego Postu, 28 lutego 2021 r.<\/b><\/p>\n<p style=\"text-align: center;\"><b>Og\u0142oszenia duszpasterskie<span class=\"Apple-converted-space\">&nbsp;<\/span><\/b><\/p>\n<ol>\n<li style=\"text-align: justify;\">Dzisiaj zgodnie z wcze\u015bniejsz\u0105 zapowiedzi\u0105 po Mszach \u015bw. jest zbi\u00f3rka do puszek na misje <i>Ad gentes<\/i>. Ponadto na misje mo\u017cna przekaza\u0107 1% podatku, szczeg\u00f3\u0142y na ulotce z ty\u0142u ko\u015bcio\u0142a. <b>Dzisiaj<\/b> zapraszamy jeszcze o godz. <b>16:00<\/b> na nabo\u017ce\u0144stwo <b>Gorzkich \u017bali <\/b>z kazaniem pasyjnym i adoracj\u0105 krzy\u017ca. Dzi\u015b krzy\u017c adorowa\u0107 b\u0119d\u0105 kobiety, a za tydzie\u0144 m\u0142odzie\u017c m\u0119ska (szczeg\u00f3lnie zapraszamy m\u0142odzie\u017c, kt\u00f3ra w ubieg\u0142ym roku mia\u0142a przyst\u0105pi\u0107 do bierzmowania).<span class=\"Apple-converted-space\">&nbsp;<\/span><\/li>\n<li style=\"text-align: justify;\">Ze wzgl\u0119du na pandemi\u0119 ofiary na kwiaty do Bo\u017cego Grobu nie b\u0119d\u0105 zbierane jak dotychczas, tylko <b>w czasie Gorzkich \u017bali<\/b> b\u0119dzie <b>sk\u0142adka<\/b> z przeznaczeniem <b>na dekoracje \u015bwi\u0105teczn\u0105<\/b>. Ofiary indywidualne mo\u017cna te\u017c przekazywa\u0107 Siostrom Zakonnym lub sk\u0142ada\u0107 do skarbony przy ostatnich \u0142awkach.<span class=\"Apple-converted-space\">&nbsp;<\/span><\/li>\n<li style=\"text-align: justify;\">Sk\u0142adamy serdeczne podzi\u0119kowanie za ofiary zbierane w ubieg\u0142\u0105 niedziel\u0119 na Fundusz Inwestycyjny. Zebrano kwot\u0119 6.630 z\u0142. Dzi\u0119kujemy r\u00f3wnie\u017c za ofiary na budow\u0119 ko\u015bcio\u0142a filialnego w D\u0142ugiem \u2013 Por\u0119bach na konto 10 os\u00f3b w sumie wp\u0142aci\u0142o 1.440 z\u0142, a do skarbony z\u0142o\u017cono 716 z\u0142. B\u00f3g zap\u0142a\u0107!<\/li>\n<li style=\"text-align: justify;\">W <b>\u015brod\u0119<\/b> po Mszy \u015bw. wieczornej Nowenna do MB Nieustaj\u0105cej Pomocy.<span class=\"Apple-converted-space\">&nbsp;<\/span><\/li>\n<li style=\"text-align: justify;\">W <b>czwartek<\/b> o godz. <b>16:30<\/b> Droga Krzy\u017cowa <b>dla dzieci<\/b>. Serdecznie zapraszamy dzieci do udzia\u0142u w tym nabo\u017ce\u0144stwie. Za udzia\u0142 w Drodze Krzy\u017cowej dzieci zbieraj\u0105 obrazki do ksi\u0105\u017ceczki z rozwa\u017caniami M\u0119ki Pa\u0144skiej. W <b>pi\u0105tek<\/b> po Mszy \u015bw. wieczornej<b> Droga Krzy\u017cowa<\/b> dla wszystkich, a o godz. <b>18:30 dla m\u0142odzie\u017cy<\/b>.<span class=\"Apple-converted-space\">&nbsp;<\/span><\/li>\n<li style=\"text-align: justify;\">W tym tygodniu wypada pierwszy czwartek, pi\u0105tek i sobota miesi\u0105ca. Odwiedziny chorych w pi\u0105tek od godz. 8:00. <b>Spowied\u017a<\/b> w czwartek od godz. 16:00 i po Mszy \u015bw. podczas adoracji. W pi\u0105tek spowied\u017a od godz. 6:00 d0 7:00 i po po\u0142udniu od godz. 15:30. Przypominamy, \u017ce w <b>czwartek<\/b> ze wzgl\u0119du na Drog\u0119 Krzy\u017cow\u0105 dla dzieci o godz. 16:30, <b>adoracja Naj\u015bwi\u0119tszego Sakramentu<\/b> jest <b>po Mszy \u015bw. wieczornej<\/b> do godz. 18:30.<span class=\"Apple-converted-space\">&nbsp;<\/span><\/li>\n<li style=\"text-align: justify;\">Za tydzie\u0144 niedziela adoracyjna i zmiana tajemnic r\u00f3\u017ca\u0144cowych.<span class=\"Apple-converted-space\">&nbsp;<\/span><\/li>\n<li style=\"text-align: justify;\">Do nabycia prasa katolicka <i>Go\u015b\u0107 Niedzielny <\/i>i <i>Niedziela.<\/i> W <i>Go\u015bciu Niedzielnym<\/i> 2 cz. rekolekcji z ks. Blachnickim, oraz o pomocy Ko\u015bcio\u0142a dla niep\u0142odnych ma\u0142\u017ce\u0144stw i ciekawy program ascetyczny dla m\u0119\u017cczyzn, w <i>Niedzieli <\/i>Jak chroni\u0107 dziecko przed pedofili\u0105, o zawierzaniu si\u0119 Sercu Jezusa i wielkopostny poradnik. Ponadto jest bezp\u0142atny egzemplarz Dobrych nowin. Zach\u0119camy do nabywania i lektury prasy katolickiej. Za tydzie\u0144 b\u0119dzie numer specjalny <i>Go\u015bcia Niedzielnego<\/i> po\u015bwi\u0119cony \u015bw. J\u00f3zefowi, patronowi tego roku.<span class=\"Apple-converted-space\">&nbsp;<\/span><\/li>\n<li style=\"text-align: justify;\">Do nabycia s\u0105 paschaliki Caritas (8 z\u0142) i s\u0142oiczki miodu (10 z\u0142).<span class=\"Apple-converted-space\">&nbsp;<\/span><\/li>\n<li style=\"text-align: justify;\">Dyrekcja SP w Jedliczu informuje, \u017ce do oddzia\u0142u przedszkolnego i klasy pierwszej z terenu gminy Jedlicza na rok 2021\/2022 zapisy odbywa\u0107 si\u0119 b\u0119d\u0105 od 22 lutego do 5 marca br. do godz. 14:30. Potrzebne dokumenty s\u0105 do pobrania w sekretariacie lub stronie internetowej szko\u0142y.<span class=\"Apple-converted-space\">&nbsp;<\/span><\/li>\n<li style=\"text-align: justify;\">W tym tygodniu do wieczno\u015bci odeszli: \u015bp. Maria FIC z ul. \u0141ukasiewicza ur. w 1938 r., \u015bp. Andrzej GRZELI\u0143SKI z Chlebnej ur. w 1970 r., \u015bp. Krystyna MAR\u0106 z ul. Ko\u015bciuszki ur. w 1957 r., \u015bp. Jadwiga KLATKA z D\u0142ugiego ur. w 1934 r. i \u015bp. Czes\u0142aw NOWAK z D\u0142ugiego ur. w 1947 r.. Polecajmy Zmar\u0142ych Bo\u017cemu Mi\u0142osierdziu: <i>Wieczne odpoczywanie&#8230;<\/i><\/li>\n<\/ol>\n","protected":false},"excerpt":{"rendered":"<p>II Niedziela Wielkiego Postu, 28 lutego 2021 r. Og\u0142oszenia duszpasterskie&nbsp; Dzisiaj zgodnie z wcze\u015bniejsz\u0105 zapowiedzi\u0105 po Mszach \u015bw. jest zbi\u00f3rka do puszek na misje Ad gentes. Ponadto na misje mo\u017cna przekaza\u0107 1% podatku, szczeg\u00f3\u0142y na ulotce z ty\u0142u ko\u015bcio\u0142a. Dzisiaj zapraszamy jeszcze o godz. 16:00 na nabo\u017ce\u0144stwo Gorzkich \u017bali z kazaniem pasyjnym i adoracj\u0105 krzy\u017ca. [&hellip;]<\/p>\n","protected":false},"author":2,"featured_media":0,"comment_status":"closed","ping_status":"open","sticky":false,"template":"","format":"standard","meta":{"ngg_post_thumbnail":0},"categories":[16,18,17],"tags":[],"_links":{"self":[{"href":"https:\/\/jedlicze.przemyska.pl\/index.php\/wp-json\/wp\/v2\/posts\/1400"}],"collection":[{"href":"https:\/\/jedlicze.przemyska.pl\/index.php\/wp-json\/wp\/v2\/posts"}],"about":[{"href":"https:\/\/jedlicze.przemyska.pl\/index.php\/wp-json\/wp\/v2\/types\/post"}],"author":[{"embeddable":true,"href":"https:\/\/jedlicze.przemyska.pl\/index.php\/wp-json\/wp\/v2\/users\/2"}],"replies":[{"embeddable":true,"href":"https:\/\/jedlicze.przemyska.pl\/index.php\/wp-json\/wp\/v2\/comments?post=1400"}],"version-history":[{"count":2,"href":"https:\/\/jedlicze.przemyska.pl\/index.php\/wp-json\/wp\/v2\/posts\/1400\/revisions"}],"predecessor-version":[{"id":1405,"href":"https:\/\/jedlicze.przemyska.pl\/index.php\/wp-json\/wp\/v2\/posts\/1400\/revisions\/1405"}],"wp:attachment":[{"href":"https:\/\/jedlicze.przemyska.pl\/index.php\/wp-json\/wp\/v2\/media?parent=1400"}],"wp:term":[{"taxonomy":"category","embeddable":true,"href":"https:\/\/jedlicze.przemyska.pl\/index.php\/wp-json\/wp\/v2\/categories?post=1400"},{"taxonomy":"post_tag","embeddable":true,"href":"https:\/\/jedlicze.przemyska.pl\/index.php\/wp-json\/wp\/v2\/tags?post=1400"}],"curies":[{"name":"wp","href":"https:\/\/api.w.org\/{rel}","templated":true}]}}