{"id":1421,"date":"2021-03-20T19:53:43","date_gmt":"2021-03-20T18:53:43","guid":{"rendered":"https:\/\/jedlicze.przemyska.pl\/?p=1421"},"modified":"2021-03-21T08:46:01","modified_gmt":"2021-03-21T07:46:01","slug":"ogloszenia-duszpasterskie-v-niedziela-wielkiego-postu-21-marca","status":"publish","type":"post","link":"https:\/\/jedlicze.przemyska.pl\/index.php\/2021\/03\/20\/ogloszenia-duszpasterskie-v-niedziela-wielkiego-postu-21-marca\/","title":{"rendered":"Og\u0142oszenia duszpasterskie &#8211; V Niedziela Wielkiego Postu, 21 marca"},"content":{"rendered":"<p style=\"text-align: center;\"><b>V Niedziela Wielkiego Postu, 21 marca 2021 r.<\/b><\/p>\n<p style=\"text-align: center;\"><b>Og\u0142oszenia duszpasterskie<span class=\"Apple-converted-space\">&nbsp;<\/span><\/b><\/p>\n<ol>\n<li style=\"text-align: justify;\">Ko\u0144czymy dzi\u015b rekolekcje wielkopostne i sk\u0142adamy serdeczne podzi\u0119kowania ks. prof. Norbertowi Podhoreckiemu za s\u0142owa budz\u0105ce refleksj\u0119 i prowadz\u0105ce do \u017cywej wiary.<\/li>\n<li style=\"text-align: justify;\"><b>Dzisiaj<\/b> zapraszamy jeszcze o godz. <b>16:00<\/b> na nabo\u017ce\u0144stwo <b>Gorzkich \u017bali <\/b>z kazaniem pasyjnym i adoracj\u0105 krzy\u017ca. Dzi\u015b krzy\u017c adorowa\u0107 b\u0119d\u0105 dzieci wraz z rodzicami, a za tydzie\u0144 adoracja krzy\u017ca dla wszystkich.<span class=\"Apple-converted-space\">&nbsp;<\/span><\/li>\n<li style=\"text-align: justify;\"><b>W czasie Gorzkich \u017bali<\/b> zbierana jest <b>sk\u0142adka<\/b> z przeznaczeniem <b>na dekoracj\u0119 \u015bwi\u0105teczn\u0105<\/b>. Ofiary indywidualne mo\u017cna te\u017c przekazywa\u0107 Siostrom Zakonnym lub sk\u0142ada\u0107 do skarbony przy ostatnich \u0142awkach. Dzisiejsza taca przeznaczona na Fundusz Inwestycyjny Parafii. B\u00f3g zap\u0142a\u0107 za ka\u017cd\u0105 ofiar\u0119!<\/li>\n<li style=\"text-align: justify;\">Jutro, w poniedzia\u0142ek w godz. 16:00-18:00 w Domu Ludowym w D\u0142ugiem mo\u017cna wp\u0142aca\u0107 na budow\u0119 ko\u015bcio\u0142a filialnego w D\u0142ugiem \u2013 Por\u0119bach.<\/li>\n<li style=\"text-align: justify;\">W <b>\u015brod\u0119<\/b> o godz. <b>16:15<\/b> spotkanie Ko\u0142a Przyjaci\u00f3\u0142 Radia Maryja i Grupy Szkaplerznej, po Mszy \u015bw. wieczornej Nowenna do MB Nieustaj\u0105cej Pomocy. W \u015brod\u0119 po nabo\u017ce\u0144stwie zbi\u00f3rka ministrant\u00f3w.<\/li>\n<li style=\"text-align: justify;\"><b>Droga Krzy\u017cowa <\/b>dla<b> <\/b>dzieci<b> <\/b>w <b>czwartek<\/b> o godz. <b>16:30, <\/b>dla wszystkich w <b>pi\u0105tek<\/b> po Mszy \u015bw. wieczornej, a o godz. <b>18:30 dla m\u0142odzie\u017cy<\/b>.<span class=\"Apple-converted-space\">&nbsp;<\/span><\/li>\n<li style=\"text-align: justify;\">W <b>czwartek<\/b> wypada <b>Uroczysto\u015b\u0107 Zwiastowania Pa\u0144skiego<\/b> \u2013 Dzie\u0144 \u015awi\u0119to\u015bci \u017bycia. Na Mszy \u015bw. o godz. 17:00 b\u0119dzie przyj\u0119cie do <b>Adopcji Duchowej<\/b>, (deklaracje do pobrania z o\u0142tarzy bocznych). Czwartkowa <b>adoracja Naj\u015bwi\u0119tszego Sakramentu<\/b> jest <b>po Mszy \u015bw. wieczornej<\/b> do godz. 18:30.<span class=\"Apple-converted-space\">&nbsp;Podczas adoracji istnieje mo\u017cliwo\u015b\u0107 spowiedzi, ponadto w pi\u0105tek i sobot\u0119 kap\u0142ani b\u0119d\u0105 w konfesjona\u0142ach od godz. 15:30.<\/span><\/li>\n<li style=\"text-align: justify;\">Pojawi\u0142a si\u0119 pro\u015bba o udzielanie w naszym ko\u015bciele Komunii \u015bw. na r\u0119k\u0119. Informujemy zatem, \u017ce taka forma jest mo\u017cliwa i ka\u017cdy kto przyst\u0119puje do Komunii z wyci\u0105gni\u0119tymi d\u0142o\u0144mi otrzyma Cia\u0142o Pa\u0144skie. Przypominamy jednak, i\u017c kap\u0142ani przed rozdzielaniem Eucharystii dezynfekuj\u0105 d\u0142onie i bezpieczniej jest przyj\u0105\u0107 Komuni\u0119 bezpo\u015brednio do ust, bez dodatkowego kontaktu z d\u0142o\u0144mi innych os\u00f3b, kt\u00f3re przecie\u017c podczas Mszy \u015bw. dotykaj\u0105 r\u00f3\u017cnych przedmiot\u00f3w i powierzchni. Zatem spos\u00f3b pobo\u017cnego przyjmowania Komunii \u015bw. pozostawiamy wiernym.<\/li>\n<li style=\"text-align: justify;\">W zwi\u0105zku ze zbli\u017caj\u0105cymi \u015bwi\u0119tami i udogodnieniem w przyjmowaniu Komunii \u015bw. od nast\u0119pnego tygodnia <b>w niedziele<\/b> Komunia \u015bw. b\u0119dzie udzielana przez \u015brodek ko\u015bcio\u0142a oraz w nawach bocznych. W nawie g\u0142\u00f3wnej prosimy ustawia\u0107 si\u0119 w dw\u00f3ch rz\u0119dach twarz\u0105 do \u015brodka, a Komuni\u0119 przyjmowa\u0107 w postawie stoj\u0105cej, za\u015b kap\u0142ani b\u0119d\u0105 podchodzi\u0107 do ka\u017cdego indywidualnie, natomiast w nawach bocznych prosimy o podchodzenie procesyjne do ksi\u0119dza ustawionego na wysoko\u015bci o\u0142tarza Matki Bo\u017cej. W dni powszednie Komunia \u015bw. udzielana jest przy balaskach.<span class=\"Apple-converted-space\">&nbsp;<\/span><\/li>\n<li style=\"text-align: justify;\">W ubieg\u0142\u0105 sobot\u0119 odby\u0142o si\u0119 porz\u0105dkowanie obej\u015bcia ko\u015bcio\u0142a. Dzi\u0119kujemy p. Rados\u0142awowi Ordynie, p. Paw\u0142owi i Piotrowi Krawczykom oraz m\u0142odzie\u017cy z KSM-u i ministrantom. B\u00f3g zap\u0142a\u0107!<\/li>\n<li style=\"text-align: justify;\">Za tydzie\u0144 Niedziela Palmowa, w czasie Mszy \u015bw. po\u015bwi\u0119cenie palm. Na Mszy \u015bw. o godz. 11:00 i 12:30 po\u015bwi\u0119cenie palm b\u0119dzie w kaplicy \u015bw. Antoniego, dlatego osoby, kt\u00f3re przynios\u0105 palmy prosimy, aby tam si\u0119 zgromadzi\u0142y, by p\u00f3\u017aniej w procesji przej\u015b\u0107 przez ko\u015bci\u00f3\u0142.<span class=\"Apple-converted-space\">&nbsp;<\/span><\/li>\n<li style=\"text-align: justify;\">W nocy z soboty na niedziel\u0119 zmiana czasu na letni. Msze \u015bw. wieczorne b\u0119d\u0105 o godz. 18:00. A Gorzkie \u017bale za tydzie\u0144 w niedziel\u0119 o 17:00.<\/li>\n<li style=\"text-align: justify;\">Do nabycia prasa katolicka <i>Go\u015b\u0107 Niedzielny <\/i>i <i>Niedziela.<\/i> Jest jeszcze dost\u0119pny numer <i>Go\u015bcia Niedzielnego<\/i> po\u015bwi\u0119cony jest w ca\u0142o\u015bci \u015bw. J\u00f3zefowi, patronowi tego roku.<\/li>\n<li style=\"text-align: justify;\">Do nabycia s\u0105 jeszcze paschaliki Caritas (8 z\u0142) i mi\u00f3d (10 z\u0142).<\/li>\n<li style=\"text-align: justify;\">Za tydzie\u0144 po Mszach \u015bw. b\u0119dzie zbi\u00f3rka do puszek na Pola Nadziei prowadzone przez Bractwo \u015bw. \u0141azarza. Tegoroczna zbi\u00f3rka jest wsparciem dla Hospicjum w Kro\u015bnie.<span class=\"Apple-converted-space\">&nbsp;<\/span><\/li>\n<li style=\"text-align: justify;\">Do sakramentu ma\u0142\u017ce\u0144stwa przygotowuj\u0105 si\u0119: Tomasz M\u0142ocek i Barbara Patlewicz z naszej parafii oraz Tomasz Pawe\u0142 Kubacki<span class=\"Apple-converted-space\">&nbsp; <\/span>z naszej parafii i Arleta Anna Gierlicka z par. \u0141ubno Opace, a tak\u017ce Norbert Sty\u015b z par. Tarnowiec i \u0141ucja Trybus z naszej parafii. Zapowiedzi I.<\/li>\n<li style=\"text-align: justify;\">W tym tygodniu na miejsce wiecznego spoczynku odprowadzili\u015bmy: \u015bp. Edwarda UJM\u0118 z ul. Trzecieskiego ur. w 1945 r., \u015bp. Grzegorza D\u0141UGOSZA z Jas\u0142a ur. w 1973 r. i \u015bp. Mari\u0119 S\u0141ABIK z ul. Rejtana &#8211; ostatnio przebywaj\u0105c\u0105 w \u017barnowcu ur. w 1929 r. Polecajmy Zmar\u0142ych Bo\u017cemu Mi\u0142osierdziu: <i>Wieczne odpoczywanie&#8230;<\/i><\/li>\n<\/ol>\n","protected":false},"excerpt":{"rendered":"<p>V Niedziela Wielkiego Postu, 21 marca 2021 r. Og\u0142oszenia duszpasterskie&nbsp; Ko\u0144czymy dzi\u015b rekolekcje wielkopostne i sk\u0142adamy serdeczne podzi\u0119kowania ks. prof. Norbertowi Podhoreckiemu za s\u0142owa budz\u0105ce refleksj\u0119 i prowadz\u0105ce do \u017cywej wiary. Dzisiaj zapraszamy jeszcze o godz. 16:00 na nabo\u017ce\u0144stwo Gorzkich \u017bali z kazaniem pasyjnym i adoracj\u0105 krzy\u017ca. Dzi\u015b krzy\u017c adorowa\u0107 b\u0119d\u0105 dzieci wraz z rodzicami, [&hellip;]<\/p>\n","protected":false},"author":2,"featured_media":0,"comment_status":"closed","ping_status":"open","sticky":false,"template":"","format":"standard","meta":{"ngg_post_thumbnail":0},"categories":[16,18,17],"tags":[],"_links":{"self":[{"href":"https:\/\/jedlicze.przemyska.pl\/index.php\/wp-json\/wp\/v2\/posts\/1421"}],"collection":[{"href":"https:\/\/jedlicze.przemyska.pl\/index.php\/wp-json\/wp\/v2\/posts"}],"about":[{"href":"https:\/\/jedlicze.przemyska.pl\/index.php\/wp-json\/wp\/v2\/types\/post"}],"author":[{"embeddable":true,"href":"https:\/\/jedlicze.przemyska.pl\/index.php\/wp-json\/wp\/v2\/users\/2"}],"replies":[{"embeddable":true,"href":"https:\/\/jedlicze.przemyska.pl\/index.php\/wp-json\/wp\/v2\/comments?post=1421"}],"version-history":[{"count":3,"href":"https:\/\/jedlicze.przemyska.pl\/index.php\/wp-json\/wp\/v2\/posts\/1421\/revisions"}],"predecessor-version":[{"id":1425,"href":"https:\/\/jedlicze.przemyska.pl\/index.php\/wp-json\/wp\/v2\/posts\/1421\/revisions\/1425"}],"wp:attachment":[{"href":"https:\/\/jedlicze.przemyska.pl\/index.php\/wp-json\/wp\/v2\/media?parent=1421"}],"wp:term":[{"taxonomy":"category","embeddable":true,"href":"https:\/\/jedlicze.przemyska.pl\/index.php\/wp-json\/wp\/v2\/categories?post=1421"},{"taxonomy":"post_tag","embeddable":true,"href":"https:\/\/jedlicze.przemyska.pl\/index.php\/wp-json\/wp\/v2\/tags?post=1421"}],"curies":[{"name":"wp","href":"https:\/\/api.w.org\/{rel}","templated":true}]}}