{"id":1446,"date":"2021-04-03T19:45:28","date_gmt":"2021-04-03T17:45:28","guid":{"rendered":"https:\/\/jedlicze.przemyska.pl\/?p=1446"},"modified":"2021-04-04T20:33:44","modified_gmt":"2021-04-04T18:33:44","slug":"ogloszenia-duszpasterskie-wielkanoc-4-kwietnia","status":"publish","type":"post","link":"https:\/\/jedlicze.przemyska.pl\/index.php\/2021\/04\/03\/ogloszenia-duszpasterskie-wielkanoc-4-kwietnia\/","title":{"rendered":"Og\u0142oszenia duszpasterskie &#8211; Wielkanoc, 4 kwietnia"},"content":{"rendered":"<p style=\"text-align: center;\"><b>Wielkanoc, 4 kwietnia 2021 r.<\/b><\/p>\n<p style=\"text-align: center;\"><b>Og\u0142oszenia duszpasterskie<span class=\"Apple-converted-space\">&nbsp;<\/span><\/b><\/p>\n<ol>\n<li style=\"text-align: justify;\">Dzisiaj Msze \u015bw. s\u0105 o godz. 9:00; 11:00; 12:30 i 18:00. Dzi\u0119kujemy Dyrekcji GOK i Pani Burmistrz za transmisj\u0119 internetow\u0105 Mszy rezurekcyjnej.<span class=\"Apple-converted-space\">&nbsp;<\/span><\/li>\n<li style=\"text-align: justify;\">Jutro <b>drugi dzie\u0144 \u015bwi\u0105t<\/b>. Msze \u015bw. b\u0119d\u0105 tyko do po\u0142udnia <b>7:00, 9:00, 11:00 i 12:30<\/b>. Nie b\u0119dzie Mszy \u015bw. wieczornej.<span class=\"Apple-converted-space\">&nbsp;<\/span><\/li>\n<li style=\"text-align: justify;\"><b>Trwa oktawa Wielkanocna<\/b>. Dla wszystkich kt\u00f3rzy nie brali udzia\u0142u w nabo\u017ce\u0144stwie Wielkanocnym udzia\u0142 we Mszy \u015bw. jest sposobno\u015bci\u0105 do osobistego spotkania ze Zmartwychwsta\u0142ych Jezusem W pi\u0105tek nie obowi\u0105zuje wstrzemi\u0119\u017aliwo\u015b\u0107 od pokarm\u00f3w mi\u0119snych. W pi\u0105tek ks. Marek odwiedzi chorych z pos\u0142ug\u0105 sakramentaln\u0105.<span class=\"Apple-converted-space\">&nbsp;<\/span><\/li>\n<li style=\"text-align: justify;\">Sk\u0142adamy serdeczne podzi\u0119kowania za ofiary na dekoracj\u0119 \u015bwi\u0105teczn\u0105 oraz wszystkim zaanga\u017cowanym w przygotowanie ko\u015bcio\u0142a na \u015bwi\u0119ta, w tym s. Annie, p. ko\u015bcielnemu, p. organi\u015bcie, KSM-owi za prowadzone adoracje, LSO, panom pomagaj\u0105cym ustawi\u0107 konstrukcj\u0119 i stra\u017cakom z M\u0119cinki za przygotowanie i zabezpieczenie ognia w Wigili\u0119 Paschaln\u0105. Szczeg\u00f3lne podzi\u0119kowanie p. Adamowi Kosiekowi za zrobienie nowych element\u00f3w konstrukcyjnych Grobu Pa\u0144skiego. B\u00f3g zap\u0142a\u0107!<\/li>\n<li style=\"text-align: justify;\">Dzi\u0119kujemy r\u00f3wnie\u017c wszystkim ofiarodawcom, kt\u00f3rzy dzielili si\u0119 z potrzebuj\u0105cymi sk\u0142adaj\u0105c zakupione produkty przed \u015bwi\u0119tami. A Parafialnemu Ko\u0142u Caritas dzi\u0119kujemy za przekazanie dar\u00f3w, kt\u00f3re pozwoli\u0142y osobom potrzebuj\u0105cym godnie zastawi\u0107 st\u00f3\u0142 \u015bwi\u0105teczny. W sumie przygotowano i przekazano 29 paczek. B\u00f3g zap\u0142a\u0107!<span class=\"Apple-converted-space\">&nbsp;<\/span><\/li>\n<li style=\"text-align: justify;\">Przypominamy o zmianie w rozdawaniu Komunii \u015bw. w niedziele i \u015bwi\u0119ta. Komunia \u015bw. jest udzielana przez \u015brodek ko\u015bcio\u0142a oraz w nawach bocznych. W nawie g\u0142\u00f3wnej prosimy ustawia\u0107 si\u0119 w dw\u00f3ch rz\u0119dach, a Komuni\u0119 przyjmowa\u0107 w postawie stoj\u0105cej, po uprzednim przykl\u0119kni\u0119ciu, natomiast w nawach bocznych prosimy o podchodzenie procesyjne do ksi\u0119dza ustawionego na wysoko\u015bci o\u0142tarza Matki Bo\u017cej. W dni powszednie Komunia \u015bw. udzielana jest przy balaskach. Przepisy na temat Komunii \u015bw. wywieszone s\u0105 na tablicy og\u0142osze\u0144.<\/li>\n<li style=\"text-align: justify;\">Za tydzie\u0144 <b>Niedziela Bo\u017cego Mi\u0142osierdzia<\/b>. Zmiana tajemnic r\u00f3\u017ca\u0144cowych. Po Mszach \u015bwi\u0119tych zbi\u00f3rka do puszek na Caritas. Osoby, kt\u00f3re sk\u0142ada\u0142y ja\u0142mu\u017cn\u0119 wielkopostn\u0105 do skarbonek prosimy, aby do niedzieli przynios\u0142y skarbonki do ko\u015bcio\u0142a, w celu przekazania ich do Caritas Archidiecezji Przemyskiej.<span class=\"Apple-converted-space\">&nbsp;<\/span><\/li>\n<li style=\"text-align: justify;\">Przypominamy o zachowywaniu zasad sanitarnych obowi\u0105zuj\u0105cych w czasie pandemii. W ko\u015bciele wg nowych wytycznych mo\u017ce przebywa\u0107 <b>1 osoba\/20m<\/b><b><sup>2<\/sup><\/b> z zachowaniem dystansu 1,5 m. Pozostali wierni mog\u0105 bra\u0107 udzia\u0142 we Mszy poza ko\u015bcio\u0142em. Zach\u0119camy r\u00f3wnie\u017c do uczestnictwa w nabo\u017ce\u0144stwach transmitowanych przez telewizj\u0119.<span class=\"Apple-converted-space\">&nbsp;<\/span><\/li>\n<li style=\"text-align: justify;\">Przypominamy r\u00f3wnie\u017c o obowi\u0105zku przyj\u0119cia Komunii \u015bw. w okresie Wielkanocnym. Zado\u015b\u0107uczynienie temu przykazaniu obejmuje okres od \u015arody Popielcowej do Niedzieli Tr\u00f3jcy \u015awi\u0119tej. Jednocze\u015bnie zwracamy uwag\u0119, \u017ce niedziela jest dniem zwanym ma\u0142\u0105 Wielkanoc\u0105 i nale\u017cy skupia\u0107 si\u0119 na celebracji Zmartwychwstania Jezusa. Dlatego zasadniczo nie organizuje si\u0119 w tych dniach pogrzeb\u00f3w. W niedziel\u0119 nie czcimy zmar\u0142ych, lecz radujemy si\u0119 nowym \u017cyciem w Chrystusie.<span class=\"Apple-converted-space\">&nbsp;<\/span><\/li>\n<li style=\"text-align: justify;\">Do nabycia prasa katolicka <i>Go\u015b\u0107 Niedzielny, Ma\u0142y Go\u015b\u0107 Niedzielny, Mi\u0142ujcie si\u0119 <\/i>i <i>Niedziela.<\/i><span class=\"Apple-converted-space\">&nbsp;<\/span><\/li>\n<li style=\"text-align: justify;\">Na miejsce spoczynku w ubieg\u0142y tygodniu zostali odprowadzeni: \u015bp. Karol SMOSNA z ul. Konarskiego ur. w 1927 r. i \u015bp. Jerzy FILIP z Chlebnej ur. w 1973 r. i \u015bp. Henryk M\u0141ODECKI z Por\u0119b ur. w 1966 r. (pogrzeb we wtorek). Polecajmy Zmar\u0142ych Bo\u017cemu Mi\u0142osierdziu: <i>Wieczne odpoczywanie&#8230;<\/i><\/li>\n<\/ol>\n","protected":false},"excerpt":{"rendered":"<p>Wielkanoc, 4 kwietnia 2021 r. Og\u0142oszenia duszpasterskie&nbsp; Dzisiaj Msze \u015bw. s\u0105 o godz. 9:00; 11:00; 12:30 i 18:00. Dzi\u0119kujemy Dyrekcji GOK i Pani Burmistrz za transmisj\u0119 internetow\u0105 Mszy rezurekcyjnej.&nbsp; Jutro drugi dzie\u0144 \u015bwi\u0105t. Msze \u015bw. b\u0119d\u0105 tyko do po\u0142udnia 7:00, 9:00, 11:00 i 12:30. Nie b\u0119dzie Mszy \u015bw. wieczornej.&nbsp; Trwa oktawa Wielkanocna. Dla wszystkich kt\u00f3rzy [&hellip;]<\/p>\n","protected":false},"author":2,"featured_media":0,"comment_status":"closed","ping_status":"open","sticky":false,"template":"","format":"standard","meta":{"ngg_post_thumbnail":0},"categories":[16,18,17],"tags":[],"_links":{"self":[{"href":"https:\/\/jedlicze.przemyska.pl\/index.php\/wp-json\/wp\/v2\/posts\/1446"}],"collection":[{"href":"https:\/\/jedlicze.przemyska.pl\/index.php\/wp-json\/wp\/v2\/posts"}],"about":[{"href":"https:\/\/jedlicze.przemyska.pl\/index.php\/wp-json\/wp\/v2\/types\/post"}],"author":[{"embeddable":true,"href":"https:\/\/jedlicze.przemyska.pl\/index.php\/wp-json\/wp\/v2\/users\/2"}],"replies":[{"embeddable":true,"href":"https:\/\/jedlicze.przemyska.pl\/index.php\/wp-json\/wp\/v2\/comments?post=1446"}],"version-history":[{"count":4,"href":"https:\/\/jedlicze.przemyska.pl\/index.php\/wp-json\/wp\/v2\/posts\/1446\/revisions"}],"predecessor-version":[{"id":1450,"href":"https:\/\/jedlicze.przemyska.pl\/index.php\/wp-json\/wp\/v2\/posts\/1446\/revisions\/1450"}],"wp:attachment":[{"href":"https:\/\/jedlicze.przemyska.pl\/index.php\/wp-json\/wp\/v2\/media?parent=1446"}],"wp:term":[{"taxonomy":"category","embeddable":true,"href":"https:\/\/jedlicze.przemyska.pl\/index.php\/wp-json\/wp\/v2\/categories?post=1446"},{"taxonomy":"post_tag","embeddable":true,"href":"https:\/\/jedlicze.przemyska.pl\/index.php\/wp-json\/wp\/v2\/tags?post=1446"}],"curies":[{"name":"wp","href":"https:\/\/api.w.org\/{rel}","templated":true}]}}