{"id":1471,"date":"2021-05-01T20:08:41","date_gmt":"2021-05-01T18:08:41","guid":{"rendered":"https:\/\/jedlicze.przemyska.pl\/?p=1471"},"modified":"2021-05-02T21:07:34","modified_gmt":"2021-05-02T19:07:34","slug":"ogloszenia-duszpasterskie-v-niedziela-wielkanocy-2-maja","status":"publish","type":"post","link":"https:\/\/jedlicze.przemyska.pl\/index.php\/2021\/05\/01\/ogloszenia-duszpasterskie-v-niedziela-wielkanocy-2-maja\/","title":{"rendered":"Og\u0142oszenia duszpasterskie &#8211; V Niedziela Wielkanocy, 2 maja"},"content":{"rendered":"<p style=\"text-align: center;\"><b>V Niedziela Wielkanocy, 2 maja 2021 r.<\/b><\/p>\n<p style=\"text-align: center;\"><b>Og\u0142oszenia duszpasterskie<span class=\"Apple-converted-space\">&nbsp;<\/span><\/b><\/p>\n<ol>\n<li style=\"text-align: justify;\">Dzisiaj niedziela adoracyjna. Za moment wystawienie Naj\u015bwi\u0119tszego Sakramentu i kr\u00f3tka adoracja. Po nabo\u017ce\u0144stwie zmiana tajemnic r\u00f3\u017ca\u0144cowych. Sk\u0142adka przeznaczona jest na potrzeby archidiecezji.<span class=\"Apple-converted-space\">&nbsp;<\/span><\/li>\n<li style=\"text-align: justify;\">Rozpocz\u0105\u0142 si\u0119 miesi\u0105c maryjny maj. Codziennie zapraszamy na maj\u00f3wk\u0119 po Mszy \u015bw. wieczornej, z wyj\u0105tkiem czwartku. <strong>Dzisiaj<\/strong> nabo\u017ce\u0144stwo majowe <strong>o godz. 18:30<\/strong>. Dzieci za udzia\u0142 w nabo\u017ce\u0144stwie otrzymuj\u0105 obrazki.<\/li>\n<li style=\"text-align: justify;\">Jutro, 3 Maja <b>Uroczysto\u015b\u0107 NMP Kr\u00f3lowej Polski <\/b>i \u015bwi\u0119to ustanowienia<b> Konstytucji 3 Maja<\/b>. Msze \u015bw. o godz. 7:00; 9:00; 11:00 i 18:00. O godz. 11:00 Msza za Ojczyzn\u0119, a po niej w\u0142adze samorz\u0105dowe i delegacje z\u0142o\u017c\u0105 wie\u0144ce przy pomniku upami\u0119tniaj\u0105cym Konstytucj\u0119 3 Maja. Natomiast po Mszy \u015bw. wieczornej maj\u00f3wka.<\/li>\n<li style=\"text-align: justify;\">W <b>\u015brod\u0119<\/b> na Mszy \u015bw. o godz. 18:00 zostan\u0105 po\u015bwi\u0119cone i przekazane krzy\u017ce m\u0142odzie\u017cy z klas 8 szko\u0142y podstawowej. Zapraszamy kandydat\u00f3w. Po Mszy \u015bw. <b>Nowenna<\/b> do MB Nieustaj\u0105cej Pomocy i litania loreta\u0144ska.<\/li>\n<li style=\"text-align: justify;\">W tym tygodniu wypada I czwartek i I pi\u0105tek miesi\u0105ca. W <b>czwartek<\/b> od godz. <b>17:00<\/b> wystawienie <b>Naj\u015bwi\u0119tszego Sakramentu<\/b>, o godz. <b>17:30<\/b> modlitwy o powo\u0142ania i litania loreta\u0144ska, a o godz. <b>18:00<\/b> Msza \u015bw. W czasie Mszy \u015bw. wieczornej zostan\u0105 po\u015bwi\u0119cone i przekazane krzy\u017ce m\u0142odzie\u017cy z klas I szko\u0142y \u015bredniej.<span class=\"Apple-converted-space\">&nbsp;<\/span><\/li>\n<li style=\"text-align: justify;\">Osoby przyst\u0119puj\u0105ce do spowiedzi i Komunii \u015bw. w I pi\u0105tek prosimy o wcze\u015bniejsze skorzystanie z sakramentu pokuty, by w pi\u0105tek przyj\u0105\u0107 jedynie Komuni\u0119 \u015bw. Do spowiedzi zapraszamy od godz. 6:00 do 7:00, a na Msz\u0119 \u015bw. o godz. 6:30 i 7:00. W <b>pi\u0105tek<\/b> <b>nie b\u0119dzie spowiedzi po po\u0142udniu<\/b>, poniewa\u017c <b>o godz. 16:00<\/b> uczniowie klas 8 przyjm\u0105 <b>bierzmowanie<\/b>, a o <b>godz. 18:00<\/b> <b>bierzmowanie<\/b> m\u0142odzie\u017cy ze szk\u00f3\u0142 \u015brednich. Spowied\u017a dla kandydat\u00f3w i ich najbli\u017cszych b\u0119dzie we wtorek i \u015brod\u0119 od godz 16:30. Jednocze\u015bnie prosimy, aby na Msz\u0119 \u015bw. o godz. 16:00 i 18:00 przyszli <b>jedynie kandydaci do bierzmowania, \u015bwiadkowie i rodzice<\/b>. Msze \u015bw. odprawiane poza parafi\u0105 zostan\u0105 og\u0142oszone o godz. 7:00 i na t\u0119 godzin\u0119 zapraszamy wiernych, kt\u00f3rzy maj\u0105 zam\u00f3wione te intencje.<span class=\"Apple-converted-space\">&nbsp;Od godz. 8:00 odwiedziny chorych.&nbsp;<\/span><\/li>\n<li style=\"text-align: justify;\">W sobot\u0119 8 maja Uroczysto\u015b\u0107 \u015bw. Stanis\u0142awa BiM patrona Polski. Jest to tak\u017ce dzie\u0144 imienin ks. bpa Stanis\u0142awa Jamrozka, kt\u00f3rego polecamy w modlitwie. Kancelaria b\u0119dzie nieczynna.<\/li>\n<li style=\"text-align: justify;\"><b>16 maja<\/b> o godz<b>. 11:00<\/b> b\u0119dzie <b>I Komunia \u015bw.<\/b> i prosimy, aby na t\u0119 Msz\u0119 \u015bw. przysz\u0142y <b>jedynie<\/b> dzieci wraz z najbli\u017csz\u0105 rodzin\u0105. Pozosta\u0142ych parafian zapraszamy na Msze w innych godzinach.<span class=\"Apple-converted-space\">&nbsp;<\/span><\/li>\n<li style=\"text-align: justify;\">Przypominamy o zachowywaniu zasad sanitarnych. W ko\u015bciele wg nowych wytycznych mo\u017ce przebywa\u0107 <b>1 osoba\/15m<\/b><b><sup>2<\/sup><\/b> z zachowaniem dystansu 1,5 m. Pozostali wierni mog\u0105 bra\u0107 udzia\u0142 we Mszy poza ko\u015bcio\u0142em. Zach\u0119camy r\u00f3wnie\u017c do uczestnictwa w transmitowanych nabo\u017ce\u0144stwach.<span class=\"Apple-converted-space\">&nbsp;<\/span><\/li>\n<li style=\"text-align: justify;\">Sk\u0142adamy serdeczne podzi\u0119kowanie za ofiary na budow\u0119 ko\u015bcio\u0142a filialnego w D\u0142ugiem \u2013 Por\u0119bach. Do skarbony z\u0142o\u017cono 1.930,00 z\u0142, na konto parafialne 10 os\u00f3b wp\u0142aci\u0142o 1.180,00 z\u0142. B\u00f3g zap\u0142a\u0107! Aktualnie na koncie z przeznaczeniem na ko\u015bci\u00f3\u0142 filialny jest 56.216 z\u0142.<\/li>\n<li style=\"text-align: justify;\">Do nabycia prasa katolicka <i>Go\u015b\u0107 Niedzielny <\/i>i <i>Niedziela.<\/i><span class=\"Apple-converted-space\">&nbsp;<\/span><\/li>\n<li style=\"text-align: justify;\">W ubieg\u0142ym tygodniu do wieczno\u015bci odeszli: Leon ZAREMBA z ul. Tysi\u0105clecia ur. w 1938 r.; \u015bp. Marek SZEWCZYK z ul. Trzecieskiego ur. w 1971 r. i \u015bp. W\u0142adys\u0142awa WOJNAR z ul. G\u0142owackiego ur. w 1944 r. Polecajmy Zmar\u0142ych Bo\u017cemu Mi\u0142osierdziu <i>Wieczne odpoczywanie&#8230;<\/i><\/li>\n<\/ol>\n","protected":false},"excerpt":{"rendered":"<p>V Niedziela Wielkanocy, 2 maja 2021 r. Og\u0142oszenia duszpasterskie&nbsp; Dzisiaj niedziela adoracyjna. Za moment wystawienie Naj\u015bwi\u0119tszego Sakramentu i kr\u00f3tka adoracja. Po nabo\u017ce\u0144stwie zmiana tajemnic r\u00f3\u017ca\u0144cowych. Sk\u0142adka przeznaczona jest na potrzeby archidiecezji.&nbsp; Rozpocz\u0105\u0142 si\u0119 miesi\u0105c maryjny maj. Codziennie zapraszamy na maj\u00f3wk\u0119 po Mszy \u015bw. wieczornej, z wyj\u0105tkiem czwartku. Dzisiaj nabo\u017ce\u0144stwo majowe o godz. 18:30. Dzieci za [&hellip;]<\/p>\n","protected":false},"author":2,"featured_media":0,"comment_status":"closed","ping_status":"open","sticky":false,"template":"","format":"standard","meta":{"ngg_post_thumbnail":0},"categories":[16,18,17],"tags":[],"_links":{"self":[{"href":"https:\/\/jedlicze.przemyska.pl\/index.php\/wp-json\/wp\/v2\/posts\/1471"}],"collection":[{"href":"https:\/\/jedlicze.przemyska.pl\/index.php\/wp-json\/wp\/v2\/posts"}],"about":[{"href":"https:\/\/jedlicze.przemyska.pl\/index.php\/wp-json\/wp\/v2\/types\/post"}],"author":[{"embeddable":true,"href":"https:\/\/jedlicze.przemyska.pl\/index.php\/wp-json\/wp\/v2\/users\/2"}],"replies":[{"embeddable":true,"href":"https:\/\/jedlicze.przemyska.pl\/index.php\/wp-json\/wp\/v2\/comments?post=1471"}],"version-history":[{"count":4,"href":"https:\/\/jedlicze.przemyska.pl\/index.php\/wp-json\/wp\/v2\/posts\/1471\/revisions"}],"predecessor-version":[{"id":1476,"href":"https:\/\/jedlicze.przemyska.pl\/index.php\/wp-json\/wp\/v2\/posts\/1471\/revisions\/1476"}],"wp:attachment":[{"href":"https:\/\/jedlicze.przemyska.pl\/index.php\/wp-json\/wp\/v2\/media?parent=1471"}],"wp:term":[{"taxonomy":"category","embeddable":true,"href":"https:\/\/jedlicze.przemyska.pl\/index.php\/wp-json\/wp\/v2\/categories?post=1471"},{"taxonomy":"post_tag","embeddable":true,"href":"https:\/\/jedlicze.przemyska.pl\/index.php\/wp-json\/wp\/v2\/tags?post=1471"}],"curies":[{"name":"wp","href":"https:\/\/api.w.org\/{rel}","templated":true}]}}