{"id":1482,"date":"2021-05-15T19:45:27","date_gmt":"2021-05-15T17:45:27","guid":{"rendered":"https:\/\/jedlicze.przemyska.pl\/?p=1482"},"modified":"2021-05-16T12:43:26","modified_gmt":"2021-05-16T10:43:26","slug":"ogloszenia-duszpasterskie-wniebowstapienie-panskie-16-maja","status":"publish","type":"post","link":"https:\/\/jedlicze.przemyska.pl\/index.php\/2021\/05\/15\/ogloszenia-duszpasterskie-wniebowstapienie-panskie-16-maja\/","title":{"rendered":"Og\u0142oszenia duszpasterskie &#8211; Wniebowst\u0105pienie Pa\u0144skie, 16 maja"},"content":{"rendered":"<p style=\"text-align: center;\"><b>Wniebowst\u0105pienie Pa\u0144skie, 16 maja 2021 r.<\/b><\/p>\n<p style=\"text-align: center;\"><b>Og\u0142oszenia duszpasterskie<span class=\"Apple-converted-space\">&nbsp;<\/span><\/b><\/p>\n<ol>\n<li style=\"text-align: justify;\">Dzisiaj w naszej parafii o godz<b>. 11:00<\/b> jest <b>I Komunia \u015bw.<\/b> Otaczamy modlitw\u0105 dzieci i ich rodziny. Jednocze\u015bnie prosimy, aby na Msz\u0119 \u015bw. o godz. 11:00 przysz\u0142y <b>jedynie<\/b> dzieci wraz z najbli\u017csz\u0105 rodzin\u0105. Pozosta\u0142ych parafian zapraszamy na Msze w innych godzinach. Sk\u0142adamy podzi\u0119kowanie rodzicom dzieci pierwszokomunijnych za dar dla parafii, czyli ofiar\u0119 pieni\u0119\u017cn\u0105, za kt\u00f3r\u0105 zostanie odnowionych pi\u0119\u0107 kolejnych prz\u0119se\u0142 ogrodzenia ko\u015bcielnego. B\u00f3g zap\u0142a\u0107.<\/li>\n<li style=\"text-align: justify;\">Trwa nowenna przed Zes\u0142aniem Ducha \u015awi\u0119tego. Dzisiaj maj\u00f3wka o godz. 17:30. W tygodniu z wyj\u0105tkiem czwartku litania loreta\u0144ska po Mszy \u015bw. wieczornej. Dzieci za udzia\u0142 w nabo\u017ce\u0144stwie otrzymuj\u0105 obrazki.<span class=\"Apple-converted-space\">&nbsp;<\/span><\/li>\n<li style=\"text-align: justify;\">Dzisiejsza sk\u0142adka na Fundusz Inwestycyjny. Informujemy, \u017ce ofiary s\u0105 przeznaczone na wymian\u0119 dachu ko\u015bcio\u0142a parafialnego (nad prezbiterium). Koszt inwestycji to ponad 200.000, 00 z\u0142. Za ka\u017cd\u0105 ofiar\u0119 B\u00f3g zap\u0142a\u0107!<\/li>\n<li style=\"text-align: justify;\">W <b>\u015brod\u0119<\/b> po Mszy \u015bw. wieczornej <b>Nowenna<\/b> do MB Nieustaj\u0105cej Pomocy i litania loreta\u0144ska.<\/li>\n<li style=\"text-align: justify;\">W niedziel\u0119<b> 23 maja<\/b> o godz. 11:00 b\u0119dzie rocznica I Komunii \u015bw. dzieci z klas IV. W zwi\u0105zku z tym rodzic\u00f3w i dzieci zapraszamy na spotkanie i pr\u00f3by 17 i 18 maja o godz. 16:00. W <b>sobot\u0119<\/b> od godz. <b>9:00<\/b> spowied\u017a dla dzieci oraz dla ich rodzic\u00f3w i krewnych.<span class=\"Apple-converted-space\">&nbsp;<\/span><\/li>\n<li style=\"text-align: justify;\">W sobot\u0119 o godz. 19:00 b\u0119dzie czuwanie modlitewne przed Zes\u0142aniem Ducha \u015awi\u0119tego. Zapraszamy szczeg\u00f3lnie m\u0142odzie\u017c, kt\u00f3ra w tym roku przyj\u0119\u0142a bierzmowanie aby wyrazi\u0107 Bogu wdzi\u0119czno\u015b\u0107 za Dar Ducha \u015awi\u0119tego.<\/li>\n<li style=\"text-align: justify;\">W niedziel\u0119 Uroczysto\u015b\u0107 Zes\u0142ania Ducha \u015awi\u0119tego. W katedrze b\u0119d\u0105 \u015bwi\u0119cenia kap\u0142a\u0144skie, dlatego modlimy si\u0119 za kandydat\u00f3w do \u015bwi\u0119ce\u0144 oraz o nowe powo\u0142ania kap\u0142a\u0144skie.<span class=\"Apple-converted-space\">&nbsp;<\/span><\/li>\n<li style=\"text-align: justify;\">Przypominamy, \u017ce ko\u0144czy si\u0119 okres wielkanocny, w kt\u00f3rym katolicy maj\u0105 obowi\u0105zek przyj\u0119cia Komunii \u015bw.<span class=\"Apple-converted-space\">&nbsp;<\/span><\/li>\n<li style=\"text-align: justify;\">Przypominamy o zachowywaniu zasad sanitarnych obowi\u0105zuj\u0105cych w czasie pandemii.<\/li>\n<li style=\"text-align: justify;\">Do nabycia prasa katolicka <i>Go\u015b\u0107 Niedzielny <\/i>i <i>Niedziela.<\/i> W Go\u015bciu Niedzielnym m.in. rozmowa z rodzicami dziecka, kt\u00f3re zosta\u0142o cudownie uzdrowione za przyczyn\u0105 b\u0142. Franciszka Jordana.<\/li>\n<li style=\"text-align: justify;\">Zesp\u00f3\u0142 Szk\u00f3\u0142 im. Armii Krajowej w Jedliczu og\u0142asza nab\u00f3r do klas I na r\u00f3\u017cnych kierunkach. Pe\u0142na tre\u015b\u0107 og\u0142oszenia na tablicy og\u0142osze\u0144.<span class=\"Apple-converted-space\">&nbsp;<\/span><\/li>\n<li style=\"text-align: justify;\">W ubieg\u0142ym tygodniu do wieczno\u015bci odeszli: \u015bp. Stanis\u0142aw STYGAR z ul. \u017beromskiego ur. w 1932 r.; \u015bp. Miros\u0142aw W\u0104\u015a z \u017barnowca ur. w 1973 r.; \u015bp. Maria BISKUP z ul. Kurkowskiego ur. w 1930 r., \u015bp. Lucyna DORYNEK z ul. Stokrotki ur. w 1938 r. i \u015bp. Danuta Wojnar z ul. Trzecieskiego ur. w 1964 r. (pogrzeb we wtorek). Polecajmy Zmar\u0142ych Bo\u017cemu Mi\u0142osierdziu <i>Wieczne odpoczywanie&#8230;<\/i><\/li>\n<\/ol>\n","protected":false},"excerpt":{"rendered":"<p>Wniebowst\u0105pienie Pa\u0144skie, 16 maja 2021 r. Og\u0142oszenia duszpasterskie&nbsp; Dzisiaj w naszej parafii o godz. 11:00 jest I Komunia \u015bw. Otaczamy modlitw\u0105 dzieci i ich rodziny. Jednocze\u015bnie prosimy, aby na Msz\u0119 \u015bw. o godz. 11:00 przysz\u0142y jedynie dzieci wraz z najbli\u017csz\u0105 rodzin\u0105. Pozosta\u0142ych parafian zapraszamy na Msze w innych godzinach. Sk\u0142adamy podzi\u0119kowanie rodzicom dzieci pierwszokomunijnych za [&hellip;]<\/p>\n","protected":false},"author":2,"featured_media":0,"comment_status":"closed","ping_status":"open","sticky":false,"template":"","format":"standard","meta":{"ngg_post_thumbnail":0},"categories":[16,18,17],"tags":[],"_links":{"self":[{"href":"https:\/\/jedlicze.przemyska.pl\/index.php\/wp-json\/wp\/v2\/posts\/1482"}],"collection":[{"href":"https:\/\/jedlicze.przemyska.pl\/index.php\/wp-json\/wp\/v2\/posts"}],"about":[{"href":"https:\/\/jedlicze.przemyska.pl\/index.php\/wp-json\/wp\/v2\/types\/post"}],"author":[{"embeddable":true,"href":"https:\/\/jedlicze.przemyska.pl\/index.php\/wp-json\/wp\/v2\/users\/2"}],"replies":[{"embeddable":true,"href":"https:\/\/jedlicze.przemyska.pl\/index.php\/wp-json\/wp\/v2\/comments?post=1482"}],"version-history":[{"count":3,"href":"https:\/\/jedlicze.przemyska.pl\/index.php\/wp-json\/wp\/v2\/posts\/1482\/revisions"}],"predecessor-version":[{"id":1485,"href":"https:\/\/jedlicze.przemyska.pl\/index.php\/wp-json\/wp\/v2\/posts\/1482\/revisions\/1485"}],"wp:attachment":[{"href":"https:\/\/jedlicze.przemyska.pl\/index.php\/wp-json\/wp\/v2\/media?parent=1482"}],"wp:term":[{"taxonomy":"category","embeddable":true,"href":"https:\/\/jedlicze.przemyska.pl\/index.php\/wp-json\/wp\/v2\/categories?post=1482"},{"taxonomy":"post_tag","embeddable":true,"href":"https:\/\/jedlicze.przemyska.pl\/index.php\/wp-json\/wp\/v2\/tags?post=1482"}],"curies":[{"name":"wp","href":"https:\/\/api.w.org\/{rel}","templated":true}]}}