{"id":1531,"date":"2021-07-03T19:48:40","date_gmt":"2021-07-03T17:48:40","guid":{"rendered":"https:\/\/jedlicze.przemyska.pl\/?p=1531"},"modified":"2023-02-18T16:41:11","modified_gmt":"2023-02-18T15:41:11","slug":"ogloszenia-duszpasterskie-xiv-niedziela-zwykla-4-lipca","status":"publish","type":"post","link":"https:\/\/jedlicze.przemyska.pl\/index.php\/2021\/07\/03\/ogloszenia-duszpasterskie-xiv-niedziela-zwykla-4-lipca\/","title":{"rendered":"Og\u0142oszenia duszpasterskie &#8211; XIV Niedziela zwyk\u0142a, 4 lipca"},"content":{"rendered":"<p style=\"text-align: center;\"><b>XIV Niedziela zwyk\u0142a, 4 lipca 2021 r.<\/b><\/p>\n<p style=\"text-align: center;\"><b>Og\u0142oszenia duszpasterskie<span class=\"Apple-converted-space\">&nbsp;<\/span><\/b><\/p>\n<ol>\n<li style=\"text-align: justify;\">Dzisiaj niedziela adoracyjna, za chwil\u0119 kr\u00f3tka adoracja Naj\u015bwi\u0119tszego Sakramentu. Dzisiaj tak\u017ce tajemnic r\u00f3\u017ca\u0144cowych. A taca przeznaczona na WSD w Przemy\u015blu.<span class=\"Apple-converted-space\">&nbsp;<\/span><\/li>\n<li style=\"text-align: justify;\">Przypominamy, \u017ce w okresie wakacyjnym <b>nie ma <\/b>Mszy \u015bw. niedzielnej o godz. 12:30, a w dni powszednie o godz. 6:30.<\/li>\n<li style=\"text-align: justify;\">W <b>\u015brod\u0119<\/b> po Mszy \u015bw. wieczornej <b>Nowenna<\/b> do MB Nieustaj\u0105cej Pomocy .<\/li>\n<li style=\"text-align: justify;\">W <b>czwartek<\/b> wystawienie Naj\u015bwi\u0119tszego Sakramentu od 17:00. O godz. 18:00 Msza \u015bw. W tym dniu wypada wspomnienie \u015bw. Jana z Dukli, patrona naszej archidiecezji.<span class=\"Apple-converted-space\">&nbsp;<\/span><\/li>\n<li style=\"text-align: justify;\">Sk\u0142adamy serdeczne podzi\u0119kowania za w\u0142\u0105czenie si\u0119 w akcj\u0119 zorganizowan\u0105 przez Parafialny oddzia\u0142 Caritas w ubieg\u0142\u0105 niedziel\u0119. W sumie zebrano 4700 z\u0142 i po po\u0142owie przekazano dwom ci\u0119\u017cko chorym osobom z naszej parafii. B\u00f3g zap\u0142a\u0107!<\/li>\n<li style=\"text-align: justify;\">W <b>\u015brod\u0119<\/b>, 7 lipca o <b>godz. 12:00<\/b> b\u0119dzie <b>zbi\u00f3rka elektro \u015bmieci<\/b>. Ka\u017cdy, kto chce si\u0119 pozby\u0107 starych urz\u0105dze\u0144 AGD i RTV mo\u017ce dostarczy\u0107 je na parking przy ko\u015bciele. Jednocze\u015bnie informujemy, \u017ce parking obj\u0119ty jest monitoringiem i prosimy o nie niszczenie zostawionych sprz\u0119t\u00f3w.<span class=\"Apple-converted-space\">&nbsp;<\/span><\/li>\n<li style=\"text-align: justify;\">Za tydzie\u0144, w niedziel\u0119 w naszej parafii go\u015bci\u0107 b\u0119dziemy o. Wojciecha Ulmana misjonarza z Ugandy, kt\u00f3ry skieruje do nas swoje s\u0142owo. Taca przeznaczona b\u0119dzie na dzia\u0142alno\u015b\u0107 misyjn\u0105 w Munyonyo, za kt\u00f3r\u0105 odpowiada o. Wojciech.<span class=\"Apple-converted-space\">&nbsp;<\/span><\/li>\n<li style=\"text-align: justify;\">Do nabycia prasa katolicka <i>Go\u015b\u0107 Niedzielny <\/i>i <i>Niedziela.<\/i><span class=\"Apple-converted-space\">&nbsp;<\/span><\/li>\n<li style=\"text-align: justify;\">W ubieg\u0142ym tygodniu do wieczno\u015bci odesz\u0142a: \u015bp. Zofia HYDZIK Chlebnej ur. w 1948 r. Polecajmy Zmar\u0142\u0105 Bo\u017cemu Mi\u0142osierdziu: <i>Wieczne odpoczywanie&#8230; <span class=\"Apple-converted-space\">&nbsp;<\/span><\/i><\/li>\n<\/ol>\n","protected":false},"excerpt":{"rendered":"<p>XIV Niedziela zwyk\u0142a, 4 lipca 2021 r. Og\u0142oszenia duszpasterskie&nbsp; Dzisiaj niedziela adoracyjna, za chwil\u0119 kr\u00f3tka adoracja Naj\u015bwi\u0119tszego Sakramentu. Dzisiaj tak\u017ce tajemnic r\u00f3\u017ca\u0144cowych. A taca przeznaczona na WSD w Przemy\u015blu.&nbsp; Przypominamy, \u017ce w okresie wakacyjnym nie ma Mszy \u015bw. niedzielnej o godz. 12:30, a w dni powszednie o godz. 6:30. W \u015brod\u0119 po Mszy \u015bw. wieczornej [&hellip;]<\/p>\n","protected":false},"author":2,"featured_media":0,"comment_status":"closed","ping_status":"open","sticky":false,"template":"","format":"standard","meta":{"ngg_post_thumbnail":0},"categories":[16,18,17],"tags":[],"_links":{"self":[{"href":"https:\/\/jedlicze.przemyska.pl\/index.php\/wp-json\/wp\/v2\/posts\/1531"}],"collection":[{"href":"https:\/\/jedlicze.przemyska.pl\/index.php\/wp-json\/wp\/v2\/posts"}],"about":[{"href":"https:\/\/jedlicze.przemyska.pl\/index.php\/wp-json\/wp\/v2\/types\/post"}],"author":[{"embeddable":true,"href":"https:\/\/jedlicze.przemyska.pl\/index.php\/wp-json\/wp\/v2\/users\/2"}],"replies":[{"embeddable":true,"href":"https:\/\/jedlicze.przemyska.pl\/index.php\/wp-json\/wp\/v2\/comments?post=1531"}],"version-history":[{"count":1,"href":"https:\/\/jedlicze.przemyska.pl\/index.php\/wp-json\/wp\/v2\/posts\/1531\/revisions"}],"predecessor-version":[{"id":1532,"href":"https:\/\/jedlicze.przemyska.pl\/index.php\/wp-json\/wp\/v2\/posts\/1531\/revisions\/1532"}],"wp:attachment":[{"href":"https:\/\/jedlicze.przemyska.pl\/index.php\/wp-json\/wp\/v2\/media?parent=1531"}],"wp:term":[{"taxonomy":"category","embeddable":true,"href":"https:\/\/jedlicze.przemyska.pl\/index.php\/wp-json\/wp\/v2\/categories?post=1531"},{"taxonomy":"post_tag","embeddable":true,"href":"https:\/\/jedlicze.przemyska.pl\/index.php\/wp-json\/wp\/v2\/tags?post=1531"}],"curies":[{"name":"wp","href":"https:\/\/api.w.org\/{rel}","templated":true}]}}