{"id":1560,"date":"2021-08-07T21:21:21","date_gmt":"2021-08-07T19:21:21","guid":{"rendered":"https:\/\/jedlicze.przemyska.pl\/?p=1560"},"modified":"2021-08-14T11:28:34","modified_gmt":"2021-08-14T09:28:34","slug":"ogloszenia-duszpasterskie-xix-niedziela-zwykla-8-sierpnia","status":"publish","type":"post","link":"https:\/\/jedlicze.przemyska.pl\/index.php\/2021\/08\/07\/ogloszenia-duszpasterskie-xix-niedziela-zwykla-8-sierpnia\/","title":{"rendered":"Og\u0142oszenia duszpasterskie &#8211; XIX Niedziela zwyk\u0142a, 8 sierpnia"},"content":{"rendered":"<p style=\"text-align: center;\"><b>XIX Niedziela zwyk\u0142a, 8 sierpnia 2021 r.<\/b><\/p>\n<p style=\"text-align: center;\"><b>Og\u0142oszenia duszpasterskie<span class=\"Apple-converted-space\">&nbsp;<\/span><\/b><\/p>\n<ol>\n<li style=\"text-align: justify;\">W <b>\u015brod\u0119<\/b> po Mszy \u015bw. wieczornej Nowenna do MB Nieustaj\u0105cej Pomocy .<\/li>\n<li style=\"text-align: justify;\">W <b>czwartek<\/b> wystawienie Naj\u015bw. Sakramentu od godz. 17:00. O godz. 18:00 Msza \u015bw.<\/li>\n<li style=\"text-align: justify;\">W <b>przysz\u0142\u0105 niedziel\u0119<\/b> wypada <b>Uroczysto\u015b\u0107 Wniebowzi\u0119cia NMP<\/b>. Podczas ka\u017cdej Mszy \u015bw. b\u0142ogos\u0142awie\u0144stwo zi\u00f3\u0142 i kwiat\u00f3w. W tym dniu odb\u0119d\u0105 si\u0119 do\u017cynki gminne. O godz. 15:00 b\u0119dzie dodatkowa Msza \u015bw.<span class=\"Apple-converted-space\">&nbsp;<\/span><\/li>\n<li style=\"text-align: justify;\">Za tydzie\u0144 taca przeznaczona b\u0119dzie na Fundusz Inwestycyjny Parafii. Dotychczas na koncie zgromadzono 41.110,00 z\u0142. Dzi\u0119kujemy za ofiary sk\u0142adane na tac\u0119 11.550,00 z\u0142 oraz przelewy na konto (14 os\u00f3b) 2.320,00 z\u0142. Dzi\u0119kujemy r\u00f3wnie\u017c za ofiary przekazywane na ko\u015bci\u00f3\u0142 filialny w D\u0142ugiem-Por\u0119bach, kt\u00f3ry w tym roku koniecznie musi by\u0107 nakryty dachem. Obecnie na koncie jest<span class=\"Apple-converted-space\">&nbsp; <\/span>36.574,13 z\u0142, a potrzeba ponad 300.000 z\u0142. W minionym miesi\u0105cu do skarbony z\u0142o\u017cono 2.740 z\u0142, a 13 os\u00f3b wp\u0142aci\u0142o 1.560 z\u0142. Dlatego za ka\u017cdy datek sk\u0142adamy B\u00f3g zap\u0142a\u0107!<\/li>\n<li style=\"text-align: justify;\">Do nabycia prasa katolicka <i>Go\u015b\u0107 Niedzielny<\/i> i <i>Niedziela<\/i>. W <i>Go\u015bciu Niedzielnym<\/i> artyku\u0142y o \u015bw. Dominiku, o programie szpiegowskim PEGASUS kontroluj\u0105cym telefony kom\u00f3rkowe oraz o unijnym programie transformacji energetycznej.<span class=\"Apple-converted-space\">&nbsp;<\/span><\/li>\n<li style=\"text-align: justify;\">W minionym tygodniu do wieczno\u015bci odeszli: \u015bp. Marian PELCZAR z ul. G\u00f3rna Kolonia ur. w 1952 r. i \u015bp. Kazimiera MADEJ-STRU\u015a z ul. 1000-lecia ur. w 1934 r., \u015bp. Wies\u0142awa RECZEK z ul. G\u0142owackiego ur. w 1954 r., \u015bp. Mariusz BUGIEL z D\u0142ugiego ur. w 1970 r. i \u015bp. Jan POMPROWICZ z ul. Wierzbowej ur. w 1936 r. (pogrzeb w poniedzia\u0142ek). Polecajmy zmar\u0142ych Mi\u0142osierdziu Bo\u017cemu: <i>Wieczne odpoczywanie\u2026<\/i><\/li>\n<\/ol>\n","protected":false},"excerpt":{"rendered":"<p>XIX Niedziela zwyk\u0142a, 8 sierpnia 2021 r. Og\u0142oszenia duszpasterskie&nbsp; W \u015brod\u0119 po Mszy \u015bw. wieczornej Nowenna do MB Nieustaj\u0105cej Pomocy . W czwartek wystawienie Naj\u015bw. Sakramentu od godz. 17:00. O godz. 18:00 Msza \u015bw. W przysz\u0142\u0105 niedziel\u0119 wypada Uroczysto\u015b\u0107 Wniebowzi\u0119cia NMP. Podczas ka\u017cdej Mszy \u015bw. b\u0142ogos\u0142awie\u0144stwo zi\u00f3\u0142 i kwiat\u00f3w. W tym dniu odb\u0119d\u0105 si\u0119 do\u017cynki [&hellip;]<\/p>\n","protected":false},"author":2,"featured_media":0,"comment_status":"closed","ping_status":"open","sticky":false,"template":"","format":"standard","meta":{"ngg_post_thumbnail":0},"categories":[16,18,17],"tags":[],"_links":{"self":[{"href":"https:\/\/jedlicze.przemyska.pl\/index.php\/wp-json\/wp\/v2\/posts\/1560"}],"collection":[{"href":"https:\/\/jedlicze.przemyska.pl\/index.php\/wp-json\/wp\/v2\/posts"}],"about":[{"href":"https:\/\/jedlicze.przemyska.pl\/index.php\/wp-json\/wp\/v2\/types\/post"}],"author":[{"embeddable":true,"href":"https:\/\/jedlicze.przemyska.pl\/index.php\/wp-json\/wp\/v2\/users\/2"}],"replies":[{"embeddable":true,"href":"https:\/\/jedlicze.przemyska.pl\/index.php\/wp-json\/wp\/v2\/comments?post=1560"}],"version-history":[{"count":2,"href":"https:\/\/jedlicze.przemyska.pl\/index.php\/wp-json\/wp\/v2\/posts\/1560\/revisions"}],"predecessor-version":[{"id":1566,"href":"https:\/\/jedlicze.przemyska.pl\/index.php\/wp-json\/wp\/v2\/posts\/1560\/revisions\/1566"}],"wp:attachment":[{"href":"https:\/\/jedlicze.przemyska.pl\/index.php\/wp-json\/wp\/v2\/media?parent=1560"}],"wp:term":[{"taxonomy":"category","embeddable":true,"href":"https:\/\/jedlicze.przemyska.pl\/index.php\/wp-json\/wp\/v2\/categories?post=1560"},{"taxonomy":"post_tag","embeddable":true,"href":"https:\/\/jedlicze.przemyska.pl\/index.php\/wp-json\/wp\/v2\/tags?post=1560"}],"curies":[{"name":"wp","href":"https:\/\/api.w.org\/{rel}","templated":true}]}}