{"id":1574,"date":"2021-08-21T19:45:43","date_gmt":"2021-08-21T17:45:43","guid":{"rendered":"https:\/\/jedlicze.przemyska.pl\/?p=1574"},"modified":"2021-08-21T19:00:08","modified_gmt":"2021-08-21T17:00:08","slug":"ogloszenia-duszpasterskie-xxi-niedziela-zwykla-22-sierpnia","status":"publish","type":"post","link":"https:\/\/jedlicze.przemyska.pl\/index.php\/2021\/08\/21\/ogloszenia-duszpasterskie-xxi-niedziela-zwykla-22-sierpnia\/","title":{"rendered":"Og\u0142oszenia duszpasterskie &#8211; XXI Niedziela zwyk\u0142a, 22 sierpnia"},"content":{"rendered":"<p><strong>&nbsp;<\/strong><\/p>\n<p style=\"text-align: center;\"><strong>XXI Niedziela zwyk\u0142a, 22 sierpnia 2021 r.<\/strong><\/p>\n<p style=\"text-align: center;\"><strong>Og\u0142oszenia<\/strong><strong> duszpasterskie <\/strong><\/p>\n<p style=\"text-align: justify;\">&nbsp;<\/p>\n<ol>\n<li style=\"text-align: justify;\">Sk\u0142adamy podzi\u0119kowanie za ofiary z\u0142o\u017cone na Fundusz Inwestycyjny Parafii z przeznaczeniem na cz\u0119\u015bciow\u0105 (nad prezbiterium) wymian\u0119 dachu ko\u015bcio\u0142a. W ubieg\u0142\u0105 niedziel\u0119 na tac\u0119 z\u0142o\u017cono 13.420,00 z\u0142, na konto wp\u0142acono 120 z\u0142. Koszt inwestycji to ok 200.000,00 z\u0142, a obecnie na koncie znajduje si\u0119 54.650,00 z\u0142. Za ka\u017cd\u0105 ofiar\u0119 i przelewy na konto &#8211; B\u00f3g zap\u0142a\u0107!<\/li>\n<li style=\"text-align: justify;\">We <strong>wtorek<\/strong> w Domu Ludowym w D\u0142ugiem w godz. <strong>16:00 \u2013 18:00<\/strong> mo\u017cna dokonywa\u0107 wp\u0142at na budow\u0119 ko\u015bcio\u0142a filialnego w D\u0142ugiem-Por\u0119bach. We wrze\u015bniu rozpoczn\u0105 si\u0119 prace zwi\u0105zane z nakryciem budynku, a na koncie znajduje si\u0119 42.854,13 z\u0142. Do skarbony z\u0142o\u017cono 930 z\u0142 i tyle samo 10 os\u00f3b wp\u0142aci\u0142o na konto. Wszystkim sk\u0142adamy podzi\u0119kowanie, a szczeg\u00f3lnie anonimowemu darczy\u0144cy za 5.000,00 z\u0142 przekazane na ten cel. Koszt inwestycji to ponad 300.000, 00 z\u0142. Ofiarodawc\u00f3w ogarniamy wdzi\u0119czno\u015bci\u0105 i modlitw\u0105 zw\u0142aszcza w Nowennie do MB Nieustaj\u0105cej Pomocy.<\/li>\n<li style=\"text-align: justify;\">W <strong>\u015brod\u0119, <\/strong>25 sierpnia o <strong> 17:00<\/strong> Akcja Katolicka b\u0119dzie prowadzi\u0107 modlitw\u0119 w sz\u00f3stym dniu nowenny do \u015bw. Andrzeja Boboli, a po Mszy \u015bw. wieczornej Nowenna do MB Nieustaj\u0105cej Pomocy .<\/li>\n<li style=\"text-align: justify;\">W <strong>czwartek<\/strong> wystawienie Naj\u015bw. Sakramentu od godz. 17:00. O godz. 18:00 Msza \u015bw. W czwartek wypada <strong>uroczysto\u015b\u0107 MB Cz\u0119stochowskiej<\/strong>. Msze \u015bw. o godz. 7:00 i 18:00.<\/li>\n<li style=\"text-align: justify;\">Do nabycia prasa katolicka <em>Go\u015b\u0107 Niedzielny<\/em> i <em>Niedziela<\/em>. W <em>Go\u015bciu Niedzielnym <\/em>m.in. wspomnienie o zmar\u0142ym biskupie Hozerze oraz o tym jak skutecznie przekazywa\u0107 wiar\u0119 w rodzinie.<\/li>\n<li style=\"text-align: justify;\">Gminny O\u015brodek Kultury w Jedliczu og\u0142asza nab\u00f3r do Ogniska Muzycznego na rok szkolny 2021\/2022. Zapisy i informacje w GOK-u, a oferta dotycz\u0105ca instrument\u00f3w na tablicy og\u0142osze\u0144.<\/li>\n<li style=\"text-align: justify;\">Do sakramentu ma\u0142\u017ce\u0144stwa przygotowuj\u0105 si\u0119: Dawid SMYKA i Emilia GANCARZ z naszej parafii oraz Rados\u0142aw KRU\u0141A z parafii B\u0142a\u017cowa i Anna KRZYSZYTNIAK z naszej parafii. Zapowiedzi II.<\/li>\n<li style=\"text-align: justify;\">Gminny O\u015brodek Pomocy Spo\u0142ecznej w dniach 30 i 31 sierpnia b\u0119dzie wydawa\u0107 \u017cywno\u015b\u0107. Szczeg\u00f3\u0142y i harmonogram na tablicy og\u0142osze\u0144.<\/li>\n<li style=\"text-align: justify;\">W minionym tygodniu odprowadzili\u015bmy na miejsce wiecznego spoczynku: \u015bp. Zofi\u0119 KANI\u0118 z ul. Drozdowicza ur. w 1932 r., \u015bp. Zbigniewa KUBACKIEGO z ul. Konarskiego ur. w 1950 r. Zmar\u0142 tak\u017ce \u015bp. Ryszard SAMBORSKI z ul. Wierzbowej ur. w 1946 r. (pogrzeb w poniedzia\u0142ek). Polecajmy Zmar\u0142ych Bo\u017cemu Mi\u0142osierdziu <em>Wieczne odpoczywanie\u2026<\/em><\/li>\n<\/ol>\n","protected":false},"excerpt":{"rendered":"<p>&nbsp; XXI Niedziela zwyk\u0142a, 22 sierpnia 2021 r. Og\u0142oszenia duszpasterskie &nbsp; Sk\u0142adamy podzi\u0119kowanie za ofiary z\u0142o\u017cone na Fundusz Inwestycyjny Parafii z przeznaczeniem na cz\u0119\u015bciow\u0105 (nad prezbiterium) wymian\u0119 dachu ko\u015bcio\u0142a. W ubieg\u0142\u0105 niedziel\u0119 na tac\u0119 z\u0142o\u017cono 13.420,00 z\u0142, na konto wp\u0142acono 120 z\u0142. Koszt inwestycji to ok 200.000,00 z\u0142, a obecnie na koncie znajduje si\u0119 54.650,00 [&hellip;]<\/p>\n","protected":false},"author":2,"featured_media":0,"comment_status":"closed","ping_status":"open","sticky":false,"template":"","format":"standard","meta":{"ngg_post_thumbnail":0},"categories":[16,18,17],"tags":[],"_links":{"self":[{"href":"https:\/\/jedlicze.przemyska.pl\/index.php\/wp-json\/wp\/v2\/posts\/1574"}],"collection":[{"href":"https:\/\/jedlicze.przemyska.pl\/index.php\/wp-json\/wp\/v2\/posts"}],"about":[{"href":"https:\/\/jedlicze.przemyska.pl\/index.php\/wp-json\/wp\/v2\/types\/post"}],"author":[{"embeddable":true,"href":"https:\/\/jedlicze.przemyska.pl\/index.php\/wp-json\/wp\/v2\/users\/2"}],"replies":[{"embeddable":true,"href":"https:\/\/jedlicze.przemyska.pl\/index.php\/wp-json\/wp\/v2\/comments?post=1574"}],"version-history":[{"count":1,"href":"https:\/\/jedlicze.przemyska.pl\/index.php\/wp-json\/wp\/v2\/posts\/1574\/revisions"}],"predecessor-version":[{"id":1575,"href":"https:\/\/jedlicze.przemyska.pl\/index.php\/wp-json\/wp\/v2\/posts\/1574\/revisions\/1575"}],"wp:attachment":[{"href":"https:\/\/jedlicze.przemyska.pl\/index.php\/wp-json\/wp\/v2\/media?parent=1574"}],"wp:term":[{"taxonomy":"category","embeddable":true,"href":"https:\/\/jedlicze.przemyska.pl\/index.php\/wp-json\/wp\/v2\/categories?post=1574"},{"taxonomy":"post_tag","embeddable":true,"href":"https:\/\/jedlicze.przemyska.pl\/index.php\/wp-json\/wp\/v2\/tags?post=1574"}],"curies":[{"name":"wp","href":"https:\/\/api.w.org\/{rel}","templated":true}]}}