{"id":2397,"date":"2023-03-11T18:45:08","date_gmt":"2023-03-11T17:45:08","guid":{"rendered":"https:\/\/jedlicze.przemyska.pl\/?p=2397"},"modified":"2023-03-12T10:11:56","modified_gmt":"2023-03-12T09:11:56","slug":"ogloszenia-duszpasterskie-iii-niedziela-wielkiego-postu-12-marca","status":"publish","type":"post","link":"https:\/\/jedlicze.przemyska.pl\/index.php\/2023\/03\/11\/ogloszenia-duszpasterskie-iii-niedziela-wielkiego-postu-12-marca\/","title":{"rendered":"Og\u0142oszenia duszpasterskie &#8211; III Niedziela Wielkiego Postu, 12 marca"},"content":{"rendered":"<p style=\"text-align: center;\"><b>III Niedziela Wielkiego Postu, 12 marca 2022 r.<\/b><\/p>\n<p style=\"text-align: center;\"><b>Og\u0142oszenia duszpasterskie<span class=\"Apple-converted-space\">&nbsp;<\/span><\/b><\/p>\n<ol>\n<li style=\"text-align: justify;\">Dzisiaj zapraszamy jeszcze o <b>godz. 17:00<\/b> na nabo\u017ce\u0144stwo <b>Gorzkich \u017bali<\/b> z kazaniem pasyjnym, po kt\u00f3rym b\u0119dzie adoracja krzy\u017ca przez m\u0142odzie\u017c m\u0119sk\u0105. Za tydzie\u0144 krzy\u017c adorowa\u0107 b\u0119dzie m\u0142odzie\u017c \u017ce\u0144ska. Przypominamy, \u017ce w czasie Gorzkich \u017bali zbierana jest taca na kwiaty i dekoracje \u015bwi\u0105teczn\u0105. Ofiary na kwiaty do Bo\u017cego Grobu mo\u017cna r\u00f3wnie\u017c sk\u0142ada\u0107 do skarbonki przy ostatnich \u0142awkach.<span class=\"Apple-converted-space\">&nbsp;<\/span><\/li>\n<li style=\"text-align: justify;\">We <b>wtorek<\/b> nowenna do <b>\u015bw. Antoniego<\/b>, w <b>\u015brod\u0119<\/b> do <b>MB Nieustaj\u0105cej Pomocy<\/b>, w <b>czwartek<\/b> wystawienia Naj\u015bwi\u0119tszego Sakramentu (adoracja przez godzin\u0119 po Mszy \u015bw.). We wtorek po Mszy \u015bw. wieczornej zapraszamy na drugie spotkanie modlitewne S\u0142owem Bo\u017cym \u2013 <i>lectio divina<\/i>.<span class=\"Apple-converted-space\">&nbsp;<\/span><\/li>\n<li style=\"text-align: justify;\">Droga Krzy\u017cowa dla <b>dzieci<\/b> w <b>czwartek<\/b> o godz. <b>17:30<\/b>, dla <b>doros\u0142ych<\/b> w <b>pi\u0105tek<\/b> po Mszy \u015bw. wieczornej, a dla <b>m\u0142odzie\u017cy<\/b> o godz. <b>19:30<\/b>.<\/li>\n<li>W czwartek, 16 marca w ko\u015bciele oo. Franciszkan\u00f3w w Kro\u015bnie o godz. 17:00 zostanie odprawiona Msza \u015bw., po kt\u00f3rej ruszy Droga Krzy\u017cowa ulicami miasta.&nbsp;<\/li>\n<li style=\"text-align: justify;\"><b>Spotkania formacyjne<\/b>: w \u015brod\u0119 ministranci, w czwartek Akcja Katolicka, w pi\u0105tek KSM, w sobot\u0119 schola.<span class=\"Apple-converted-space\">&nbsp;<\/span><\/li>\n<li style=\"text-align: justify;\">Za tydzie\u0144 sk\u0142adka na Fundusz Inwestycyjny Parafii.<span class=\"Apple-converted-space\">&nbsp;<\/span><\/li>\n<li style=\"text-align: justify;\">Do nabycia <i>Go\u015b\u0107 Niedzielny i Niedziela<\/i>. Zach\u0119camy do nabywania i czytania prasy katolickiej. <span class=\"Apple-converted-space\">&nbsp;<\/span><\/li>\n<li style=\"text-align: justify;\">Dost\u0119pne s\u0105 paschaliki Caritas i mi\u00f3d (jako wsparcie dla Hospicjum w Kro\u015bnie) w cenie 10 z\u0142.<span class=\"Apple-converted-space\">&nbsp;<\/span><\/li>\n<li style=\"text-align: justify;\">Parafialne Ko\u0142o Caritas prowadzi zbi\u00f3rk\u0119 \u017cywno\u015bci o przed\u0142u\u017conym terminie spo\u017cycia i innych potrzebnych artyku\u0142\u00f3w jako \u015bwi\u0105teczn\u0105 pomoc naszym parafianom. W lokalnych sklepach do koszy oznaczonych logo CARITAS do<span class=\"Apple-converted-space\">&nbsp; <\/span>ko\u0144ca marca br. mo\u017cna sk\u0142ada\u0107 odpowiednie produkty. Ofiarodawcom natomiast wyra\u017camy gor\u0105ce podzi\u0119kowanie: B\u00f3g zap\u0142a\u0107!<\/li>\n<\/ol>\n","protected":false},"excerpt":{"rendered":"<p>III Niedziela Wielkiego Postu, 12 marca 2022 r. Og\u0142oszenia duszpasterskie&nbsp; Dzisiaj zapraszamy jeszcze o godz. 17:00 na nabo\u017ce\u0144stwo Gorzkich \u017bali z kazaniem pasyjnym, po kt\u00f3rym b\u0119dzie adoracja krzy\u017ca przez m\u0142odzie\u017c m\u0119sk\u0105. Za tydzie\u0144 krzy\u017c adorowa\u0107 b\u0119dzie m\u0142odzie\u017c \u017ce\u0144ska. Przypominamy, \u017ce w czasie Gorzkich \u017bali zbierana jest taca na kwiaty i dekoracje \u015bwi\u0105teczn\u0105. Ofiary na kwiaty [&hellip;]<\/p>\n","protected":false},"author":2,"featured_media":0,"comment_status":"closed","ping_status":"open","sticky":false,"template":"","format":"standard","meta":{"ngg_post_thumbnail":0},"categories":[16,18,17],"tags":[],"_links":{"self":[{"href":"https:\/\/jedlicze.przemyska.pl\/index.php\/wp-json\/wp\/v2\/posts\/2397"}],"collection":[{"href":"https:\/\/jedlicze.przemyska.pl\/index.php\/wp-json\/wp\/v2\/posts"}],"about":[{"href":"https:\/\/jedlicze.przemyska.pl\/index.php\/wp-json\/wp\/v2\/types\/post"}],"author":[{"embeddable":true,"href":"https:\/\/jedlicze.przemyska.pl\/index.php\/wp-json\/wp\/v2\/users\/2"}],"replies":[{"embeddable":true,"href":"https:\/\/jedlicze.przemyska.pl\/index.php\/wp-json\/wp\/v2\/comments?post=2397"}],"version-history":[{"count":4,"href":"https:\/\/jedlicze.przemyska.pl\/index.php\/wp-json\/wp\/v2\/posts\/2397\/revisions"}],"predecessor-version":[{"id":2401,"href":"https:\/\/jedlicze.przemyska.pl\/index.php\/wp-json\/wp\/v2\/posts\/2397\/revisions\/2401"}],"wp:attachment":[{"href":"https:\/\/jedlicze.przemyska.pl\/index.php\/wp-json\/wp\/v2\/media?parent=2397"}],"wp:term":[{"taxonomy":"category","embeddable":true,"href":"https:\/\/jedlicze.przemyska.pl\/index.php\/wp-json\/wp\/v2\/categories?post=2397"},{"taxonomy":"post_tag","embeddable":true,"href":"https:\/\/jedlicze.przemyska.pl\/index.php\/wp-json\/wp\/v2\/tags?post=2397"}],"curies":[{"name":"wp","href":"https:\/\/api.w.org\/{rel}","templated":true}]}}