{"id":2404,"date":"2023-03-18T19:45:51","date_gmt":"2023-03-18T18:45:51","guid":{"rendered":"https:\/\/jedlicze.przemyska.pl\/?p=2404"},"modified":"2023-03-18T16:02:14","modified_gmt":"2023-03-18T15:02:14","slug":"ogloszenia-duszpasterskie-iv-niedziela-wielkiego-postu-19-marca","status":"publish","type":"post","link":"https:\/\/jedlicze.przemyska.pl\/index.php\/2023\/03\/18\/ogloszenia-duszpasterskie-iv-niedziela-wielkiego-postu-19-marca\/","title":{"rendered":"Og\u0142oszenia duszpasterskie &#8211; IV Niedziela Wielkiego Postu, 19 marca"},"content":{"rendered":"<p style=\"text-align: center;\"><b>IV Niedziela Wielkiego Postu, 19 marca 2022 r.<\/b><\/p>\n<p style=\"text-align: center;\"><b>Og\u0142oszenia duszpasterskie<span class=\"Apple-converted-space\">&nbsp;<\/span><\/b><\/p>\n<ol>\n<li style=\"text-align: justify;\">Dzisiejsza sk\u0142adka przeznaczona jest na Fundusz Inwestycyjny Parafii. Przypominamy, \u017ce w tym roku planujemy kontynuowa\u0107 prace przy wymianie dachu ko\u015bcio\u0142a parafialnego. Wszystkim ofiarodawcom i ludziom dobrej woli wp\u0142acaj\u0105cym na konto wyra\u017camy podzi\u0119kowanie: B\u00f3g zap\u0142a\u0107!<\/li>\n<li style=\"text-align: justify;\">Dzisiaj zapraszamy jeszcze o <b>godz. 17:00<\/b> na nabo\u017ce\u0144stwo <b>Gorzkich \u017bali<\/b> z kazaniem pasyjnym, po kt\u00f3rym b\u0119dzie adoracja krzy\u017ca przez m\u0142odzie\u017c \u017ce\u0144ska. Za tydzie\u0144 krzy\u017c adorowa\u0107 b\u0119d\u0105 dzieci, zapraszamy zatem dzieci z rodzicami. W czasie Gorzkich \u017bali zbierana jest taca na kwiaty i dekoracje \u015bwi\u0105teczn\u0105.<span class=\"Apple-converted-space\">&nbsp;<\/span><\/li>\n<li style=\"text-align: justify;\">Jutro wypada przesuni\u0119ta liturgicznie uroczysto\u015b\u0107 \u015bw. J\u00f3zefa, Oblubie\u0144ca NMP. Jest to dzie\u0144 szczeg\u00f3lnej modlitwy za ojc\u00f3w oraz imieniny ks. abp. seniora J\u00f3zefa Michalika, zapraszamy do wsp\u00f3lnej modlitwy zw\u0142aszcza na Mszy \u015bw. wieczornej.<\/li>\n<li style=\"text-align: justify;\">We <b>wtorek<\/b> nowenna do <b>\u015bw. Antoniego<\/b>, w <b>\u015brod\u0119<\/b> do <b>MB Nieustaj\u0105cej Pomocy<\/b>, w <b>czwartek<\/b> wystawienia Naj\u015bwi\u0119tszego Sakramentu (adoracja przez godzin\u0119 po Mszy \u015bw.). We wtorek po Mszy \u015bw. wieczornej zapraszamy na spotkanie modlitewne S\u0142owem Bo\u017cym \u2013 <i>lectio divina<\/i>.<span class=\"Apple-converted-space\">&nbsp;<\/span><\/li>\n<li style=\"text-align: justify;\">Droga Krzy\u017cowa dla <b>dzieci<\/b> w <b>czwartek<\/b> o godz. <b>17:30<\/b>, dla <b>doros\u0142ych<\/b> w <b>pi\u0105tek<\/b> po Mszy \u015bw. wieczornej, a dla <b>m\u0142odzie\u017cy<\/b> o godz. <b>19:30<\/b>.<\/li>\n<li style=\"text-align: justify;\">W sobot\u0119 Uroczysto\u015b\u0107 Zwiastowania Pa\u0144skiego \u2013 Dzie\u0144 \u015awi\u0119to\u015bci \u017bycia. Modlimy si\u0119 o poszanowanie ludzkiego \u017cycia od chwili pocz\u0119cia do naturalnej \u015bmierci. W tym dniu na Mszy \u015bw. wieczornej b\u0119dzie mo\u017cliwo\u015b\u0107 przyst\u0105pienia do duchowej adopcji dziecka pocz\u0119tego, a tak\u017ce przyj\u0119cie nowych \u201eMargaretek\u201d.<\/li>\n<li style=\"text-align: justify;\"><b>Spotkania formacyjne<\/b>: w \u015brod\u0119 ministranci i grupa Szkaplerzna (po Mszy \u015bw. wieczornej), tak\u017ce w \u015brod\u0119 ale o godz. 17:00 w ko\u015bciele spotkanie Ko\u0142a Radia Maryja, w pi\u0105tek KSM, w sobot\u0119 schola.<span class=\"Apple-converted-space\">&nbsp;<\/span><\/li>\n<li style=\"text-align: justify;\">W \u015brod\u0119, 22 marca w godz. 16:00 \u2013 18:00 w Domu Ludowym w D\u0142ugiem mo\u017cna wp\u0142aca\u0107 na budow\u0119 ko\u015bcio\u0142a filialnego. Wszystkim ofiarodawcom: B\u00f3g zap\u0142a\u0107!<\/li>\n<li style=\"text-align: justify;\">Do nabycia <i>Go\u015b\u0107 Niedzielny i Niedziela<\/i>. W obecnym numerze <i>Niedzieli<\/i><i> <\/i>o atakach na osob\u0119 \u015bw. Jana Paw\u0142a II, klucz do zrozumienia tajemnicy \u017cycia, o m\u0119skim zaanga\u017cowaniu w Ko\u015bci\u00f3\u0142. W <i>Go\u015bciu Niedzielnym <\/i>o<span class=\"Apple-converted-space\">&nbsp;<\/span><\/li>\n<li style=\"text-align: justify;\">W zakrystii dost\u0119pne s\u0105 jeszcze paschaliki Caritas. Zach\u0119camy tak\u017ce do sk\u0142adania ja\u0142mu\u017cny wielkopostnej do skarbonek, kt\u00f3re mo\u017cna zabra\u0107 ze stolika przy prasie katolickiej.<span class=\"Apple-converted-space\">&nbsp;<\/span><\/li>\n<li style=\"text-align: justify;\">Od dzi\u015b do soboty mo\u017cna ofiar\u0105 wspiera\u0107 rodzin\u0119 na Ukrainie. Ofiary sk\u0142adamy do skrzynki z ty\u0142u \u0142awek z logo Caritas i has\u0142em Rodzina-Rodzinie. Celem akcji jest wsparcie rodziny na Ukrainie, kt\u00f3ra otrzymuje r\u00f3wnowarto\u015b\u0107 1.300 z\u0142.<span class=\"Apple-converted-space\">&nbsp;<\/span><\/li>\n<li style=\"text-align: justify;\">Parafialne Ko\u0142o Caritas prowadzi zbi\u00f3rk\u0119 \u017cywno\u015bci i innych potrzebnych artyku\u0142\u00f3w jako \u015bwi\u0105teczn\u0105 pomoc naszym parafianom. W lokalnych sklepach do koszy oznaczonych logo CARITAS mo\u017cna sk\u0142ada\u0107 odpowiednie produkty. Darczy\u0144com wyra\u017camy gor\u0105ce podzi\u0119kowanie: B\u00f3g zap\u0142a\u0107!<\/li>\n<li style=\"text-align: justify;\">W nocy z soboty na niedziel\u0119 zmiana czasu na letni (z godz. 2:00 na 3:00).<span class=\"Apple-converted-space\">&nbsp;<\/span><\/li>\n<li style=\"text-align: justify;\">W ubieg\u0142ym tygodniu do wieczno\u015bci odszed\u0142 pochodz\u0105cy z naszej parafii, a ostatnio zamieszka\u0142y w Domu Ksi\u0119\u017cy Emeryt\u00f3w w Korczynie \u015bp. ks. W\u0142adys\u0142aw KRZY\u015aCIAK. Polecajmy Zmar\u0142ego Kap\u0142ana Bo\u017cemu Mi\u0142osierdziu: <i>Wieczne odpoczywanie&#8230;<\/i><span class=\"Apple-converted-space\">&nbsp;<\/span><\/li>\n<\/ol>\n","protected":false},"excerpt":{"rendered":"<p>IV Niedziela Wielkiego Postu, 19 marca 2022 r. Og\u0142oszenia duszpasterskie&nbsp; Dzisiejsza sk\u0142adka przeznaczona jest na Fundusz Inwestycyjny Parafii. Przypominamy, \u017ce w tym roku planujemy kontynuowa\u0107 prace przy wymianie dachu ko\u015bcio\u0142a parafialnego. Wszystkim ofiarodawcom i ludziom dobrej woli wp\u0142acaj\u0105cym na konto wyra\u017camy podzi\u0119kowanie: B\u00f3g zap\u0142a\u0107! Dzisiaj zapraszamy jeszcze o godz. 17:00 na nabo\u017ce\u0144stwo Gorzkich \u017bali z [&hellip;]<\/p>\n","protected":false},"author":2,"featured_media":0,"comment_status":"closed","ping_status":"open","sticky":false,"template":"","format":"standard","meta":{"ngg_post_thumbnail":0},"categories":[16,18,17],"tags":[],"_links":{"self":[{"href":"https:\/\/jedlicze.przemyska.pl\/index.php\/wp-json\/wp\/v2\/posts\/2404"}],"collection":[{"href":"https:\/\/jedlicze.przemyska.pl\/index.php\/wp-json\/wp\/v2\/posts"}],"about":[{"href":"https:\/\/jedlicze.przemyska.pl\/index.php\/wp-json\/wp\/v2\/types\/post"}],"author":[{"embeddable":true,"href":"https:\/\/jedlicze.przemyska.pl\/index.php\/wp-json\/wp\/v2\/users\/2"}],"replies":[{"embeddable":true,"href":"https:\/\/jedlicze.przemyska.pl\/index.php\/wp-json\/wp\/v2\/comments?post=2404"}],"version-history":[{"count":3,"href":"https:\/\/jedlicze.przemyska.pl\/index.php\/wp-json\/wp\/v2\/posts\/2404\/revisions"}],"predecessor-version":[{"id":2407,"href":"https:\/\/jedlicze.przemyska.pl\/index.php\/wp-json\/wp\/v2\/posts\/2404\/revisions\/2407"}],"wp:attachment":[{"href":"https:\/\/jedlicze.przemyska.pl\/index.php\/wp-json\/wp\/v2\/media?parent=2404"}],"wp:term":[{"taxonomy":"category","embeddable":true,"href":"https:\/\/jedlicze.przemyska.pl\/index.php\/wp-json\/wp\/v2\/categories?post=2404"},{"taxonomy":"post_tag","embeddable":true,"href":"https:\/\/jedlicze.przemyska.pl\/index.php\/wp-json\/wp\/v2\/tags?post=2404"}],"curies":[{"name":"wp","href":"https:\/\/api.w.org\/{rel}","templated":true}]}}