{"id":2419,"date":"2023-04-06T18:45:02","date_gmt":"2023-04-06T16:45:02","guid":{"rendered":"https:\/\/jedlicze.przemyska.pl\/?p=2419"},"modified":"2023-04-06T14:44:15","modified_gmt":"2023-04-06T12:44:15","slug":"ogloszenia-duszpasterskie-wielki-czwartek-06-04-2023","status":"publish","type":"post","link":"https:\/\/jedlicze.przemyska.pl\/index.php\/2023\/04\/06\/ogloszenia-duszpasterskie-wielki-czwartek-06-04-2023\/","title":{"rendered":"Og\u0142oszenia duszpasterskie &#8211; Wielki Czwartek, 06.04.2023"},"content":{"rendered":"<p style=\"text-align: center;\"><b>Wielki Czwartek, 6 kwietnia 2023 r.<\/b><\/p>\n<p style=\"text-align: center;\"><b>Og\u0142oszenia duszpasterskie<span class=\"Apple-converted-space\">&nbsp;<\/span><\/b><\/p>\n<ol>\n<li style=\"text-align: justify;\">Dzisiaj adoracja w Ciemnicy do godz. 22:00. Od godz. 20:00 do 21:00 adoracj\u0119 prowadzi\u0107 b\u0119dzie m\u0142odzie\u017c z KSM-u.<\/li>\n<li style=\"text-align: justify;\">Jutro, Wielki Pi\u0105tek obowi\u0105zuje post jako\u015bciowy i ilo\u015bciowy. <b>Wstrzemi\u0119\u017aliwo\u015b\u0107 od pokarm\u00f3w mi\u0119snych<\/b> obowi\u0105zuje wszystkich, kt\u00f3rzy uko\u0144czyli <b>14 rok \u017cycia<\/b>, a <b>post ilo\u015bciowy<\/b> (3 posi\u0142ki w ci\u0105gu dnia, w tym jeden do syta) obowi\u0105zuje wszystkich, kt\u00f3rzy uko\u0144czyli <b>18 rok \u017cycia<\/b>, a nie rozpocz\u0119li 60-tego. Zach\u0119camy r\u00f3wnie\u017c do zachowania postu jako\u015bciowego w Wielk\u0105 Sobot\u0119, aby dzi\u0119ki temu z wi\u0119ksz\u0105 wdzi\u0119czno\u015bci\u0105 zasi\u0105\u015b\u0107 do \u015bwi\u0105tecznego sto\u0142u. W <b>pi\u0105tek <\/b>o<b> godz. 9:00 <\/b>od Dobieszyna wyruszy<b> Droga Krzy\u017cowa <\/b>ulicami miasta. Dla os\u00f3b chc\u0105cych dosta\u0107 si\u0119 na miejsce modlitwy podstawiony b\u0119dzie autokar przy ko\u015bciele o godz. 8:00. Planowane s\u0105 dwa kursy.<span class=\"Apple-converted-space\">&nbsp;Ofiary sk\u0142adane&nbsp;przy&nbsp;adoracji krzy\u017ca przeznaczone s\u0105 na utrzymanie i renowacj\u0119&nbsp;zabytk\u00f3w w Ziemii \u015awi\u0119tej.&nbsp;<\/span><\/li>\n<li style=\"text-align: justify;\">Jutro o godz. <b>15:00<\/b> b\u0119dzie <b>Koronka do Bo\u017cego Mi\u0142osierdzia<\/b> i pierwszy dzie\u0144 nowenny przed \u015bwi\u0119tem Bo\u017cego Mi\u0142osierdzia. Wieczorem<b> Liturgia M\u0119ki Pa\u0144skiej <\/b>rozpocznie si\u0119 o <b>godz. 18:00, <\/b>a po niej mo\u017cliwo\u015b\u0107 adoracji do godz. 24:00. Od godz. 20:00 do 21:00 adoracj\u0119 poprowadzi m\u0142odzie\u017c z KSM-u. Zar\u00f3wno w pi\u0105tek jak i sobot\u0119 ko\u015bci\u00f3\u0142 b\u0119dzie otwarty od godz. 6:00.<\/li>\n<li style=\"text-align: justify;\">W <b>Wielk\u0105 Sobot\u0119<\/b> <b>po\u015bwi\u0119cenie pokarm\u00f3w<\/b> wielkanocnych co godzin\u0119 <b>od godz. 9:00 do 12:00<\/b>. Poza ko\u015bcio\u0142em po\u015bwi\u0119cenie pokarm\u00f3w b\u0119dzie o godz. 9:00 w Chlebnej i M\u0119cince, 9:30 w Por\u0119bach i przy ul. Armii Krajowej, o 10:00 w D\u0142ugiem i na Borku. Prosimy, aby z Chlebnej i M\u0119cinki przyjecha\u0107 po ksi\u0119\u017cy.<span class=\"Apple-converted-space\">&nbsp;<\/span><\/li>\n<li style=\"text-align: justify;\">Liturgia<b> Wigilii Paschalnej<\/b> rozpocznie si\u0119 przed ko\u015bcio\u0142em przy ognisku o godz. <b>19:30.<\/b> Na t\u0119 liturgi\u0119 przynosimy \u015bwiece. Po zako\u0144czonej Mszy \u015bw. adoracja do godz. 22:00.<\/li>\n<li style=\"text-align: justify;\">W Niedziel\u0119 <b>Wielkanocn\u0105<\/b> &#8211; rezurekcja o godz. <b>6:00<\/b>, p\u00f3\u017aniej Msze \u015bw. o godz. <b>9:00<\/b>; <b>11:00<\/b>; i <b>12:30<\/b>. Nie b\u0119dzie Mszy wieczornej ani w Wielkanoc, ani Poniedzia\u0142ek Wielkanocny. W Poniedzia\u0142ek Wielkanocny Msze \u015bw. o godz. 7:00; 9:00; 11:00 i 12:30. Sk\u0142adka na katolickie uczelnie wy\u017csze.<\/li>\n<li style=\"text-align: justify;\">Przypominamy, \u017ce w niedziele i \u015bwi\u0119ta Komunia \u015bw. jest udzielana w nawie g\u0142\u00f3wnej na \u015brodku i prosimy podchodzi\u0107 procesyjnie w dw\u00f3ch rz\u0119dach, a Komuni\u0119 przyjmowa\u0107 w postawie stoj\u0105cej, po uprzednim przykl\u0119kni\u0119ciu, natomiast w nawach bocznych podchodzimy do balasek. W dni powszednie Komunia \u015bw. udzielana jest przy balaskach.<span class=\"Apple-converted-space\">&nbsp;<\/span><\/li>\n<li style=\"text-align: justify;\">Do nabycia \u015bwi\u0105teczne numery <i>Go\u015bcia Niedzielnego<span class=\"Apple-converted-space\">&nbsp; <\/span><\/i>i <i>Niedzieli<\/i>&nbsp;z warto\u015bciowymi artyku\u0142ami o Wielkanocy. Jest jeszcze <i>Go\u015b\u0107 Extra <\/i>po\u015bwi\u0119cony znakom m\u0119ki Chrystusa m.in. Relikwiom Krzy\u017ca.<span class=\"Apple-converted-space\">&nbsp;<\/span><\/li>\n<li style=\"text-align: justify;\">W tym tygodniu do wieczno\u015bci odeszli: \u015bp. Eugeniusz D\u0141UGOSZ z \u017barnowca \u2013 Wisze ur. w 1933 r., \u015bp. Jan BUGIEL z Por\u0119b ur. w 1946 r., \u015bp. W\u0142adys\u0142awa SAWKO z ul. G\u0142owackiego ur. w 1935 r. i \u015bp. Leszek SMYKA z ul. Tokarskich ur. w 1968 r. (pogrzeb we wtorek). Polecajmy Zmar\u0142ych Bo\u017cemu Mi\u0142osierdziu: <i>Wieczne odpoczywanie&#8230;<\/i><\/li>\n<\/ol>\n","protected":false},"excerpt":{"rendered":"<p>Wielki Czwartek, 6 kwietnia 2023 r. Og\u0142oszenia duszpasterskie&nbsp; Dzisiaj adoracja w Ciemnicy do godz. 22:00. Od godz. 20:00 do 21:00 adoracj\u0119 prowadzi\u0107 b\u0119dzie m\u0142odzie\u017c z KSM-u. Jutro, Wielki Pi\u0105tek obowi\u0105zuje post jako\u015bciowy i ilo\u015bciowy. Wstrzemi\u0119\u017aliwo\u015b\u0107 od pokarm\u00f3w mi\u0119snych obowi\u0105zuje wszystkich, kt\u00f3rzy uko\u0144czyli 14 rok \u017cycia, a post ilo\u015bciowy (3 posi\u0142ki w ci\u0105gu dnia, w tym [&hellip;]<\/p>\n","protected":false},"author":2,"featured_media":0,"comment_status":"closed","ping_status":"open","sticky":false,"template":"","format":"standard","meta":{"ngg_post_thumbnail":0},"categories":[16,18,17],"tags":[],"_links":{"self":[{"href":"https:\/\/jedlicze.przemyska.pl\/index.php\/wp-json\/wp\/v2\/posts\/2419"}],"collection":[{"href":"https:\/\/jedlicze.przemyska.pl\/index.php\/wp-json\/wp\/v2\/posts"}],"about":[{"href":"https:\/\/jedlicze.przemyska.pl\/index.php\/wp-json\/wp\/v2\/types\/post"}],"author":[{"embeddable":true,"href":"https:\/\/jedlicze.przemyska.pl\/index.php\/wp-json\/wp\/v2\/users\/2"}],"replies":[{"embeddable":true,"href":"https:\/\/jedlicze.przemyska.pl\/index.php\/wp-json\/wp\/v2\/comments?post=2419"}],"version-history":[{"count":2,"href":"https:\/\/jedlicze.przemyska.pl\/index.php\/wp-json\/wp\/v2\/posts\/2419\/revisions"}],"predecessor-version":[{"id":2421,"href":"https:\/\/jedlicze.przemyska.pl\/index.php\/wp-json\/wp\/v2\/posts\/2419\/revisions\/2421"}],"wp:attachment":[{"href":"https:\/\/jedlicze.przemyska.pl\/index.php\/wp-json\/wp\/v2\/media?parent=2419"}],"wp:term":[{"taxonomy":"category","embeddable":true,"href":"https:\/\/jedlicze.przemyska.pl\/index.php\/wp-json\/wp\/v2\/categories?post=2419"},{"taxonomy":"post_tag","embeddable":true,"href":"https:\/\/jedlicze.przemyska.pl\/index.php\/wp-json\/wp\/v2\/tags?post=2419"}],"curies":[{"name":"wp","href":"https:\/\/api.w.org\/{rel}","templated":true}]}}