{"id":2422,"date":"2023-04-08T13:04:14","date_gmt":"2023-04-08T11:04:14","guid":{"rendered":"https:\/\/jedlicze.przemyska.pl\/?p=2422"},"modified":"2023-04-08T13:04:14","modified_gmt":"2023-04-08T11:04:14","slug":"nowenna-przed-swietem-bozego-milosiedzia","status":"publish","type":"post","link":"https:\/\/jedlicze.przemyska.pl\/index.php\/2023\/04\/08\/nowenna-przed-swietem-bozego-milosiedzia\/","title":{"rendered":"Nowenna przed \u015awi\u0119tem Bo\u017cego Mi\u0142osiedzia"},"content":{"rendered":"<p><strong>Trwa nowenna przed \u015bwi\u0119tem Bo\u017cego Mi\u0142osierdzia<\/strong>. Zapraszamy do wsp\u00f3lnej modlitwy:<\/p>\n<p>w Wielk\u0105 Sobot\u0119 o godz. 15:00<\/p>\n<p>w Wielkanoc po sumie (Msza \u015bw. o godz. 11:00)<\/p>\n<p>w Poniedzia\u0142ek Wielkanocny po sumie ( Msza \u015bw. o godz. 11:00)<\/p>\n<p>od wtorku do soboty po Mszy \u015bw. wieczornej (Msza \u015bw. o godz. 18:00)<\/p>\n<p style=\"text-align: center;\"><strong>JEZU UFAMY TOBIE!<\/strong><\/p>\n","protected":false},"excerpt":{"rendered":"<p>Trwa nowenna przed \u015bwi\u0119tem Bo\u017cego Mi\u0142osierdzia. Zapraszamy do wsp\u00f3lnej modlitwy: w Wielk\u0105 Sobot\u0119 o godz. 15:00 w Wielkanoc po sumie (Msza \u015bw. o godz. 11:00) w Poniedzia\u0142ek Wielkanocny po sumie ( Msza \u015bw. o godz. 11:00) od wtorku do soboty po Mszy \u015bw. wieczornej (Msza \u015bw. o godz. 18:00) JEZU UFAMY TOBIE!<\/p>\n","protected":false},"author":2,"featured_media":0,"comment_status":"closed","ping_status":"open","sticky":false,"template":"","format":"standard","meta":{"ngg_post_thumbnail":0},"categories":[1],"tags":[],"_links":{"self":[{"href":"https:\/\/jedlicze.przemyska.pl\/index.php\/wp-json\/wp\/v2\/posts\/2422"}],"collection":[{"href":"https:\/\/jedlicze.przemyska.pl\/index.php\/wp-json\/wp\/v2\/posts"}],"about":[{"href":"https:\/\/jedlicze.przemyska.pl\/index.php\/wp-json\/wp\/v2\/types\/post"}],"author":[{"embeddable":true,"href":"https:\/\/jedlicze.przemyska.pl\/index.php\/wp-json\/wp\/v2\/users\/2"}],"replies":[{"embeddable":true,"href":"https:\/\/jedlicze.przemyska.pl\/index.php\/wp-json\/wp\/v2\/comments?post=2422"}],"version-history":[{"count":1,"href":"https:\/\/jedlicze.przemyska.pl\/index.php\/wp-json\/wp\/v2\/posts\/2422\/revisions"}],"predecessor-version":[{"id":2423,"href":"https:\/\/jedlicze.przemyska.pl\/index.php\/wp-json\/wp\/v2\/posts\/2422\/revisions\/2423"}],"wp:attachment":[{"href":"https:\/\/jedlicze.przemyska.pl\/index.php\/wp-json\/wp\/v2\/media?parent=2422"}],"wp:term":[{"taxonomy":"category","embeddable":true,"href":"https:\/\/jedlicze.przemyska.pl\/index.php\/wp-json\/wp\/v2\/categories?post=2422"},{"taxonomy":"post_tag","embeddable":true,"href":"https:\/\/jedlicze.przemyska.pl\/index.php\/wp-json\/wp\/v2\/tags?post=2422"}],"curies":[{"name":"wp","href":"https:\/\/api.w.org\/{rel}","templated":true}]}}