{"id":2424,"date":"2023-04-08T19:45:51","date_gmt":"2023-04-08T17:45:51","guid":{"rendered":"https:\/\/jedlicze.przemyska.pl\/?p=2424"},"modified":"2023-04-08T15:54:08","modified_gmt":"2023-04-08T13:54:08","slug":"ogloszenia-duszpasterskie-wielkanoc-09-04-2023","status":"publish","type":"post","link":"https:\/\/jedlicze.przemyska.pl\/index.php\/2023\/04\/08\/ogloszenia-duszpasterskie-wielkanoc-09-04-2023\/","title":{"rendered":"Og\u0142oszenia duszpasterskie &#8211; Wielkanoc, 09.04.2023"},"content":{"rendered":"<p style=\"text-align: center;\"><b>Wielkanoc, 9 kwietnia 2023 r.<\/b><\/p>\n<p style=\"text-align: center;\"><b>Og\u0142oszenia duszpasterskie<span class=\"Apple-converted-space\">&nbsp;<\/span><\/b><\/p>\n<ol>\n<li style=\"text-align: justify;\">Dzisiaj poza rezurekcj\u0105 Msze \u015bw. s\u0105 jeszcze o godz. <b>9:00; 11:00 i 12:30<\/b>. Nie ma Mszy wieczorem. Trwa nowenna przed \u015awi\u0119tem Mi\u0142osierdzia. Dzisiaj i w Poniedzia\u0142ek Wielkanocny <b>Koronka<\/b> po <b>sumie<\/b>, a od wtorku do soboty <b>po Mszy \u015bw. wieczornej<\/b>.<\/li>\n<li style=\"text-align: justify;\">Dzi\u0119kujemy wszystkim osobom zaanga\u017cowanym w przygotowanie Ciemnicy i Bo\u017cego Grobu, szczeg\u00f3lnie za liczniejsze przybycie i pomoc, a tak\u017ce za ofiary przekazywane na dekoracj\u0119 \u015bwi\u0105teczn\u0105. Dzi\u0119kujemy Stra\u017cy Po\u017carnej z OSP Jedlicze i OSP M\u0119cinka za czuwanie nad bezpiecze\u0144stwem podczas parafialnej drogi krzy\u017cowej w Wielki Pi\u0105tek oraz przygotowanie ogniska na Liturgi\u0119 Wigilii Paschalnej. Dzi\u0119kujemy wszystkim stra\u017cakom za czuwanie przy Bo\u017cym Grobie, KSM-owi za pi\u0119kne czuwania modlitewne w Wielki Czwartek i Pi\u0105tek, ministrantom za wsp\u00f3\u0142prac\u0119 z ks. Andrzejem i sprawn\u0105 s\u0142u\u017cb\u0119 liturgiczn\u0105, p. organi\u015bcie i ko\u015bcielnemu za dyspozycyjno\u015b\u0107 i przygotowanie oprawy nabo\u017ce\u0144stw, paniom przygotowuj\u0105cym \u015bwi\u0105teczny wystr\u00f3j o\u0142tarzy i ko\u015bcio\u0142a. Wszystkim zaanga\u017cowanym na r\u00f3\u017cny spos\u00f3b w przygotowania ko\u015bcio\u0142a i liturgii, za po\u015bwi\u0119cony czas i w\u0142o\u017cony wysi\u0142ek: B\u00f3g zap\u0142a\u0107!<\/li>\n<li style=\"text-align: justify;\">Jutro <b>drugi dzie\u0144 \u015bwi\u0105t<\/b>. Msze \u015bw. b\u0119d\u0105 tyko do po\u0142udnia <b>7:00, 9:00, 11:00 i 12:30<\/b>. Nie b\u0119dzie Mszy \u015bw. wieczornej. Sk\u0142adka na katolickie uczelnie wy\u017csze.<span class=\"Apple-converted-space\">&nbsp;<\/span><\/li>\n<li style=\"text-align: justify;\"><b>Trwa oktawa Wielkanocna<\/b>. Dla wszystkich kt\u00f3rzy nie brali udzia\u0142u w nabo\u017ce\u0144stwie Wielkanocnym udzia\u0142 we Mszy \u015bw. jest okazj\u0105 do osobistego spotkania z Jezusem Zmartwychwsta\u0142ych. W pi\u0105tek nie obowi\u0105zuje wstrzemi\u0119\u017aliwo\u015b\u0107 od pokarm\u00f3w mi\u0119snych.<span class=\"Apple-converted-space\">&nbsp;<\/span><\/li>\n<li style=\"text-align: justify;\">W pi\u0105tek po Mszy \u015bw. wieczornej w ko\u015bciele b\u0119dzie katecheza chrzcielna, na kt\u00f3r\u0105 zapraszamy rodzic\u00f3w i chrzestnych planuj\u0105cych w najbli\u017cszym czasie chrzest dziecka.<span class=\"Apple-converted-space\">&nbsp;<\/span><\/li>\n<li style=\"text-align: justify;\">Przypominamy o obowi\u0105zku przyj\u0119cia Komunii \u015bwi\u0119tej w okresie Wielkanocnym (od \u015arody Popielcowej do Niedzieli Tr\u00f3jcy \u015awi\u0119tej).<span class=\"Apple-converted-space\">&nbsp;<\/span><\/li>\n<li style=\"text-align: justify;\">Dzi\u0119kujemy w\u0142a\u015bcicielom sklep\u00f3w i wszystkim ofiarodawcom, za udzia\u0142 w akcji charytatywnej, dziel\u0105c si\u0119 z potrzebuj\u0105cymi i sk\u0142adaj\u0105c zakupione produkty przed \u015bwi\u0119tami. Za\u015b Parafialnemu Ko\u0142u Caritas dzi\u0119kujemy za przekazanie dar\u00f3w, kt\u00f3re pozwoli\u0142y osobom potrzebuj\u0105cym godnie zastawi\u0107 st\u00f3\u0142 \u015bwi\u0105teczny. Jednocze\u015bnie dzi\u0119kujemy wszystkim osobom, kt\u00f3re podzieli\u0142y si\u0119 \u015bwi\u0105tecznymi wypiekami i w\u0119dlinami z ksi\u0119\u017cmi. Wszystkim niech Pan B\u00f3g wynagrodzi!<span class=\"Apple-converted-space\">&nbsp;<\/span><\/li>\n<li style=\"text-align: justify;\">Za tydzie\u0144 <b>Niedziela Bo\u017cego Mi\u0142osierdzia<\/b>. Sk\u0142adka przeznaczona b\u0119dzie na Fundusz Inwestycyjny Parafii. W tym dniu dzieci przygotowuj\u0105ce si\u0119 do I Komunii \u015bw. na Mszy o godz. 12:30 b\u0119d\u0105 mie\u0107 odnowienie przyrzecze\u0144 chrzcielnych \u2013przynosz\u0105 ze sob\u0105 \u015bwiece chrzcielne. Po Mszach \u015bwi\u0119tych zbi\u00f3rka do puszek na Caritas. Osoby, kt\u00f3re sk\u0142ada\u0142y ja\u0142mu\u017cn\u0119 wielkopostn\u0105 do skarbonek prosimy, aby do niedzieli przynios\u0142y skarbonki do ko\u015bcio\u0142a, w celu przekazania ich do Caritas Archidiecezji Przemyskiej. W tym dniu odb\u0119dzie si\u0119 pielgrzymka do \u0141agiewnik. Wyjazd z parkingu przy ko\u015bciele o godz. 6:30. Prosi si\u0119 o potwierdzenie wyjazdu przez wp\u0142at\u0119 57 z\u0142.<span class=\"Apple-converted-space\">&nbsp;<\/span><\/li>\n<li style=\"text-align: justify;\">Do nabycia \u015bwi\u0105teczne numery prasy katolickiej: <i>Go\u015bcia Niedzielnego i Go\u015bcia Extra.<\/i><span class=\"Apple-converted-space\">&nbsp;<\/span><\/li>\n<li style=\"text-align: justify;\">Wszystkim Parafianom i przyby\u0142ym Go\u015bciom sk\u0142adamy najlepsze \u017cyczenia: Niech Zmartwychwsta\u0142y Chrystus b\u0142ogos\u0142awi na czas spotka\u0144 rodzinnych, w podr\u00f3\u017cach prowadzi szcze\u015bliwie do celu, a w \u017cyciu codziennym daje si\u0142\u0119 i m\u0119stwo do \u015bwiadectwa o mocy Jego Mi\u0142o\u015bci!<span class=\"Apple-converted-space\">&nbsp;<\/span><\/li>\n<\/ol>\n","protected":false},"excerpt":{"rendered":"<p>Wielkanoc, 9 kwietnia 2023 r. Og\u0142oszenia duszpasterskie&nbsp; Dzisiaj poza rezurekcj\u0105 Msze \u015bw. s\u0105 jeszcze o godz. 9:00; 11:00 i 12:30. Nie ma Mszy wieczorem. Trwa nowenna przed \u015awi\u0119tem Mi\u0142osierdzia. Dzisiaj i w Poniedzia\u0142ek Wielkanocny Koronka po sumie, a od wtorku do soboty po Mszy \u015bw. wieczornej. Dzi\u0119kujemy wszystkim osobom zaanga\u017cowanym w przygotowanie Ciemnicy i Bo\u017cego [&hellip;]<\/p>\n","protected":false},"author":2,"featured_media":0,"comment_status":"closed","ping_status":"open","sticky":false,"template":"","format":"standard","meta":{"ngg_post_thumbnail":0},"categories":[16,18,17],"tags":[],"_links":{"self":[{"href":"https:\/\/jedlicze.przemyska.pl\/index.php\/wp-json\/wp\/v2\/posts\/2424"}],"collection":[{"href":"https:\/\/jedlicze.przemyska.pl\/index.php\/wp-json\/wp\/v2\/posts"}],"about":[{"href":"https:\/\/jedlicze.przemyska.pl\/index.php\/wp-json\/wp\/v2\/types\/post"}],"author":[{"embeddable":true,"href":"https:\/\/jedlicze.przemyska.pl\/index.php\/wp-json\/wp\/v2\/users\/2"}],"replies":[{"embeddable":true,"href":"https:\/\/jedlicze.przemyska.pl\/index.php\/wp-json\/wp\/v2\/comments?post=2424"}],"version-history":[{"count":3,"href":"https:\/\/jedlicze.przemyska.pl\/index.php\/wp-json\/wp\/v2\/posts\/2424\/revisions"}],"predecessor-version":[{"id":2427,"href":"https:\/\/jedlicze.przemyska.pl\/index.php\/wp-json\/wp\/v2\/posts\/2424\/revisions\/2427"}],"wp:attachment":[{"href":"https:\/\/jedlicze.przemyska.pl\/index.php\/wp-json\/wp\/v2\/media?parent=2424"}],"wp:term":[{"taxonomy":"category","embeddable":true,"href":"https:\/\/jedlicze.przemyska.pl\/index.php\/wp-json\/wp\/v2\/categories?post=2424"},{"taxonomy":"post_tag","embeddable":true,"href":"https:\/\/jedlicze.przemyska.pl\/index.php\/wp-json\/wp\/v2\/tags?post=2424"}],"curies":[{"name":"wp","href":"https:\/\/api.w.org\/{rel}","templated":true}]}}