{"id":2448,"date":"2023-05-06T19:00:00","date_gmt":"2023-05-06T17:00:00","guid":{"rendered":"https:\/\/jedlicze.przemyska.pl\/?p=2448"},"modified":"2023-05-07T09:41:49","modified_gmt":"2023-05-07T07:41:49","slug":"ogloszenia-duszpasterskie-v-niedziela-wielkanocy-7-maja","status":"publish","type":"post","link":"https:\/\/jedlicze.przemyska.pl\/index.php\/2023\/05\/06\/ogloszenia-duszpasterskie-v-niedziela-wielkanocy-7-maja\/","title":{"rendered":"Og\u0142oszenia duszpasterskie &#8211; V Niedziela Wielkanocy, 7 maja"},"content":{"rendered":"<p style=\"text-align: center;\"><b>V Niedziela Wielkanocy, 7 maja 2023 r.<\/b><\/p>\n<p style=\"text-align: center;\"><b>Og\u0142oszenia duszpasterskie<span class=\"Apple-converted-space\">&nbsp;<\/span><\/b><\/p>\n<ol>\n<li style=\"text-align: justify;\">Dzisiaj niedziela adoracyjna i zmiana tajemnic r\u00f3\u017ca\u0144cowych. Za moment wystawienie Naj\u015bwi\u0119tszego Sakramentu i adoracja. Nabo\u017ce\u0144stwo majowe dzi\u015b o godz. 17:30. Taca dzisiejsza przeznaczona jest na potrzeby archidiecezji.<span class=\"Apple-converted-space\">&nbsp;<\/span><\/li>\n<li style=\"text-align: justify;\">Zapraszamy na <b>nabo\u017ce\u0144stwa majowe<\/b>. W tygodniu nabo\u017ce\u0144stwo<b> po Mszy \u015bw. wieczornej<\/b> z wyj\u0105tkiem czwartku i niedzieli (maj\u00f3wka o godz. 17:30). Dzieci za uczestnictwo zbieraj\u0105 naklejki na plansz\u0119 maryjn\u0105.<span class=\"Apple-converted-space\">&nbsp;<\/span><\/li>\n<li style=\"text-align: justify;\">Jutro uroczysto\u015b\u0107 \u015bw. Stanis\u0142awa Biskupa i M\u0119czennika, patrona Polski. Jest to jednocze\u015bnie dzie\u0144 imienin ks. bp. Stanis\u0142awa Jamrozka. Pami\u0119tajmy o dostojnym solenizancie w naszych modlitwach.<\/li>\n<li style=\"text-align: justify;\">W <b>czwartek <\/b>wystawienie Naj\u015bwi\u0119tszego Sakramentu i adoracja od godz. 17:00, o godz. 17:30 litania loreta\u0144ska, a p\u00f3\u017aniej Msza \u015bw.<span class=\"Apple-converted-space\">&nbsp;<\/span><\/li>\n<li style=\"text-align: justify;\"><b>Spotkania formacyjne:<\/b> w poniedzia\u0142ek Akcja Katolicka, we wtorek uczniowie klas VII (formacja przed bierzmowaniem), w \u015brod\u0119 ministranci oraz kandydaci do bierzmowania z klas VIII, w pi\u0105tek KSM, w sobot\u0119 schola.<span class=\"Apple-converted-space\">&nbsp;<\/span><\/li>\n<li style=\"text-align: justify;\">We<b> wtorek i pi\u0105tek <\/b>o godz. <b>16:30<\/b> b\u0119d\u0105 spotkania organizacyjne dla dzieci przygotowuj\u0105cych si\u0119 do I Komunii \u015bw. Prosimy rodzic\u00f3w o przybycie do ko\u015bcio\u0142a wraz z dzie\u0107mi.<span class=\"Apple-converted-space\">&nbsp;<\/span><\/li>\n<li>W <strong>pi\u0105tek<\/strong> po nabo\u017ce\u0144stwie wieczornym w ko\u015bciele odb\u0119dzie si\u0119 katecheza chrzcielna. Zapraszamy rodzic\u00f3w i chrzestnych, kt\u00f3rzy w najbli\u017cszym czasie planuj\u0105 chrzest dziecka.&nbsp;<\/li>\n<li style=\"text-align: justify;\">Ko\u0144czy si\u0119 okres wielkanocny, w kt\u00f3rym katolicy maj\u0105 obowi\u0105zek przyj\u0119cia Komunii \u015bw.<span class=\"Apple-converted-space\">&nbsp;<\/span><\/li>\n<li style=\"text-align: justify;\">Do nabycia prasa katolicka: <i>Niedziela<\/i> i <i>Go\u015b\u0107 Niedzielny<\/i>. W <i>Niedzieli <\/i>o problemach wynikaj\u0105cych ze zmniejszaj\u0105cej si\u0119 demografii w Polsce, o w\u0142a\u015bciwym rozumieniu objawie\u0144 maryjnych, jak rozumie\u0107 biblijny opis stworzenia \u015bwiata, albo jak wychowa\u0107 dziecko w relacji do Boga. W <i>Go\u015bciu Niedzielnym <\/i>pr\u00f3ba odpowiedzi na pytanie, czy da si\u0119 zorganizowa\u0107 I Komuni\u0119 tak, aby komercyjna otoczka nie zas\u0142oni\u0142a jej istoty: spotkania z \u017cywym Bogiem, o zatraceniu wiary na Zachodzie Europy i przestrogach, kt\u00f3re z tego p\u0142yn\u0105 dla nas.<span class=\"Apple-converted-space\">&nbsp;<\/span><\/li>\n<li style=\"text-align: justify;\">Burmistrz Jedlicza informuje mieszka\u0144c\u00f3w so\u0142ectwa Chlebna o spotkaniu informacyjnym w przysz\u0142\u0105 niedziel\u0119, tj. 14 maja w Domu Ludowym w Chlebnej na temat: podatk\u00f3w od nieruchomo\u015bci, rolnego i le\u015bnego. Szczeg\u00f3\u0142y na tablicy og\u0142osze\u0144.&nbsp;<\/li>\n<li>W ostatnim tygodniu do wieczno\u015bci odesz\u0142a \u015bp. Cecylia MUZYKA z ul. Polnej ur. w 1961 r. (pogrzeb w \u015brod\u0119). Polecajmy Zmar\u0142\u0105 Bo\u017cemu Mi\u0142osierdziu: <em>Wieczne odpoczywanie&#8230;<\/em><\/li>\n<\/ol>\n","protected":false},"excerpt":{"rendered":"<p>V Niedziela Wielkanocy, 7 maja 2023 r. Og\u0142oszenia duszpasterskie&nbsp; Dzisiaj niedziela adoracyjna i zmiana tajemnic r\u00f3\u017ca\u0144cowych. Za moment wystawienie Naj\u015bwi\u0119tszego Sakramentu i adoracja. Nabo\u017ce\u0144stwo majowe dzi\u015b o godz. 17:30. Taca dzisiejsza przeznaczona jest na potrzeby archidiecezji.&nbsp; Zapraszamy na nabo\u017ce\u0144stwa majowe. W tygodniu nabo\u017ce\u0144stwo po Mszy \u015bw. wieczornej z wyj\u0105tkiem czwartku i niedzieli (maj\u00f3wka o godz. [&hellip;]<\/p>\n","protected":false},"author":2,"featured_media":0,"comment_status":"closed","ping_status":"open","sticky":false,"template":"","format":"standard","meta":{"ngg_post_thumbnail":0},"categories":[16,18,17],"tags":[],"_links":{"self":[{"href":"https:\/\/jedlicze.przemyska.pl\/index.php\/wp-json\/wp\/v2\/posts\/2448"}],"collection":[{"href":"https:\/\/jedlicze.przemyska.pl\/index.php\/wp-json\/wp\/v2\/posts"}],"about":[{"href":"https:\/\/jedlicze.przemyska.pl\/index.php\/wp-json\/wp\/v2\/types\/post"}],"author":[{"embeddable":true,"href":"https:\/\/jedlicze.przemyska.pl\/index.php\/wp-json\/wp\/v2\/users\/2"}],"replies":[{"embeddable":true,"href":"https:\/\/jedlicze.przemyska.pl\/index.php\/wp-json\/wp\/v2\/comments?post=2448"}],"version-history":[{"count":7,"href":"https:\/\/jedlicze.przemyska.pl\/index.php\/wp-json\/wp\/v2\/posts\/2448\/revisions"}],"predecessor-version":[{"id":2455,"href":"https:\/\/jedlicze.przemyska.pl\/index.php\/wp-json\/wp\/v2\/posts\/2448\/revisions\/2455"}],"wp:attachment":[{"href":"https:\/\/jedlicze.przemyska.pl\/index.php\/wp-json\/wp\/v2\/media?parent=2448"}],"wp:term":[{"taxonomy":"category","embeddable":true,"href":"https:\/\/jedlicze.przemyska.pl\/index.php\/wp-json\/wp\/v2\/categories?post=2448"},{"taxonomy":"post_tag","embeddable":true,"href":"https:\/\/jedlicze.przemyska.pl\/index.php\/wp-json\/wp\/v2\/tags?post=2448"}],"curies":[{"name":"wp","href":"https:\/\/api.w.org\/{rel}","templated":true}]}}