{"id":2463,"date":"2023-05-20T19:45:19","date_gmt":"2023-05-20T17:45:19","guid":{"rendered":"https:\/\/jedlicze.przemyska.pl\/?p=2463"},"modified":"2023-05-20T14:34:31","modified_gmt":"2023-05-20T12:34:31","slug":"ogloszenia-duszpasterskie-wniebowstapienie-panskie-21-maja","status":"publish","type":"post","link":"https:\/\/jedlicze.przemyska.pl\/index.php\/2023\/05\/20\/ogloszenia-duszpasterskie-wniebowstapienie-panskie-21-maja\/","title":{"rendered":"Og\u0142oszenia duszpasterskie &#8211; Wniebowst\u0105pienie Pa\u0144skie, 21 maja"},"content":{"rendered":"<p style=\"text-align: center;\"><strong>Uroczysto\u015b\u0107 Wniebowst\u0105pienia Pa\u0144skiego, 21 maja 2023 r.<\/strong><\/p>\n<p style=\"text-align: center;\"><strong>Og\u0142oszenia duszpasterskie <\/strong><\/p>\n<p>&nbsp;<\/p>\n<ol>\n<li style=\"text-align: justify;\">Dzisiaj w naszej parafii o godz.<strong> 11:00&nbsp;<\/strong>jest&nbsp;<strong>I Komunia \u015bw.<\/strong>&nbsp;do kt\u00f3rej przyst\u0119puje 61 dzieci. Otaczamy modlitw\u0105 dzieci i ich rodziny. Taca na Fundusz Inwestycyjny Parafii.<\/li>\n<li style=\"text-align: justify;\">Dzisiaj <strong>nabo\u017ce\u0144stwo majowe<\/strong> o godz. 17:30. Trwa nowenna przed Zes\u0142aniem Ducha \u015awi\u0119tego. W tygodniu maj\u00f3wka<strong> po Mszy \u015bw. wieczornej<\/strong> z wyj\u0105tkiem czwartku i niedzieli (o godz. 17:30). Dzieci za uczestnictwo zbieraj\u0105 naklejki na plansz\u0119 maryjn\u0105. Od jutra rozpoczyna si\u0119 \u201eBia\u0142y Tydzie\u0144\u201d zapraszamy dzieci komunijne wraz z rodzicami.<\/li>\n<li style=\"text-align: justify;\">W <strong>czwartek <\/strong>wystawienie Naj\u015bwi\u0119tszego Sakramentu i adoracja od godz. 17:00, o godz. 17:30 maj\u00f3wka, a p\u00f3\u017aniej Msza \u015bw. Od<strong> czwartku <\/strong>adoracj\u0105 o godz. 17:00 kandydaci do bierzmowania rozpoczynaj\u0105 Triduum przed przyj\u0119ciem sakramentu bierzmowania. Kolejne spotkania w pi\u0105tek i sobot\u0119.<\/li>\n<li style=\"text-align: justify;\"><strong>Spotkania formacyjne:<\/strong> w \u015brod\u0119 o godz. 17:15 w ko\u015bciele Ko\u0142o Przyjaci\u00f3\u0142 Radia Maryja, po wieczornym nabo\u017ce\u0144stwie ministranci, w pi\u0105tek KSM, w sobot\u0119 schola. Ponadto po nabo\u017ce\u0144stwie wieczornym zapraszamy na spotkanie R\u00f3\u017c\u0119 R\u00f3\u017ca\u0144cow\u0105 \u015bw. Brata Alberta w poniedzia\u0142ek, a w \u015brod\u0119 \u015bw. Genowefy.<\/li>\n<li style=\"text-align: justify;\">Za tydzie\u0144 w <strong>niedziel\u0119<\/strong> na Mszy \u015bw. o godz. <strong>11:00 rocznica I Komunii \u015bw.<\/strong> Spotkanie organizacyjne b\u0119dzie jutro, w <strong>poniedzia\u0142ek<\/strong> o godz. <strong>16:<\/strong>30, a od <strong>wtorku<\/strong> dzieci wraz z rodzicami zapraszamy na <strong>maj\u00f3wki<\/strong>, po kt\u00f3rych b\u0119d\u0105 pr\u00f3by.<\/li>\n<li style=\"text-align: justify;\">We wtorek 23 maja w Domu Ludowym w D\u0142ugiem w godz. 16:00 \u2013 18:00 mo\u017cna wp\u0142aca\u0107 na budow\u0119 ko\u015bcio\u0142a filialnego.<\/li>\n<li style=\"text-align: justify;\">W sobot\u0119 od godz. 9:00 (do godz. 10:00) spowied\u017a dla dzieci obchodz\u0105cych rocznic\u0119 I Komunii \u015bw. i ich rodzin.<\/li>\n<li style=\"text-align: justify;\">Ko\u0144czy si\u0119 okres wielkanocny, w kt\u00f3rym katolicy maj\u0105 obowi\u0105zek przyj\u0105\u0107 Komuni\u0119 \u015bw.<\/li>\n<li style=\"text-align: justify;\">Za tydzie\u0144 Caritas przeprowadzi zbi\u00f3rk\u0119 do puszek jako pomoc rocznemu Nikodemowi z Por\u0119b, kt\u00f3ry powa\u017cnie choruje i wymaga leczenia neurologicznego i rehabilitacji w gabinetach prywatnych w Kro\u015bnie i Rzeszowie. Rodzice zwracaj\u0105 si\u0119 z pro\u015bb\u0105 o wsparcie i z g\u00f3ry wyra\u017caj\u0105 podzi\u0119kowanie.<\/li>\n<li style=\"text-align: justify;\">Do nabycia prasa katolicka: <em>Niedziela<\/em> i <em>Go\u015b\u0107 Niedzielny <\/em>i <em>Ma\u0142y Go\u015b\u0107 Niedzielny<\/em>. W <em>Niedzieli <\/em>o potrzebie spowiedzi dzieci, o roli Matki Bo\u017cej w realizacji naszego chrze\u015bcija\u0144skiego powo\u0142ania, jakie podej\u015bcie do kary \u015bmierci powinien mie\u0107 katolik, albo o niebezpiecze\u0144stwach zwi\u0105zanych ze zmian\u0105 p\u0142ci. W <em>Go\u015bciu Niedzielnym <\/em>artyku\u0142 o Wniebowst\u0105pieniu Pa\u0144skim jako nowej formie obecno\u015bci Jezusa, albo o zwi\u0105zku praktyk religijnych z postrzeganiem rodziny. W <em>Ma\u0142ym Go\u015bciu <\/em>o przemocy w sieci, o pierwszych sobotach miesi\u0105ca oraz dodatek z Patronami roku 2023.<\/li>\n<li style=\"text-align: justify;\">W zakrystii do nabycia s\u0105 ksi\u0105\u017cki po\u015bwi\u0119cone Rodzinie Ulm\u00f3w. Dla dzieci \u201eBoso do nieba\u201d w cenie 5 z\u0142 i \u201eMarkowskie bociany\u201d w cenie 15 z\u0142. Warto zapozna\u0107 si\u0119 z tymi tre\u015bciami, aby g\u0142\u0119biej i \u015bwiadomiej prze\u017cywa\u0107 beatyfikacj\u0119 M\u0119czennik\u00f3w z Markowej.&nbsp;<\/li>\n<\/ol>\n","protected":false},"excerpt":{"rendered":"<p>Uroczysto\u015b\u0107 Wniebowst\u0105pienia Pa\u0144skiego, 21 maja 2023 r. Og\u0142oszenia duszpasterskie &nbsp; Dzisiaj w naszej parafii o godz. 11:00&nbsp;jest&nbsp;I Komunia \u015bw.&nbsp;do kt\u00f3rej przyst\u0119puje 61 dzieci. Otaczamy modlitw\u0105 dzieci i ich rodziny. Taca na Fundusz Inwestycyjny Parafii. Dzisiaj nabo\u017ce\u0144stwo majowe o godz. 17:30. Trwa nowenna przed Zes\u0142aniem Ducha \u015awi\u0119tego. W tygodniu maj\u00f3wka po Mszy \u015bw. wieczornej z wyj\u0105tkiem [&hellip;]<\/p>\n","protected":false},"author":2,"featured_media":0,"comment_status":"closed","ping_status":"open","sticky":false,"template":"","format":"standard","meta":{"ngg_post_thumbnail":0},"categories":[16,18,17],"tags":[],"_links":{"self":[{"href":"https:\/\/jedlicze.przemyska.pl\/index.php\/wp-json\/wp\/v2\/posts\/2463"}],"collection":[{"href":"https:\/\/jedlicze.przemyska.pl\/index.php\/wp-json\/wp\/v2\/posts"}],"about":[{"href":"https:\/\/jedlicze.przemyska.pl\/index.php\/wp-json\/wp\/v2\/types\/post"}],"author":[{"embeddable":true,"href":"https:\/\/jedlicze.przemyska.pl\/index.php\/wp-json\/wp\/v2\/users\/2"}],"replies":[{"embeddable":true,"href":"https:\/\/jedlicze.przemyska.pl\/index.php\/wp-json\/wp\/v2\/comments?post=2463"}],"version-history":[{"count":2,"href":"https:\/\/jedlicze.przemyska.pl\/index.php\/wp-json\/wp\/v2\/posts\/2463\/revisions"}],"predecessor-version":[{"id":2465,"href":"https:\/\/jedlicze.przemyska.pl\/index.php\/wp-json\/wp\/v2\/posts\/2463\/revisions\/2465"}],"wp:attachment":[{"href":"https:\/\/jedlicze.przemyska.pl\/index.php\/wp-json\/wp\/v2\/media?parent=2463"}],"wp:term":[{"taxonomy":"category","embeddable":true,"href":"https:\/\/jedlicze.przemyska.pl\/index.php\/wp-json\/wp\/v2\/categories?post=2463"},{"taxonomy":"post_tag","embeddable":true,"href":"https:\/\/jedlicze.przemyska.pl\/index.php\/wp-json\/wp\/v2\/tags?post=2463"}],"curies":[{"name":"wp","href":"https:\/\/api.w.org\/{rel}","templated":true}]}}