{"id":2468,"date":"2023-05-27T19:00:29","date_gmt":"2023-05-27T17:00:29","guid":{"rendered":"https:\/\/jedlicze.przemyska.pl\/?p=2468"},"modified":"2023-05-27T21:36:41","modified_gmt":"2023-05-27T19:36:41","slug":"ogloszenia-duszpasterskie-zeslanie-ducha-swietego-28-maja","status":"publish","type":"post","link":"https:\/\/jedlicze.przemyska.pl\/index.php\/2023\/05\/27\/ogloszenia-duszpasterskie-zeslanie-ducha-swietego-28-maja\/","title":{"rendered":"Og\u0142oszenia duszpasterskie &#8211; Zes\u0142anie Ducha \u015awi\u0119tego, 28 maja"},"content":{"rendered":"<p style=\"text-align: center;\"><strong>Uroczysto\u015b\u0107 Zes\u0142ania Ducha \u015awi\u0119tego, 28 maja 2023 r.<\/strong><\/p>\n<p style=\"text-align: center;\"><strong>Og\u0142oszenia duszpasterskie <\/strong><\/p>\n<ol>\n<li style=\"text-align: justify;\">Dzisiaj w naszej parafii o godz<strong>. 11:00<\/strong>jest rocznica <strong>I Komunii \u015bw.<\/strong>&nbsp;Otaczamy modlitw\u0105 dzieci i ich rodziny.<\/li>\n<li style=\"text-align: justify;\">Zgodnie z wcze\u015bniejsz\u0105 zapowiedzi\u0105, dzisiaj po Mszach \u015bw. Caritas prowadzi zbi\u00f3rk\u0119 do puszek jako pomoc rocznemu Nikodemowi z Por\u0119b, kt\u00f3ry powa\u017cnie choruje i wymaga leczenia neurologicznego i rehabilitacji w gabinetach prywatnych w Kro\u015bnie i Rzeszowie. Rodzice zwracaj\u0105 si\u0119 z pro\u015bb\u0105 o wsparcie i z g\u00f3ry wyra\u017caj\u0105 podzi\u0119kowanie<\/li>\n<li style=\"text-align: justify;\">Dzisiaj <strong>nabo\u017ce\u0144stwo majowe<\/strong> o godz. 17:30. W tygodniu <strong>po Mszy \u015bw. wieczornej.<\/strong> W \u015brod\u0119 ostatnia maj\u00f3wka. Od<strong> czwartku <\/strong>rozpoczynamy nabo\u017ce\u0144stwa do<strong> Serca Pana Jezusa<\/strong>.<\/li>\n<li style=\"text-align: justify;\">Jutro wypada \u015bwi\u0119to NMP Matki Ko\u015bcio\u0142a.<\/li>\n<li style=\"text-align: justify;\"><strong>Spotkania formacyjne:<\/strong> w \u015brod\u0119 ministranci, w pi\u0105tek KSM, w sobot\u0119 schola.<\/li>\n<li style=\"text-align: justify;\">W jesieni planowany jest Festyn Parafialny. Zapraszamy osoby, kt\u00f3re uczestniczy\u0142y w organizacji tego wydarzenia na spotkanie 30 maja, we <strong>wtorek<\/strong> po <strong>wieczornym<\/strong> <strong>nabo\u017ce\u0144stwie<\/strong> do sali teatralnej w Domu Katechetycznym.<\/li>\n<li style=\"text-align: justify;\">W <strong>czwartek <\/strong>wystawienie Naj\u015bw. Sakramentu i adoracja od godz. <strong>17:00<\/strong>, o godz. 17:30 modlitwy o powo\u0142ania, litania do Serca Pana Jezusa, a p\u00f3\u017aniej Msza \u015bw. W <strong>czwartek<\/strong> od godz. <strong>16:00<\/strong> b\u0119dzie spowied\u017a dla kandydat\u00f3w do bierzmowania i ich rodzin. W zwi\u0105zku z tym kancelaria b\u0119dzie czynna tylko do godz. 16:30.<\/li>\n<li style=\"text-align: justify;\">W tym tygodniu wypada <strong>I czwartek, pi\u0105tek i sobota<\/strong> miesi\u0105ca. Do spowiedzi zach\u0119camy w ci\u0105gu tygodnia, gdy\u017c nie b\u0119dzie spowiedzi popo\u0142udniowej w pi\u0105tek. Codziennie mo\u017cliwo\u015b\u0107 spowiedzi p\u00f3\u0142 godziny przed Msz\u0105 \u015bw. Do chorych ksi\u0105dz uda si\u0119 z pos\u0142ug\u0105 sakramentaln\u0105 w sobot\u0119 od godz. 8:00.<\/li>\n<li style=\"text-align: justify;\">W <strong>pi\u0105tek<\/strong>, 2 czerwca w czasie Mszy \u015bw. o godz. <strong>18:00<\/strong> b\u0119dzie udzielony sakrament <strong>bierzmowania<\/strong>. Zapraszamy do udzia\u0142u w uroczystej Mszy \u015bw. celebrowanej przez ks. bp. Krzysztofa Chudzio.<\/li>\n<li style=\"text-align: justify;\">W <strong>sobot\u0119<\/strong> <strong>nabo\u017ce\u0144stwo fatimskie<\/strong> o godz. <strong>18:00<\/strong> wraz z procesj\u0105 maryjn\u0105. Gor\u0105co zapraszamy do udzia\u0142u w tych nabo\u017ce\u0144stwach.<\/li>\n<li style=\"text-align: justify;\">Za tydzie\u0144 Niedziela Tr\u00f3jcy Przenaj\u015bwi\u0119tszej. Jest to koniec okresu, w kt\u00f3rym katolicy maj\u0105 obowi\u0105zek przyj\u0105\u0107 Komuni\u0119 \u015bw. wielkanocn\u0105.<\/li>\n<li style=\"text-align: justify;\">Sk\u0142adamy podzi\u0119kowanie za ofiary na Fundusz Inwestycyjny Parafii: B\u00f3g zap\u0142a\u0107!<\/li>\n<li style=\"text-align: justify;\">Do nabycia prasa katolicka: <em>Niedziela<\/em> i <em>Go\u015b\u0107 Niedzielny <\/em>i <em>Ma\u0142y Go\u015b\u0107 Niedzielny<\/em>. W <em>Niedzieli <\/em>czy mo\u017cna zrozumie\u0107 Ko\u015bci\u00f3\u0142 bez Maryi, o znaczeniu Jana Paw\u0142a II dla Polak\u00f3w, o znieczulicy, kt\u00f3ra prowadzi do tragedii rodzinnych. W <em>Go\u015bciu Niedzielnym <\/em>artyku\u0142 o dzianiu Ducha \u015aw. w naszym \u017cyciu, o inicjatywie ustawodawczej zakazu pracy dla rodzic\u00f3w wychowuj\u0105cych niepe\u0142nosprawne dzieci, albo o tym dlaczego nastolatkowie uciekaj\u0105 w transseksualizm. W <em>Ma\u0142ym Go\u015bciu <\/em>o przemocy w sieci, o pierwszych sobotach miesi\u0105ca oraz dodatek z Patronami roku 2023.<\/li>\n<li style=\"text-align: justify;\">W zakrystii do nabycia s\u0105 ksi\u0105\u017cki po\u015bwi\u0119cone Rodzinie Ulm\u00f3w. Dla dzieci \u201eBoso do nieba\u201d w cenie 5 z\u0142 i \u201eMarkowskie bociany\u201d w cenie 15 z\u0142. Warto zapozna\u0107 si\u0119 z tymi tre\u015bciami, aby g\u0142\u0119biej i \u015bwiadomiej prze\u017cywa\u0107 beatyfikacj\u0119 M\u0119czennik\u00f3w z Markowej.<\/li>\n<li style=\"text-align: justify;\">Na tablicy og\u0142osze\u0144 informacja o bezp\u0142atnych badaniach 3 czerwca w O\u015brodku Zdrowia w Jaszczwi w ramach programu \u201eProfilaktyka 40 Plus\u201d<\/li>\n<li style=\"text-align: justify;\">W ubieg\u0142ym tygodniu do wieczno\u015bci odesz\u0142a \u015bp. Maria BO\u017bEK z Chlebnej ur. w 1936 r. Polecajmy Zmar\u0142\u0105 Bo\u017cemu Mi\u0142osierdziu <em>Wieczne odpoczywanie\u2026<\/em><\/li>\n<\/ol>\n","protected":false},"excerpt":{"rendered":"<p>Uroczysto\u015b\u0107 Zes\u0142ania Ducha \u015awi\u0119tego, 28 maja 2023 r. Og\u0142oszenia duszpasterskie Dzisiaj w naszej parafii o godz. 11:00jest rocznica I Komunii \u015bw.&nbsp;Otaczamy modlitw\u0105 dzieci i ich rodziny. Zgodnie z wcze\u015bniejsz\u0105 zapowiedzi\u0105, dzisiaj po Mszach \u015bw. Caritas prowadzi zbi\u00f3rk\u0119 do puszek jako pomoc rocznemu Nikodemowi z Por\u0119b, kt\u00f3ry powa\u017cnie choruje i wymaga leczenia neurologicznego i rehabilitacji w [&hellip;]<\/p>\n","protected":false},"author":2,"featured_media":0,"comment_status":"closed","ping_status":"open","sticky":false,"template":"","format":"standard","meta":{"ngg_post_thumbnail":0},"categories":[16,18,17],"tags":[],"_links":{"self":[{"href":"https:\/\/jedlicze.przemyska.pl\/index.php\/wp-json\/wp\/v2\/posts\/2468"}],"collection":[{"href":"https:\/\/jedlicze.przemyska.pl\/index.php\/wp-json\/wp\/v2\/posts"}],"about":[{"href":"https:\/\/jedlicze.przemyska.pl\/index.php\/wp-json\/wp\/v2\/types\/post"}],"author":[{"embeddable":true,"href":"https:\/\/jedlicze.przemyska.pl\/index.php\/wp-json\/wp\/v2\/users\/2"}],"replies":[{"embeddable":true,"href":"https:\/\/jedlicze.przemyska.pl\/index.php\/wp-json\/wp\/v2\/comments?post=2468"}],"version-history":[{"count":2,"href":"https:\/\/jedlicze.przemyska.pl\/index.php\/wp-json\/wp\/v2\/posts\/2468\/revisions"}],"predecessor-version":[{"id":2470,"href":"https:\/\/jedlicze.przemyska.pl\/index.php\/wp-json\/wp\/v2\/posts\/2468\/revisions\/2470"}],"wp:attachment":[{"href":"https:\/\/jedlicze.przemyska.pl\/index.php\/wp-json\/wp\/v2\/media?parent=2468"}],"wp:term":[{"taxonomy":"category","embeddable":true,"href":"https:\/\/jedlicze.przemyska.pl\/index.php\/wp-json\/wp\/v2\/categories?post=2468"},{"taxonomy":"post_tag","embeddable":true,"href":"https:\/\/jedlicze.przemyska.pl\/index.php\/wp-json\/wp\/v2\/tags?post=2468"}],"curies":[{"name":"wp","href":"https:\/\/api.w.org\/{rel}","templated":true}]}}