{"id":2473,"date":"2023-06-03T19:00:27","date_gmt":"2023-06-03T17:00:27","guid":{"rendered":"https:\/\/jedlicze.przemyska.pl\/?p=2473"},"modified":"2023-06-03T15:58:54","modified_gmt":"2023-06-03T13:58:54","slug":"ogloszenia-duszpasterskie-uroczystosc-trojcy-przenajswietszej-4-czerwca","status":"publish","type":"post","link":"https:\/\/jedlicze.przemyska.pl\/index.php\/2023\/06\/03\/ogloszenia-duszpasterskie-uroczystosc-trojcy-przenajswietszej-4-czerwca\/","title":{"rendered":"Og\u0142oszenia duszpasterskie &#8211; Uroczysto\u015b\u0107 Tr\u00f3jcy Przenaj\u015bwi\u0119tszej, 4 czerwca"},"content":{"rendered":"<p style=\"text-align: center;\"><b>Uroczysto\u015b\u0107 Tr\u00f3jcy Przenaj\u015bwi\u0119tszej, 4 czerwca 2023 r.<\/b><\/p>\n<p style=\"text-align: center;\"><b>Og\u0142oszenia duszpasterskie<span class=\"Apple-converted-space\">&nbsp;<\/span><\/b><\/p>\n<ol>\n<li style=\"text-align: justify;\">Dzi\u015b <b>Uroczysto\u015b\u0107 Tr\u00f3jcy Przenaj\u015bwi\u0119tszej, <\/b>kt\u00f3ra ko\u0144czy okres przyj\u0119cia Komunii \u015bw. wielkanocnej. Za moment b\u0119dzie wystawienie Naj\u015bwi\u0119tszego Sakramentu i adoracja. Dzisiaj zmiana tajemnic r\u00f3\u017ca\u0144cowych. Taca przeznaczona na WSD w Przemy\u015blu.<\/li>\n<li style=\"text-align: justify;\">Dzisiaj <b>nabo\u017ce\u0144stwo<\/b> do <b>Serca Pana Jezusa<\/b> o godz. <b>17:30<\/b>. W tygodniu nabo\u017ce\u0144stwo czerwcowe po Mszy \u015bw. wieczornej z wyj\u0105tkiem czwartku.<span class=\"Apple-converted-space\">&nbsp;<\/span><\/li>\n<li style=\"text-align: justify;\">We wtorek nowenna do \u015bw. Antoniego, w \u015brod\u0119 do MB Nieustaj\u0105cej Pomocy.<span class=\"Apple-converted-space\">&nbsp;<\/span><\/li>\n<li style=\"text-align: justify;\"><b>Spotkania formacyjne<\/b>: poniedzia\u0142ek \u2013 Akcja Katolicka, \u015broda \u2013 ministranci, pi\u0105tek \u2013 KSM, w sobot\u0119 &#8211; schola. Zbli\u017ca si\u0119 Bo\u017ce Cia\u0142o. <b>Dzieci<\/b>, kt\u00f3re b\u0119d\u0105 <b>sypa\u0107 kwiaty<\/b> w czasie procesji zapraszamy wraz z rodzicami na <b>pr\u00f3by <\/b>we <b>wtorek<\/b> i <b>\u015brod\u0119<\/b> o godz. <b>17:00<\/b>. Od pi\u0105tku zapraszamy ch\u0142opc\u00f3w do dzwonienia, a dziewczynki do sypania kwiat\u00f3w w czasie oktawy. W <b>pi\u0105tek<\/b> po nabo\u017ce\u0144stwie wieczornym <b>katecheza<\/b> <b>chrz<\/b><b>cielna,<\/b> na kt\u00f3r\u0105 zapraszamy rodzic\u00f3w i chrzestnych planuj\u0105cych chrzest dziecka.<span class=\"Apple-converted-space\">&nbsp;<\/span><\/li>\n<li style=\"text-align: justify;\">W <b>czwartek<\/b> uroczysto\u015b\u0107 Naj\u015bwi\u0119tszego Cia\u0142a i Krwi Chrystusa &#8211; Bo\u017ce Cia\u0142o. Msze \u015bw. o godz. 7:00; 9:00 i <b>11:00<\/b>, po kt\u00f3rej b\u0119dzie <b>procesja<\/b> przez rynek naszego miasta. Wieczorem Msza \u015bw. o godz. 18:00 z procesj\u0105 wok\u00f3\u0142 ko\u015bcio\u0142a. Prosimy przygotowa\u0107 o\u0142tarze na procesj\u0119 g\u0142\u00f3wn\u0105:<span class=\"Apple-converted-space\">&nbsp;<\/span><\/li>\n<\/ol>\n<ul style=\"text-align: justify;\">\n<li>Przy pomniku &#8211; mieszka\u0144cy M\u0119cinki, Chlebnej i Kr\u0119g\u00f3w Rodzin;<\/li>\n<li>Przy aptece &#8211; Caritas oraz mieszka\u0144cy ul. \u0141ukasiewicza i Tokarskich (do Borku);<span class=\"Apple-converted-space\">&nbsp;<\/span><\/li>\n<li>Przy bramie wikar\u00f3wki &#8211; POAK, KSM, mieszka\u0144cy D\u0142ugiego i ulic od Sienkiewicza;<span class=\"Apple-converted-space\">&nbsp;<\/span><\/li>\n<li>Przy krzy\u017cu misyjnym &#8211; mieszka\u0144cy ulic za torami i Ko\u0142o Przyjaci\u00f3\u0142 Radia Maryja.<\/li>\n<\/ul>\n<ol start=\"6\">\n<li style=\"text-align: justify;\">Na pi\u0105tek po Bo\u017cym Ciele ks. abp udzieli\u0142 dyspensy od pokarm\u00f3w mi\u0119snych.<span class=\"Apple-converted-space\">&nbsp;<\/span><\/li>\n<li style=\"text-align: justify;\">Do nabycia prasa katolicka <i>Go\u015b\u0107 Niedzielny <\/i>i <i>Niedziela.<\/i> W <i>Go\u015bciu Niedzielnym<\/i> o konsekwencjach nieznajomo\u015bci historii, o wsp\u00f3lnej odpowiedzialno\u015bci za Ko\u015bci\u00f3\u0142, albo artyku\u0142y po\u015bwi\u0119cone kap\u0142a\u0144stwu na obecne czasy, w <i>Niedzieli<\/i> artyku\u0142y pomagaj\u0105ce z g\u0142\u0119bsz\u0105 wiar\u0105 prze\u017cy\u0107 Bo\u017ce Cia\u0142o, o r\u00f3\u017cnicy mi\u0119dzy zbawieniem a odkupieniem, jakie znaczenie ma wierno\u015b\u0107 ma\u0142\u017ce\u0144ska. Jest tak\u017ce nowy kwartalnik MAGAZYN zawieraj\u0105cy artyku\u0142y historyczne, patriotyczne i ko\u015bcielne (w cenie 15 z\u0142). W zakrystii do nabycia s\u0105 ksi\u0105\u017cki po\u015bwi\u0119cone Rodzinie Ulm\u00f3w. Dla dzieci \u201eBoso do nieba\u201d w cenie 5 z\u0142 i \u201eMarkowskie bociany\u201d w cenie 15 z\u0142. Warto zapozna\u0107 si\u0119 z tymi tre\u015bciami, aby g\u0142\u0119biej i \u015bwiadomiej prze\u017cywa\u0107 beatyfikacj\u0119 M\u0119czennik\u00f3w z Markowej.<span class=\"Apple-converted-space\">&nbsp;<\/span><\/li>\n<li style=\"text-align: justify;\">Rodzice Nikodema z Por\u0119b, na kt\u00f3rego by\u0142y zbierane ofiary w ubieg\u0142\u0105 niedziel\u0119 sk\u0142adaj\u0105 gor\u0105ce podzi\u0119kowanie za wsparcie w wysoko\u015bci 10.500 z\u0142.<span class=\"Apple-converted-space\">&nbsp;<\/span><\/li>\n<li style=\"text-align: justify;\">W ubieg\u0142ym tygodniu odprowadzili\u015bmy na miejsce wiecznego spoczynku \u015bp. Wojciecha KANI\u0118 z \u017barnowca-Wisze ur. w 1981 r. Polecajmy Zmar\u0142ego Bo\u017cemu Mi\u0142osierdziu: <i>Wieczne odpoczywanie\u2026<\/i><\/li>\n<\/ol>\n","protected":false},"excerpt":{"rendered":"<p>Uroczysto\u015b\u0107 Tr\u00f3jcy Przenaj\u015bwi\u0119tszej, 4 czerwca 2023 r. Og\u0142oszenia duszpasterskie&nbsp; Dzi\u015b Uroczysto\u015b\u0107 Tr\u00f3jcy Przenaj\u015bwi\u0119tszej, kt\u00f3ra ko\u0144czy okres przyj\u0119cia Komunii \u015bw. wielkanocnej. Za moment b\u0119dzie wystawienie Naj\u015bwi\u0119tszego Sakramentu i adoracja. Dzisiaj zmiana tajemnic r\u00f3\u017ca\u0144cowych. Taca przeznaczona na WSD w Przemy\u015blu. Dzisiaj nabo\u017ce\u0144stwo do Serca Pana Jezusa o godz. 17:30. W tygodniu nabo\u017ce\u0144stwo czerwcowe po Mszy \u015bw. wieczornej [&hellip;]<\/p>\n","protected":false},"author":2,"featured_media":0,"comment_status":"closed","ping_status":"open","sticky":false,"template":"","format":"standard","meta":{"ngg_post_thumbnail":0},"categories":[16,18,17],"tags":[],"_links":{"self":[{"href":"https:\/\/jedlicze.przemyska.pl\/index.php\/wp-json\/wp\/v2\/posts\/2473"}],"collection":[{"href":"https:\/\/jedlicze.przemyska.pl\/index.php\/wp-json\/wp\/v2\/posts"}],"about":[{"href":"https:\/\/jedlicze.przemyska.pl\/index.php\/wp-json\/wp\/v2\/types\/post"}],"author":[{"embeddable":true,"href":"https:\/\/jedlicze.przemyska.pl\/index.php\/wp-json\/wp\/v2\/users\/2"}],"replies":[{"embeddable":true,"href":"https:\/\/jedlicze.przemyska.pl\/index.php\/wp-json\/wp\/v2\/comments?post=2473"}],"version-history":[{"count":1,"href":"https:\/\/jedlicze.przemyska.pl\/index.php\/wp-json\/wp\/v2\/posts\/2473\/revisions"}],"predecessor-version":[{"id":2474,"href":"https:\/\/jedlicze.przemyska.pl\/index.php\/wp-json\/wp\/v2\/posts\/2473\/revisions\/2474"}],"wp:attachment":[{"href":"https:\/\/jedlicze.przemyska.pl\/index.php\/wp-json\/wp\/v2\/media?parent=2473"}],"wp:term":[{"taxonomy":"category","embeddable":true,"href":"https:\/\/jedlicze.przemyska.pl\/index.php\/wp-json\/wp\/v2\/categories?post=2473"},{"taxonomy":"post_tag","embeddable":true,"href":"https:\/\/jedlicze.przemyska.pl\/index.php\/wp-json\/wp\/v2\/tags?post=2473"}],"curies":[{"name":"wp","href":"https:\/\/api.w.org\/{rel}","templated":true}]}}