{"id":2477,"date":"2023-06-07T20:40:11","date_gmt":"2023-06-07T18:40:11","guid":{"rendered":"https:\/\/jedlicze.przemyska.pl\/?p=2477"},"modified":"2023-06-08T21:28:21","modified_gmt":"2023-06-08T19:28:21","slug":"ogloszenia-duszpasterskie-boze-cialo-8-czerwca","status":"publish","type":"post","link":"https:\/\/jedlicze.przemyska.pl\/index.php\/2023\/06\/07\/ogloszenia-duszpasterskie-boze-cialo-8-czerwca\/","title":{"rendered":"Og\u0142oszenia duszpasterskie &#8211; Bo\u017ce Cia\u0142o, 8  czerwca"},"content":{"rendered":"<p style=\"text-align: center;\"><b>Uroczysto\u015b\u0107 Naj\u015bwi\u0119tszego Cia\u0142a i Krwi Chrystusa, 8 czerwca 2023 r.<\/b><\/p>\n<p style=\"text-align: center;\"><b>Og\u0142oszenia duszpasterskie<span class=\"Apple-converted-space\">&nbsp;<\/span><\/b><\/p>\n<ol>\n<li style=\"text-align: justify;\">Dzi\u015b uroczysto\u015b\u0107 Naj\u015bwi\u0119tszego Cia\u0142a i Krwi Chrystusa &#8211; Bo\u017ce Cia\u0142o. Msze \u015bw. o godz. 7:00; 9:00 i <b>11:00<\/b>, po kt\u00f3rej b\u0119dzie <b>procesja<\/b> przez rynek naszego miasta. (W przypadku deszczu procesja odb\u0119dzie si\u0119 w ko\u015bciele). Wieczorem Msza \u015bw. o godz. 18:00 z procesj\u0105 wok\u00f3\u0142 ko\u015bcio\u0142a. Wszystkim zaanga\u017cowanym w przygotowanie o\u0142tarzy wyra\u017camy podzi\u0119kowanie: B\u00f3g zap\u0142a\u0107!<\/li>\n<\/ol>\n<ul style=\"text-align: justify;\">\n<li>Przy pomniku &#8211; mieszka\u0144cy M\u0119cinki, Chlebnej i Kr\u0119g\u00f3w Rodzin;<\/li>\n<li>Przy aptece &#8211; Caritas oraz mieszka\u0144cy ul. \u0141ukasiewicza i Tokarskich (do Borku);<span class=\"Apple-converted-space\">&nbsp;<\/span><\/li>\n<li>Przy bramie wikar\u00f3wki &#8211; POAK, KSM, mieszka\u0144cy D\u0142ugiego i ulic od Sienkiewicza;<span class=\"Apple-converted-space\">&nbsp;<\/span><\/li>\n<li>Przy krzy\u017cu misyjnym &#8211; mieszka\u0144cy ulic za torami i Ko\u0142o Przyjaci\u00f3\u0142 Radia Maryja.<\/li>\n<\/ul>\n<ol>\n<li style=\"text-align: justify;\">Na jutro, tj. pi\u0105tek po Bo\u017cym Ciele ks. abp udzieli\u0142 dyspensy od pokarm\u00f3w mi\u0119snych. Jednak korzystaj\u0105cych z niej zobowi\u0105za\u0142 do z\u0142o\u017cenia ofiary na misje lub Caritas. Od jutra zapraszamy ch\u0142opc\u00f3w do dzwonienia, a dziewczynki do sypania kwiat\u00f3w w czasie oktawy, tj. do przysz\u0142ego czwartku.<\/li>\n<li style=\"text-align: justify;\">Przypominamy, \u017ce jutro po Mszy \u015bw. wieczornej jest <b>katecheza<\/b> <b>chrz<\/b><b>cielna,<\/b> na kt\u00f3r\u0105 zapraszamy rodzic\u00f3w i chrzestnych planuj\u0105cych chrzest dziecka.<span class=\"Apple-converted-space\">&nbsp;<\/span><\/li>\n<li style=\"text-align: justify;\">Do nabycia prasa katolicka <i>Go\u015b\u0107 Niedzielny <\/i>i <i>Niedziela.<\/i> W <i>Go\u015bciu Niedzielnym<\/i> o konsekwencjach nieznajomo\u015bci historii, o wsp\u00f3lnej odpowiedzialno\u015bci za Ko\u015bci\u00f3\u0142, albo artyku\u0142y po\u015bwi\u0119cone kap\u0142a\u0144stwu na obecne czasy, w <i>Niedzieli<\/i> o tym co robi\u0107, gdy kto\u015b bliski oddala si\u0119 od Ko\u015bcio\u0142a lub traci wiar\u0119, o przes\u0142aniu MB z Akity w Japonii, o Naj\u015bw. Sercu Pana Jezusa i Niepokalanym Sercu Maryi. Jest tak\u017ce nowy kwartalnik MAGAZYN zawieraj\u0105cy artyku\u0142y historyczne, patriotyczne i ko\u015bcielne (w cenie 15 z\u0142). W zakrystii do nabycia s\u0105 ksi\u0105\u017cki po\u015bwi\u0119cone Rodzinie Ulm\u00f3w. Dla dzieci \u201eBoso do nieba\u201d w cenie 5 z\u0142 i \u201eMarkowskie bociany\u201d w cenie 15 z\u0142.<span class=\"Apple-converted-space\">&nbsp;<\/span><\/li>\n<li style=\"text-align: justify;\">W ostatnim czasie do wieczno\u015bci odeszli \u015bp. Stanis\u0142aw BUDA z ul. Armii Krajowej ur. w 1947 r. i \u015bp. Zbigniew WA\u017bNY z ul. 3-go Maja ur. w 1943 r. (pogrzeby jutro) oraz \u015bp. Alfreda KOSACKA z ul. Armii Krajowej ur. w 1934 r. (pogrzeb w sobot\u0119). Polecajmy Zmar\u0142ych Bo\u017cemu Mi\u0142osierdziu: <i>Wieczne odpoczywanie\u2026<\/i><\/li>\n<\/ol>\n","protected":false},"excerpt":{"rendered":"<p>Uroczysto\u015b\u0107 Naj\u015bwi\u0119tszego Cia\u0142a i Krwi Chrystusa, 8 czerwca 2023 r. Og\u0142oszenia duszpasterskie&nbsp; Dzi\u015b uroczysto\u015b\u0107 Naj\u015bwi\u0119tszego Cia\u0142a i Krwi Chrystusa &#8211; Bo\u017ce Cia\u0142o. Msze \u015bw. o godz. 7:00; 9:00 i 11:00, po kt\u00f3rej b\u0119dzie procesja przez rynek naszego miasta. (W przypadku deszczu procesja odb\u0119dzie si\u0119 w ko\u015bciele). Wieczorem Msza \u015bw. o godz. 18:00 z procesj\u0105 wok\u00f3\u0142 [&hellip;]<\/p>\n","protected":false},"author":2,"featured_media":0,"comment_status":"closed","ping_status":"open","sticky":false,"template":"","format":"standard","meta":{"ngg_post_thumbnail":0},"categories":[16,18,17],"tags":[],"_links":{"self":[{"href":"https:\/\/jedlicze.przemyska.pl\/index.php\/wp-json\/wp\/v2\/posts\/2477"}],"collection":[{"href":"https:\/\/jedlicze.przemyska.pl\/index.php\/wp-json\/wp\/v2\/posts"}],"about":[{"href":"https:\/\/jedlicze.przemyska.pl\/index.php\/wp-json\/wp\/v2\/types\/post"}],"author":[{"embeddable":true,"href":"https:\/\/jedlicze.przemyska.pl\/index.php\/wp-json\/wp\/v2\/users\/2"}],"replies":[{"embeddable":true,"href":"https:\/\/jedlicze.przemyska.pl\/index.php\/wp-json\/wp\/v2\/comments?post=2477"}],"version-history":[{"count":2,"href":"https:\/\/jedlicze.przemyska.pl\/index.php\/wp-json\/wp\/v2\/posts\/2477\/revisions"}],"predecessor-version":[{"id":2479,"href":"https:\/\/jedlicze.przemyska.pl\/index.php\/wp-json\/wp\/v2\/posts\/2477\/revisions\/2479"}],"wp:attachment":[{"href":"https:\/\/jedlicze.przemyska.pl\/index.php\/wp-json\/wp\/v2\/media?parent=2477"}],"wp:term":[{"taxonomy":"category","embeddable":true,"href":"https:\/\/jedlicze.przemyska.pl\/index.php\/wp-json\/wp\/v2\/categories?post=2477"},{"taxonomy":"post_tag","embeddable":true,"href":"https:\/\/jedlicze.przemyska.pl\/index.php\/wp-json\/wp\/v2\/tags?post=2477"}],"curies":[{"name":"wp","href":"https:\/\/api.w.org\/{rel}","templated":true}]}}