{"id":2502,"date":"2023-07-01T19:00:47","date_gmt":"2023-07-01T17:00:47","guid":{"rendered":"https:\/\/jedlicze.przemyska.pl\/?p=2502"},"modified":"2023-07-01T13:38:14","modified_gmt":"2023-07-01T11:38:14","slug":"ogloszenia-duszpasterskie-xiii-niedziela-zwykla-2-lipca","status":"publish","type":"post","link":"https:\/\/jedlicze.przemyska.pl\/index.php\/2023\/07\/01\/ogloszenia-duszpasterskie-xiii-niedziela-zwykla-2-lipca\/","title":{"rendered":"Og\u0142oszenia duszpasterskie &#8211; XIII Niedziela zwyk\u0142a, 2 lipca"},"content":{"rendered":"<p style=\"text-align: center;\"><b>XIII Niedziela zwyk\u0142a, 02.07.2023 r.<span class=\"Apple-converted-space\">&nbsp;<\/span><\/b><\/p>\n<p style=\"text-align: center;\"><b>Og\u0142oszenia duszpasterskie<span class=\"Apple-converted-space\">&nbsp;<\/span><\/b><\/p>\n<ol>\n<li style=\"text-align: justify;\">Dzisiaj pierwsza niedziela miesi\u0105ca. Za moment adoracja Naj\u015bwi\u0119tszego Sakramentu. Zmiana tajemnic r\u00f3\u017ca\u0144cowych. Sk\u0142adka przeznaczona na organizacj\u0119 uroczysto\u015bci beatyfikacyjnej Rodziny Ulm\u00f3w w Markowej.<\/li>\n<li style=\"text-align: justify;\">Przypominamy, \u017ce w okresie wakacyjnym w dni powszednie rano jest tylko jedna Msza \u015bw. o godz. 7:00, a w niedziele nie ma Mszy o godz. 12:30. <b>Porz\u0105dek tygodniowy<\/b>:<b> 7:00 i 18:00<\/b>, <b>w niedziele<\/b>: <b>7:00, 9:00, 11:00 i 18:00<\/b>.<span class=\"Apple-converted-space\">&nbsp;<\/span><\/li>\n<li style=\"text-align: justify;\">We wtorek nowenna do \u015bw. Antoniego, w \u015brod\u0119 do MB Nieustaj\u0105cej Pomocy, w czwartek wystawienie Naj\u015bwi\u0119tszego Sakramentu od godz. 17:00, modlitwy o powo\u0142ania i za powo\u0142anych, o godz. 18:00, w pi\u0105tek Koronka do Bo\u017cego Mi\u0142osierdzia.<span class=\"Apple-converted-space\">&nbsp;<\/span><\/li>\n<li style=\"text-align: justify;\">W tym tygodniu wypada pierwszy czwartek i pi\u0105tek miesi\u0105ca. Spowied\u017a w pi\u0105tek w godz. 6:00 \u2013 7:00, a po po\u0142udniu 16:30 \u2013 18:00.<span class=\"Apple-converted-space\">&nbsp;<\/span><\/li>\n<li style=\"text-align: justify;\">W <b>sobot\u0119<\/b> wypada wspomnienie \u015bw. Jana z Dukli \u2013 jednego z patron\u00f3w naszej archidiecezji.<span class=\"Apple-converted-space\">&nbsp;<\/span><\/li>\n<li style=\"text-align: justify;\">W jesieni planowany jest Festyn Parafialny. Osoby, kt\u00f3re chcia\u0142yby przekaza\u0107 jakie\u015b artyku\u0142y na fanty prosimy o przynoszenie ich do zakrystii do ko\u0144ca sierpnia. Prosimy r\u00f3wnocze\u015bnie, aby to by\u0142y rzeczy nowe lub w dobrym stanie jako\u015bciowym. Jednocze\u015bnie zapraszamy na pi\u0105tek 7 lipca o godz. 18:45 do Sali teatralnej wszystkie osoby zaanga\u017cowane w organizacj\u0119 tego wydarzenia: Caritas, Rad\u0119 Parafialn\u0105, Akcj\u0119 Katolick\u0105, KSM, r\u00f3\u017ce r\u00f3\u017ca\u0144cowe, stra\u017cak\u00f3w, Ko\u0142a Gospody\u0144, so\u0142tys\u00f3w i innych.<span class=\"Apple-converted-space\">&nbsp;<\/span><\/li>\n<li style=\"text-align: justify;\">Do nabycia prasa katolicka <i>Go\u015b\u0107 Niedzielny <\/i>i <i>Niedziela.<\/i> W <i>Niedzieli<\/i> tematem numeru jest sztuczna inteligencja, albo czy wierz\u0105cy mo\u017ce wzi\u0105\u0107 odwet. W zakrystii do nabycia s\u0105 ksi\u0105\u017cki po\u015bwi\u0119cone Rodzinie Ulm\u00f3w. Dla dzieci \u201eBoso do nieba\u201d w cenie 5 z\u0142 i \u201eMarkowskie bociany\u201d w cenie 15 z\u0142.<span class=\"Apple-converted-space\">&nbsp;<\/span><\/li>\n<li style=\"text-align: justify;\">W dniach 6 \u2013 16 lipca wyrusza pielgrzymka na Jasn\u0105 G\u00f3r\u0119. Ks. Piotr R\u0105czka przewodnik grupy \u015bw. Jana zach\u0119ca do zapis\u00f3w i wsp\u00f3lnej w\u0119dr\u00f3wki lub do duchowego pielgrzymowania. Do dzisiaj w zakrystii sk\u0142adamy kartki do duchowej pielgrzymki. W zakrystii tak\u017ce mo\u017cliwo\u015b\u0107 zapis\u00f3w na wyjazd do Markowej na beatyfikacj\u0119 Rodziny Ulm\u00f3w.<span class=\"Apple-converted-space\">&nbsp;<\/span><\/li>\n<li style=\"text-align: justify;\">W \u015awi\u0105tkowej Wielkiej 7 lipca odb\u0119dzie si\u0119 Parada Historyczna. Organizatorzy zapraszaj\u0105 do udzia\u0142u w wydarzeniu. Szczeg\u00f3\u0142y na plakacie w gablocie og\u0142osze\u0144.<span class=\"Apple-converted-space\">&nbsp;<\/span><\/li>\n<li style=\"text-align: justify;\">W ubieg\u0142ym tygodniu do wieczno\u015bci odesz\u0142a \u015bp. Danuta K\u0141OSOWICZ z D\u0142ugiego ur. w 1938 r. Polecajmy Zmar\u0142\u0105 Bo\u017cemu Mi\u0142osierdziu: <i>Wieczne odpoczywanie\u2026<\/i><span class=\"Apple-converted-space\">&nbsp;<\/span><\/li>\n<\/ol>\n","protected":false},"excerpt":{"rendered":"<p>XIII Niedziela zwyk\u0142a, 02.07.2023 r.&nbsp; Og\u0142oszenia duszpasterskie&nbsp; Dzisiaj pierwsza niedziela miesi\u0105ca. Za moment adoracja Naj\u015bwi\u0119tszego Sakramentu. Zmiana tajemnic r\u00f3\u017ca\u0144cowych. Sk\u0142adka przeznaczona na organizacj\u0119 uroczysto\u015bci beatyfikacyjnej Rodziny Ulm\u00f3w w Markowej. Przypominamy, \u017ce w okresie wakacyjnym w dni powszednie rano jest tylko jedna Msza \u015bw. o godz. 7:00, a w niedziele nie ma Mszy o godz. 12:30. [&hellip;]<\/p>\n","protected":false},"author":2,"featured_media":0,"comment_status":"closed","ping_status":"open","sticky":false,"template":"","format":"standard","meta":{"ngg_post_thumbnail":0},"categories":[16,18,17],"tags":[],"_links":{"self":[{"href":"https:\/\/jedlicze.przemyska.pl\/index.php\/wp-json\/wp\/v2\/posts\/2502"}],"collection":[{"href":"https:\/\/jedlicze.przemyska.pl\/index.php\/wp-json\/wp\/v2\/posts"}],"about":[{"href":"https:\/\/jedlicze.przemyska.pl\/index.php\/wp-json\/wp\/v2\/types\/post"}],"author":[{"embeddable":true,"href":"https:\/\/jedlicze.przemyska.pl\/index.php\/wp-json\/wp\/v2\/users\/2"}],"replies":[{"embeddable":true,"href":"https:\/\/jedlicze.przemyska.pl\/index.php\/wp-json\/wp\/v2\/comments?post=2502"}],"version-history":[{"count":1,"href":"https:\/\/jedlicze.przemyska.pl\/index.php\/wp-json\/wp\/v2\/posts\/2502\/revisions"}],"predecessor-version":[{"id":2503,"href":"https:\/\/jedlicze.przemyska.pl\/index.php\/wp-json\/wp\/v2\/posts\/2502\/revisions\/2503"}],"wp:attachment":[{"href":"https:\/\/jedlicze.przemyska.pl\/index.php\/wp-json\/wp\/v2\/media?parent=2502"}],"wp:term":[{"taxonomy":"category","embeddable":true,"href":"https:\/\/jedlicze.przemyska.pl\/index.php\/wp-json\/wp\/v2\/categories?post=2502"},{"taxonomy":"post_tag","embeddable":true,"href":"https:\/\/jedlicze.przemyska.pl\/index.php\/wp-json\/wp\/v2\/tags?post=2502"}],"curies":[{"name":"wp","href":"https:\/\/api.w.org\/{rel}","templated":true}]}}