{"id":2509,"date":"2023-07-15T19:00:16","date_gmt":"2023-07-15T17:00:16","guid":{"rendered":"https:\/\/jedlicze.przemyska.pl\/?p=2509"},"modified":"2023-07-15T12:18:54","modified_gmt":"2023-07-15T10:18:54","slug":"ogloszenia-duszpasterskie-xv-niedziela-zwykla-16-lipca","status":"publish","type":"post","link":"https:\/\/jedlicze.przemyska.pl\/index.php\/2023\/07\/15\/ogloszenia-duszpasterskie-xv-niedziela-zwykla-16-lipca\/","title":{"rendered":"Og\u0142oszenia duszpasterskie &#8211; XV Niedziela zwyk\u0142a, 16 lipca"},"content":{"rendered":"<p style=\"text-align: center;\"><b>XV Niedziela zwyk\u0142a, 16.07.2023 r.<span class=\"Apple-converted-space\">&nbsp;<\/span><\/b><\/p>\n<p style=\"text-align: center;\"><b>Og\u0142oszenia duszpasterskie<span class=\"Apple-converted-space\">&nbsp;<\/span><\/b><\/p>\n<ol>\n<li style=\"text-align: justify;\">Dzisiejsza sk\u0142adka przeznaczona jest na Fundusz Inwestycyjny Parafii. Przypominamy, \u017ce gromadzone \u015brodki przeznaczone s\u0105 na wymian\u0119 dachu ko\u015bcio\u0142a parafialnego, a kosztorys okre\u015bla zadanie na kwot\u0119 ponad 900.000 z\u0142. Wszystkim ofiarodawcom za zrozumienie i hojno\u015b\u0107 wyra\u017camy podzi\u0119kowanie: B\u00f3g zap\u0142a\u0107!<\/li>\n<li style=\"text-align: justify;\">We <b>wtorek<\/b> nowenna do \u015bw. Antoniego, w <b>\u015brod\u0119<\/b> do MB Nieustaj\u0105cej Pomocy, w <b>czwartek<\/b> wystawienie Naj\u015bwi\u0119tszego Sakramentu od godz. 17:00, o godz. 18:00 Msza \u015bw., w <b>pi\u0105tek<\/b> Koronka do Bo\u017cego Mi\u0142osierdzia.<span class=\"Apple-converted-space\">&nbsp;<\/span><\/li>\n<li style=\"text-align: justify;\">W niedziel\u0119 za <b>tydzie\u0144<\/b> w zwi\u0105zku ze wspomnieniem \u015bw. Krzysztofa b\u0119dzie <b>b\u0142ogos\u0142awie\u0144stwo<\/b> <b>pojazd\u00f3w<\/b> i kierowc\u00f3w. Ofiary sk\u0142adane z okazji b\u0142ogos\u0142awie\u0144stwa pojazd\u00f3w przeznaczone s\u0105 na zakup \u015brodk\u00f3w transportu dla misjonarzy. Jest to tak\u017ce \u015awiatowy Dzie\u0144 Dziadk\u00f3w i Os\u00f3b Starszych ustanowiony przez Ojca \u015bw. Franciszka.<span class=\"Apple-converted-space\">&nbsp;<\/span><\/li>\n<li style=\"text-align: justify;\">W jesieni planowany jest <b>Festyn Parafialny<\/b>. Osoby, kt\u00f3re chcia\u0142yby przekaza\u0107 jakie\u015b artyku\u0142y na fanty prosimy o przynoszenie ich do zakrystii do ko\u0144ca sierpnia. Prosimy r\u00f3wnocze\u015bnie, aby to by\u0142y rzeczy nowe lub w dobrym stanie jako\u015bciowym. W przedsionku Urz\u0119du Pocztowego w Jedliczu wystawiona b\u0119dzie skrzynka, do kt\u00f3rej tak\u017ce mo\u017cna zakupi\u0107 i z\u0142o\u017cy\u0107 jakie\u015b przedmioty na fanty.<\/li>\n<li style=\"text-align: justify;\">Do nabycia prasa katolicka <i>Go\u015b\u0107 Niedzielny <\/i>i <i>Niedziela.<\/i> W <i>Go\u015bciu Niedzielnym <\/i>analiza wydarze\u0144 we Francji, o braku pediatr\u00f3w w polskich szpitalach, albo o zmianach urbanizacyjnych miast. W <i>Niedzieli<\/i> tematem numeru s\u0105 mniejszo\u015bci etniczne zamieszkuj\u0105ce nasz kraj, o dziedzictwie grzechu pierworodnego, albo na temat Wandy Malczewskiej okre\u015blanej mianem wizjonerki. Przy filarze pod ch\u00f3rem do nabycia s\u0105 tak\u017ce ksi\u0105\u017cki po\u015bwi\u0119cone Rodzinie Ulm\u00f3w \u201eMarkowskie bociany\u201d w cenie 15 z\u0142.<span class=\"Apple-converted-space\">&nbsp;<\/span><\/li>\n<li style=\"text-align: justify;\">W zakrystii mo\u017cliwo\u015b\u0107 zapis\u00f3w na wyjazd do Markowej na beatyfikacj\u0119 Rodziny Ulm\u00f3w. Zapisy trwaj\u0105 do ko\u0144ca lipca.<span class=\"Apple-converted-space\">&nbsp;<\/span><\/li>\n<\/ol>\n","protected":false},"excerpt":{"rendered":"<p>XV Niedziela zwyk\u0142a, 16.07.2023 r.&nbsp; Og\u0142oszenia duszpasterskie&nbsp; Dzisiejsza sk\u0142adka przeznaczona jest na Fundusz Inwestycyjny Parafii. Przypominamy, \u017ce gromadzone \u015brodki przeznaczone s\u0105 na wymian\u0119 dachu ko\u015bcio\u0142a parafialnego, a kosztorys okre\u015bla zadanie na kwot\u0119 ponad 900.000 z\u0142. Wszystkim ofiarodawcom za zrozumienie i hojno\u015b\u0107 wyra\u017camy podzi\u0119kowanie: B\u00f3g zap\u0142a\u0107! We wtorek nowenna do \u015bw. Antoniego, w \u015brod\u0119 do MB [&hellip;]<\/p>\n","protected":false},"author":2,"featured_media":0,"comment_status":"closed","ping_status":"open","sticky":false,"template":"","format":"standard","meta":{"ngg_post_thumbnail":0},"categories":[16,18,17],"tags":[],"_links":{"self":[{"href":"https:\/\/jedlicze.przemyska.pl\/index.php\/wp-json\/wp\/v2\/posts\/2509"}],"collection":[{"href":"https:\/\/jedlicze.przemyska.pl\/index.php\/wp-json\/wp\/v2\/posts"}],"about":[{"href":"https:\/\/jedlicze.przemyska.pl\/index.php\/wp-json\/wp\/v2\/types\/post"}],"author":[{"embeddable":true,"href":"https:\/\/jedlicze.przemyska.pl\/index.php\/wp-json\/wp\/v2\/users\/2"}],"replies":[{"embeddable":true,"href":"https:\/\/jedlicze.przemyska.pl\/index.php\/wp-json\/wp\/v2\/comments?post=2509"}],"version-history":[{"count":2,"href":"https:\/\/jedlicze.przemyska.pl\/index.php\/wp-json\/wp\/v2\/posts\/2509\/revisions"}],"predecessor-version":[{"id":2511,"href":"https:\/\/jedlicze.przemyska.pl\/index.php\/wp-json\/wp\/v2\/posts\/2509\/revisions\/2511"}],"wp:attachment":[{"href":"https:\/\/jedlicze.przemyska.pl\/index.php\/wp-json\/wp\/v2\/media?parent=2509"}],"wp:term":[{"taxonomy":"category","embeddable":true,"href":"https:\/\/jedlicze.przemyska.pl\/index.php\/wp-json\/wp\/v2\/categories?post=2509"},{"taxonomy":"post_tag","embeddable":true,"href":"https:\/\/jedlicze.przemyska.pl\/index.php\/wp-json\/wp\/v2\/tags?post=2509"}],"curies":[{"name":"wp","href":"https:\/\/api.w.org\/{rel}","templated":true}]}}