{"id":2517,"date":"2023-07-29T19:00:33","date_gmt":"2023-07-29T17:00:33","guid":{"rendered":"https:\/\/jedlicze.przemyska.pl\/?p=2517"},"modified":"2023-07-29T14:49:37","modified_gmt":"2023-07-29T12:49:37","slug":"ogloszenia-duszpasterskie-xvii-niedziela-zwykla-30-lipca","status":"publish","type":"post","link":"https:\/\/jedlicze.przemyska.pl\/index.php\/2023\/07\/29\/ogloszenia-duszpasterskie-xvii-niedziela-zwykla-30-lipca\/","title":{"rendered":"Og\u0142oszenia duszpasterskie &#8211; XVII Niedziela zwyk\u0142a, 30 lipca"},"content":{"rendered":"<p style=\"text-align: center;\"><b>XVII Niedziela zwyk\u0142a, 30.07.2023 r.<span class=\"Apple-converted-space\">&nbsp;<\/span><\/b><\/p>\n<p style=\"text-align: center;\"><b>Og\u0142oszenia duszpasterskie<span class=\"Apple-converted-space\">&nbsp;<\/span><\/b><\/p>\n<ol>\n<li style=\"text-align: justify;\">We wtorek rozpoczyna si\u0119 miesi\u0105c sierpie\u0144 \u2013 miesi\u0105c trze\u017awo\u015bci. Zach\u0119camy do dobrowolnej abstynencji w intencji os\u00f3b uzale\u017cnionych i ich rodzin.<span class=\"Apple-converted-space\">&nbsp;<\/span><\/li>\n<li style=\"text-align: justify;\">We <b>wtorek<\/b> nowenna <b>do \u015bw. Antoniego<\/b>, w <b>\u015brod\u0119<\/b> do <b>MB Nieustaj\u0105cej Pomocy<\/b>, w czwartek wystawienie Naj\u015bwi\u0119tszego Sakramentu od godz. 17:00, modlitwy o powo\u0142ania i za powo\u0142anych, o godz. 18:00 Msza \u015bw.<\/li>\n<li style=\"text-align: justify;\">W tym tygodniu wypada <b>pierwszy czwartek, pi\u0105tek i sobota<\/b> miesi\u0105ca. W czwartek mo\u017cliwo\u015b\u0107 spowiedzi podczas adoracji od godz. 17:00. W pi\u0105tek spowied\u017a od godz. 6:30 do 7:00 i po po\u0142udniu od 16:30 do 18:00. Prosimy, \u017ceby do spowiedzi nie przychodzi\u0107 w ostatniej chwili, poniewa\u017c na wakacjach jest mniejsza ilo\u015b\u0107 spowiadaj\u0105cych ksi\u0119\u017cy, a Msza \u015bw. rozpoczyna si\u0119 punktualnie. Zach\u0119camy zatem do przyst\u0105pienia do sakramentu pokuty nawet w ci\u0105gu tygodnia, a w I pi\u0105tek nale\u017cy przyj\u0105\u0107 Komuni\u0119 \u015bw., bowiem istot\u0105 nabo\u017ce\u0144stwa pierwszych pi\u0105tk\u00f3w jest przyj\u0119cie z czystym sercem Pana Jezusa w duchu wynagrodzenia za grzechy.<span class=\"Apple-converted-space\">&nbsp;<\/span><\/li>\n<li style=\"text-align: justify;\">W <b>sobot\u0119<\/b> od godz. <b>8:00<\/b> odwiedziny <b>chorych<\/b> z pos\u0142ug\u0105 sakramentaln\u0105. Prosimy o zg\u0142aszanie chorych w zakrystii. O godz. <b>18:00<\/b> kolejne <b>nabo\u017ce\u0144stwo fatimskie<\/b> z procesj\u0105 maryjn\u0105. Zapraszamy do modlitwy o pok\u00f3j na \u015bwiecie i o nawr\u00f3cenie grzesznik\u00f3w.<span class=\"Apple-converted-space\">&nbsp;<\/span><\/li>\n<li style=\"text-align: justify;\">W przysz\u0142\u0105 niedziel\u0119 wypada \u015bwi\u0119to Przemienienia Pa\u0144skiego. Zmiana tajemnic r\u00f3\u017ca\u0144cowych, a sk\u0142adka przeznaczona na potrzeby diecezji.<span class=\"Apple-converted-space\">&nbsp;<\/span><\/li>\n<li style=\"text-align: justify;\">W jesieni planowany jest <b>Festyn Parafialny<\/b>. Osoby, kt\u00f3re chcia\u0142yby przekaza\u0107 jakie\u015b artyku\u0142y na fanty prosimy o przynoszenie ich do zakrystii do ko\u0144ca sierpnia. Prosimy r\u00f3wnocze\u015bnie, aby to by\u0142y rzeczy nowe lub w dobrym stanie jako\u015bciowym. W przedsionku urz\u0119du pocztowego w Jedliczu wystawiona jest skrzynka, do kt\u00f3rej tak\u017ce mo\u017cna zakupi\u0107 i z\u0142o\u017cy\u0107 jakie\u015b przedmioty na fanty.<\/li>\n<li style=\"text-align: justify;\">Do nabycia prasa katolicka <i>Go\u015b\u0107 Niedzielny <\/i>i <i>Niedziela.<\/i> W <i>Go\u015bciu Niedzielnym <\/i>o \u015awiatowych Dniach M\u0142odzie\u017cy w Lizbonie, albo o pielgrzymowaniu do Santiago de Compostelli. W <i>Niedzieli<\/i> tematem numeru artyku\u0142 czy katolikowie wolno si\u0119 zgodzi\u0107 na rozw\u00f3d, albo sk\u0105d si\u0119 wzi\u0105\u0142 Ko\u015bci\u00f3\u0142, albo o bazylice \u015bw. Micha\u0142a Archanio\u0142a na Gargano. Przy filarze pod ch\u00f3rem wy\u0142o\u017cone s\u0105 broszury po\u015bwi\u0119cone beatyfikacji Rodziny Ulm\u00f3w. Bardzo prosimy o zabieranie ich i przemy\u015blenie wyjazdu na uroczysto\u015b\u0107 we wrze\u015bniu. Przypominamy, \u017ce do jutra w zakrystii trwaj\u0105 zapisy uczestnik\u00f3w beatyfikacji.<span class=\"Apple-converted-space\">&nbsp;<\/span><\/li>\n<li style=\"text-align: justify;\">W poprzednim tygodniu w okolicach ko\u015bcio\u0142a znaleziono dow\u00f3d pi\u0119cioletniego dziecka. Jest on do odbioru w kancelarii parafialnej.<span class=\"Apple-converted-space\">&nbsp;<\/span><\/li>\n<li style=\"text-align: justify;\">W ubieg\u0142ym tygodniu do wieczno\u015bci odesz\u0142a \u015bp. Teresa SUBIK z ul. Rejtana ur. w 1937 r. Polecajmy Zmar\u0142\u0105 Bo\u017cemu Mi\u0142osierdziu: <i>Wieczne odpoczywanie\u2026<\/i><\/li>\n<\/ol>\n","protected":false},"excerpt":{"rendered":"<p>XVII Niedziela zwyk\u0142a, 30.07.2023 r.&nbsp; Og\u0142oszenia duszpasterskie&nbsp; We wtorek rozpoczyna si\u0119 miesi\u0105c sierpie\u0144 \u2013 miesi\u0105c trze\u017awo\u015bci. Zach\u0119camy do dobrowolnej abstynencji w intencji os\u00f3b uzale\u017cnionych i ich rodzin.&nbsp; We wtorek nowenna do \u015bw. Antoniego, w \u015brod\u0119 do MB Nieustaj\u0105cej Pomocy, w czwartek wystawienie Naj\u015bwi\u0119tszego Sakramentu od godz. 17:00, modlitwy o powo\u0142ania i za powo\u0142anych, o godz. [&hellip;]<\/p>\n","protected":false},"author":2,"featured_media":0,"comment_status":"closed","ping_status":"open","sticky":false,"template":"","format":"standard","meta":{"ngg_post_thumbnail":0},"categories":[16,18,17],"tags":[],"_links":{"self":[{"href":"https:\/\/jedlicze.przemyska.pl\/index.php\/wp-json\/wp\/v2\/posts\/2517"}],"collection":[{"href":"https:\/\/jedlicze.przemyska.pl\/index.php\/wp-json\/wp\/v2\/posts"}],"about":[{"href":"https:\/\/jedlicze.przemyska.pl\/index.php\/wp-json\/wp\/v2\/types\/post"}],"author":[{"embeddable":true,"href":"https:\/\/jedlicze.przemyska.pl\/index.php\/wp-json\/wp\/v2\/users\/2"}],"replies":[{"embeddable":true,"href":"https:\/\/jedlicze.przemyska.pl\/index.php\/wp-json\/wp\/v2\/comments?post=2517"}],"version-history":[{"count":1,"href":"https:\/\/jedlicze.przemyska.pl\/index.php\/wp-json\/wp\/v2\/posts\/2517\/revisions"}],"predecessor-version":[{"id":2518,"href":"https:\/\/jedlicze.przemyska.pl\/index.php\/wp-json\/wp\/v2\/posts\/2517\/revisions\/2518"}],"wp:attachment":[{"href":"https:\/\/jedlicze.przemyska.pl\/index.php\/wp-json\/wp\/v2\/media?parent=2517"}],"wp:term":[{"taxonomy":"category","embeddable":true,"href":"https:\/\/jedlicze.przemyska.pl\/index.php\/wp-json\/wp\/v2\/categories?post=2517"},{"taxonomy":"post_tag","embeddable":true,"href":"https:\/\/jedlicze.przemyska.pl\/index.php\/wp-json\/wp\/v2\/tags?post=2517"}],"curies":[{"name":"wp","href":"https:\/\/api.w.org\/{rel}","templated":true}]}}