{"id":2550,"date":"2023-09-05T21:35:54","date_gmt":"2023-09-05T19:35:54","guid":{"rendered":"https:\/\/jedlicze.przemyska.pl\/?p=2550"},"modified":"2023-09-14T14:07:04","modified_gmt":"2023-09-14T12:07:04","slug":"zaproszenie-na-piknik-parafialny","status":"publish","type":"post","link":"https:\/\/jedlicze.przemyska.pl\/index.php\/2023\/09\/05\/zaproszenie-na-piknik-parafialny\/","title":{"rendered":"Zaproszenie na Piknik Parafialny i lista sponsor\u00f3w"},"content":{"rendered":"<p><a href=\"https:\/\/jedlicze.przemyska.pl\/wp-content\/uploads\/2023\/09\/festyn-parafialny.png\"><img loading=\"lazy\" class=\"alignnone size-large wp-image-2551\" src=\"https:\/\/jedlicze.przemyska.pl\/wp-content\/uploads\/2023\/09\/festyn-parafialny-724x1024.png\" alt=\"\" width=\"724\" height=\"1024\"><\/a><\/p>\n<p>Piknik m\u00f3g\u0142 si\u0119 odby\u0107 dzi\u0119ki wsparciu wielu os\u00f3b i instytucji, kt\u00f3rym wyra\u017camy wielk\u0105 wdzi\u0119czno\u015b\u0107. Poni\u017cej przedstawiona jest lista sponsor\u00f3w.&nbsp;<\/p>\n<p><b>Sponsorzy V Pikniku Parafialnego w Jedliczu, 9 wrze\u015bnia 2023 r.<\/b><\/p>\n<ol>\n<li>SPLAST Sp\u00f3\u0142ka z O.O Jedlicze,<\/li>\n<li>W\u00f3jt Gminy Wojasz\u00f3wka, S\u0142awomir Stefa\u0144ski,<\/li>\n<li>Poczta Polska Jedlicze,<\/li>\n<li>Gminna Sp\u00f3\u0142dzielnia Samopomoc Ch\u0142opska \u201eGS\u201d Jedlicze,<\/li>\n<li>Kasa \u201eSKOK Chmielewskiego\u201d Jedlicze,<\/li>\n<li>Bank Sp\u00f3\u0142dzielczy w Rymanowie o. Jedlicze<\/li>\n<li>Huta \u201eZorza\u201d s.c. Jacek Ginalski, Przemys\u0142\u0105w K\u0119dzior, Jedlicze, ul. Rejtana,<\/li>\n<li>Dyrekcja Szko\u0142y Podstawowej w Jedliczu,<\/li>\n<li>Dyrekcja Zespo\u0142u Szk\u00f3\u0142 im Armii Krajowej w Jedliczu,<\/li>\n<li>Apteka \u201eLafarma\u201d w Jedliczu, ul<span class=\"Apple-converted-space\">&nbsp; <\/span>Tytusa Trzecieskiego,<\/li>\n<li>Apteka \u201eTomasz Mojak\u201d Jedlicze ul. Rynek,<\/li>\n<li>Apteka \u201e\u017b\u00f3\u0142ko\u015b\u201d Jedlicze ul. \u0141ukasiewicza,<\/li>\n<li>Raf- Ekologia Jedlicze,<\/li>\n<li>Max- Elektro Jedlicze ul. Tokarskich,<\/li>\n<li>Zak\u0142ad Optyczny &#8211; Ewa i Konrad Czarnobilscy s. c. Jedlicze ul. Tokarskich,<\/li>\n<li>Firma Handlowo Us\u0142ugowa, Roman Grzesik ul. Brzozowa,<\/li>\n<li>Kebab &amp;Glovo<span class=\"Apple-converted-space\">&nbsp; <\/span>Krosno ul Legion\u00f3w,<\/li>\n<li>Masarnia \u201eWrocanka\u201d,<\/li>\n<li>Masarnia \u201eDobrucowa\u201d,<\/li>\n<li>Delikatesy Centrum, Tomasz W\u0119klar Jedlicze ul. Brzozowa,<\/li>\n<li>Firma Handlowo- Us\u0142ugowa Dariusz Grzesik, Krosno,<\/li>\n<li>Firma Finansowo- Us\u0142ugowa, \u201eBuczy\u0144scy\u201d Jedlicze ul. Rynek 5,<\/li>\n<li>ATB Buczy\u0144scy &#8211; Ubezpieczenia<\/li>\n<li>Cukiernia Grzegorz Nowak, Jedlicze,<\/li>\n<li>Sklep Papierniczy \u201ePapierek\u201d Jedlicze, ul. Dubisa 1,<\/li>\n<li>Sklep spo\u017cywczy \u201eTemeks\u201d, Krzysztof Buczy\u0144ski, Tomasz Laba, Jedlicze<\/li>\n<li>Sklep obuwniczo-odzie\u017cowy \u201eMIK\u201d Dominika Kudro\u0144,<\/li>\n<li>Sklep Wielobran\u017cowy \u201eKubapol\u201d Antoni Kubacki,<\/li>\n<li>Sklep Przemys\u0142owy Jedlicze, Konrad Kici\u0144ski,<\/li>\n<li>Ubezpieczenia Jedlicze, Jolanta Kici\u0144ska,<\/li>\n<li>FPHU Marian Papuga \u201eLodziarnia\u201d<span class=\"Apple-converted-space\">&nbsp; <\/span>Jedlicze ul. Tokarskich,<\/li>\n<li>FHU \u201eKamil\u201d Agata<span class=\"Apple-converted-space\">&nbsp; <\/span>Wietecha, Jedlicze ul. Rejtana,<\/li>\n<li>FHU Fach-Bud sklep, Jedlicze,<\/li>\n<li>Delikatesy \u201eAlfa Passa\u201d Jedlicze, ul. Rejtana,<\/li>\n<li>Firma \u201eOrient\u201d Jedliczu, ul. Rynek,<\/li>\n<li>Miejskie Ko\u0142o Kobiet Jedlicze,<\/li>\n<li>Ko\u0142o Gospody\u0144 Wiejskich, D\u0142ugie,<\/li>\n<li>Rada Rodzic\u00f3w Szko\u0142y Podstawowej w Jedliczu,<\/li>\n<li>Robert Myszkal<\/li>\n<li>OSP Jedlicze, OSP M\u0119cinka<span class=\"Apple-converted-space\">&nbsp;<\/span><\/li>\n<li>Pracownia Artystyczna FormArt Jerzy Duda<\/li>\n<li>Salon Urody \u201eShine\u201d, Ewelina Kurco\u0144 Jedlicze ul. Tokarskich,<\/li>\n<li>Gabinet Fizjoterapii, rehabilitacja, terapia manualna, masa\u017c<br \/>\n&#8211; Barbara Ginalska Krosno , ul. Batorego 2 D,<\/li>\n<\/ol>\n","protected":false},"excerpt":{"rendered":"<p>Piknik m\u00f3g\u0142 si\u0119 odby\u0107 dzi\u0119ki wsparciu wielu os\u00f3b i instytucji, kt\u00f3rym wyra\u017camy wielk\u0105 wdzi\u0119czno\u015b\u0107. Poni\u017cej przedstawiona jest lista sponsor\u00f3w.&nbsp; Sponsorzy V Pikniku Parafialnego w Jedliczu, 9 wrze\u015bnia 2023 r. SPLAST Sp\u00f3\u0142ka z O.O Jedlicze, W\u00f3jt Gminy Wojasz\u00f3wka, S\u0142awomir Stefa\u0144ski, Poczta Polska Jedlicze, Gminna Sp\u00f3\u0142dzielnia Samopomoc Ch\u0142opska \u201eGS\u201d Jedlicze, Kasa \u201eSKOK Chmielewskiego\u201d Jedlicze, Bank Sp\u00f3\u0142dzielczy w [&hellip;]<\/p>\n","protected":false},"author":2,"featured_media":2551,"comment_status":"closed","ping_status":"open","sticky":false,"template":"","format":"image","meta":{"ngg_post_thumbnail":0},"categories":[16,18],"tags":[],"_links":{"self":[{"href":"https:\/\/jedlicze.przemyska.pl\/index.php\/wp-json\/wp\/v2\/posts\/2550"}],"collection":[{"href":"https:\/\/jedlicze.przemyska.pl\/index.php\/wp-json\/wp\/v2\/posts"}],"about":[{"href":"https:\/\/jedlicze.przemyska.pl\/index.php\/wp-json\/wp\/v2\/types\/post"}],"author":[{"embeddable":true,"href":"https:\/\/jedlicze.przemyska.pl\/index.php\/wp-json\/wp\/v2\/users\/2"}],"replies":[{"embeddable":true,"href":"https:\/\/jedlicze.przemyska.pl\/index.php\/wp-json\/wp\/v2\/comments?post=2550"}],"version-history":[{"count":4,"href":"https:\/\/jedlicze.przemyska.pl\/index.php\/wp-json\/wp\/v2\/posts\/2550\/revisions"}],"predecessor-version":[{"id":2674,"href":"https:\/\/jedlicze.przemyska.pl\/index.php\/wp-json\/wp\/v2\/posts\/2550\/revisions\/2674"}],"wp:featuredmedia":[{"embeddable":true,"href":"https:\/\/jedlicze.przemyska.pl\/index.php\/wp-json\/wp\/v2\/media\/2551"}],"wp:attachment":[{"href":"https:\/\/jedlicze.przemyska.pl\/index.php\/wp-json\/wp\/v2\/media?parent=2550"}],"wp:term":[{"taxonomy":"category","embeddable":true,"href":"https:\/\/jedlicze.przemyska.pl\/index.php\/wp-json\/wp\/v2\/categories?post=2550"},{"taxonomy":"post_tag","embeddable":true,"href":"https:\/\/jedlicze.przemyska.pl\/index.php\/wp-json\/wp\/v2\/tags?post=2550"}],"curies":[{"name":"wp","href":"https:\/\/api.w.org\/{rel}","templated":true}]}}