{"id":2831,"date":"2023-10-19T18:00:24","date_gmt":"2023-10-19T16:00:24","guid":{"rendered":"https:\/\/jedlicze.przemyska.pl\/?p=2831"},"modified":"2023-10-22T17:16:20","modified_gmt":"2023-10-22T15:16:20","slug":"odpust-sw-lukasza-i-rocznica-konsekracji-kosciola","status":"publish","type":"post","link":"https:\/\/jedlicze.przemyska.pl\/index.php\/2023\/10\/19\/odpust-sw-lukasza-i-rocznica-konsekracji-kosciola\/","title":{"rendered":"Odpust \u015bw. \u0141ukasza i rocznica konsekracji ko\u015bcio\u0142a"},"content":{"rendered":"<p><!-- default-view.php -->\n<div\n\tclass=\"ngg-galleryoverview default-view \"\n\tid=\"ngg-gallery-714f70792a067b0110f8e688f44f3bfa-1\">\n\n\t\t<!-- Thumbnails -->\n\t\t\t\t<div id=\"ngg-image-0\" class=\"ngg-gallery-thumbnail-box \" >\n\t\t\t\t        <div class=\"ngg-gallery-thumbnail\">\n            <a href=\"https:\/\/jedlicze.przemyska.pl\/wp-content\/gallery\/odpust-sw-lukasza\/WhatsApp-Image-2023-10-18-at-22.30.19.jpeg\"\n               title=\"W \u015brod\u0119, 18 pa\u017adziernika 2023r., w naszej parafii prze\u017cywali\u015bmy odpust ku czci \u015bw. \u0141ukasza oraz 98. rocznic\u0119 konsekracji ko\u015bcio\u0142a. \nUroczysto\u015bci przewodniczy\u0142 ks. Tadeusz Dec, proboszcz parafii. Kazanie odpustowe wyg\u0142osi\u0142 ks. dr hab. Wac\u0142aw Siwak - profesor WSD w Przemy\u015blu, a w koncelebrze wzi\u0105\u0142 udzia\u0142 r\u00f3wnie\u017c ks. Grzegorz Sobota  wikariusz tutejszej parafii.\"\n               data-src=\"https:\/\/jedlicze.przemyska.pl\/wp-content\/gallery\/odpust-sw-lukasza\/WhatsApp-Image-2023-10-18-at-22.30.19.jpeg\"\n               data-thumbnail=\"https:\/\/jedlicze.przemyska.pl\/wp-content\/gallery\/odpust-sw-lukasza\/thumbs\/thumbs_WhatsApp-Image-2023-10-18-at-22.30.19.jpeg\"\n               data-image-id=\"498\"\n               data-title=\"WhatsApp-Image-2023-10-18-at-22.30.19\"\n               data-description=\"W \u015brod\u0119, 18 pa\u017adziernika 2023r., w naszej parafii prze\u017cywali\u015bmy odpust ku czci \u015bw. \u0141ukasza oraz 98. rocznic\u0119 konsekracji ko\u015bcio\u0142a. \nUroczysto\u015bci przewodniczy\u0142 ks. Tadeusz Dec, proboszcz parafii. Kazanie odpustowe wyg\u0142osi\u0142 ks. dr hab. Wac\u0142aw Siwak - profesor WSD w Przemy\u015blu, a w koncelebrze wzi\u0105\u0142 udzia\u0142 r\u00f3wnie\u017c ks. Grzegorz Sobota  wikariusz tutejszej parafii.\"\n               data-image-slug=\"whatsapp-image-2023-10-18-at-22-30-19\"\n               class=\"ngg-simplelightbox\" rel=\"714f70792a067b0110f8e688f44f3bfa\">\n                <img\n                    title=\"WhatsApp-Image-2023-10-18-at-22.30.19\"\n                    alt=\"WhatsApp-Image-2023-10-18-at-22.30.19\"\n                    src=\"https:\/\/jedlicze.przemyska.pl\/wp-content\/gallery\/odpust-sw-lukasza\/thumbs\/thumbs_WhatsApp-Image-2023-10-18-at-22.30.19.jpeg\"\n                    width=\"240\"\n                    height=\"160\"\n                    style=\"max-width:100%;\"\n                \/>\n            <\/a>\n        <\/div>\n\t\t\t\t\t\t\t<\/div> \n\t\t\t\n\t\t\t\t<div id=\"ngg-image-1\" class=\"ngg-gallery-thumbnail-box \" >\n\t\t\t\t        <div class=\"ngg-gallery-thumbnail\">\n            <a href=\"https:\/\/jedlicze.przemyska.pl\/wp-content\/gallery\/odpust-sw-lukasza\/WhatsApp-Image-2023-10-18-at-22.30.25.jpeg\"\n               title=\"\"\n               data-src=\"https:\/\/jedlicze.przemyska.pl\/wp-content\/gallery\/odpust-sw-lukasza\/WhatsApp-Image-2023-10-18-at-22.30.25.jpeg\"\n               data-thumbnail=\"https:\/\/jedlicze.przemyska.pl\/wp-content\/gallery\/odpust-sw-lukasza\/thumbs\/thumbs_WhatsApp-Image-2023-10-18-at-22.30.25.jpeg\"\n               data-image-id=\"499\"\n               data-title=\"WhatsApp-Image-2023-10-18-at-22.30.25\"\n               data-description=\"\"\n               data-image-slug=\"whatsapp-image-2023-10-18-at-22-30-25\"\n               class=\"ngg-simplelightbox\" rel=\"714f70792a067b0110f8e688f44f3bfa\">\n                <img\n                    title=\"WhatsApp-Image-2023-10-18-at-22.30.25\"\n                    alt=\"WhatsApp-Image-2023-10-18-at-22.30.25\"\n                    src=\"https:\/\/jedlicze.przemyska.pl\/wp-content\/gallery\/odpust-sw-lukasza\/thumbs\/thumbs_WhatsApp-Image-2023-10-18-at-22.30.25.jpeg\"\n                    width=\"240\"\n                    height=\"160\"\n                    style=\"max-width:100%;\"\n                \/>\n            <\/a>\n        <\/div>\n\t\t\t\t\t\t\t<\/div> \n\t\t\t\n\t\t\t\t<div id=\"ngg-image-2\" class=\"ngg-gallery-thumbnail-box \" >\n\t\t\t\t        <div class=\"ngg-gallery-thumbnail\">\n            <a href=\"https:\/\/jedlicze.przemyska.pl\/wp-content\/gallery\/odpust-sw-lukasza\/WhatsApp-Image-2023-10-18-at-22.30.31.jpeg\"\n               title=\"\"\n               data-src=\"https:\/\/jedlicze.przemyska.pl\/wp-content\/gallery\/odpust-sw-lukasza\/WhatsApp-Image-2023-10-18-at-22.30.31.jpeg\"\n               data-thumbnail=\"https:\/\/jedlicze.przemyska.pl\/wp-content\/gallery\/odpust-sw-lukasza\/thumbs\/thumbs_WhatsApp-Image-2023-10-18-at-22.30.31.jpeg\"\n               data-image-id=\"500\"\n               data-title=\"WhatsApp-Image-2023-10-18-at-22.30.31\"\n               data-description=\"\"\n               data-image-slug=\"whatsapp-image-2023-10-18-at-22-30-31\"\n               class=\"ngg-simplelightbox\" rel=\"714f70792a067b0110f8e688f44f3bfa\">\n                <img\n                    title=\"WhatsApp-Image-2023-10-18-at-22.30.31\"\n                    alt=\"WhatsApp-Image-2023-10-18-at-22.30.31\"\n                    src=\"https:\/\/jedlicze.przemyska.pl\/wp-content\/gallery\/odpust-sw-lukasza\/thumbs\/thumbs_WhatsApp-Image-2023-10-18-at-22.30.31.jpeg\"\n                    width=\"240\"\n                    height=\"160\"\n                    style=\"max-width:100%;\"\n                \/>\n            <\/a>\n        <\/div>\n\t\t\t\t\t\t\t<\/div> \n\t\t\t\n\t\t\t\t<div id=\"ngg-image-3\" class=\"ngg-gallery-thumbnail-box \" >\n\t\t\t\t        <div class=\"ngg-gallery-thumbnail\">\n            <a href=\"https:\/\/jedlicze.przemyska.pl\/wp-content\/gallery\/odpust-sw-lukasza\/WhatsApp-Image-2023-10-18-at-22.30.50.jpeg\"\n               title=\"\"\n               data-src=\"https:\/\/jedlicze.przemyska.pl\/wp-content\/gallery\/odpust-sw-lukasza\/WhatsApp-Image-2023-10-18-at-22.30.50.jpeg\"\n               data-thumbnail=\"https:\/\/jedlicze.przemyska.pl\/wp-content\/gallery\/odpust-sw-lukasza\/thumbs\/thumbs_WhatsApp-Image-2023-10-18-at-22.30.50.jpeg\"\n               data-image-id=\"502\"\n               data-title=\"WhatsApp-Image-2023-10-18-at-22.30.50\"\n               data-description=\"\"\n               data-image-slug=\"whatsapp-image-2023-10-18-at-22-30-50\"\n               class=\"ngg-simplelightbox\" rel=\"714f70792a067b0110f8e688f44f3bfa\">\n                <img\n                    title=\"WhatsApp-Image-2023-10-18-at-22.30.50\"\n                    alt=\"WhatsApp-Image-2023-10-18-at-22.30.50\"\n                    src=\"https:\/\/jedlicze.przemyska.pl\/wp-content\/gallery\/odpust-sw-lukasza\/thumbs\/thumbs_WhatsApp-Image-2023-10-18-at-22.30.50.jpeg\"\n                    width=\"240\"\n                    height=\"160\"\n                    style=\"max-width:100%;\"\n                \/>\n            <\/a>\n        <\/div>\n\t\t\t\t\t\t\t<\/div> \n\t\t\t\n\t\t\t\t<div id=\"ngg-image-4\" class=\"ngg-gallery-thumbnail-box \" >\n\t\t\t\t        <div class=\"ngg-gallery-thumbnail\">\n            <a href=\"https:\/\/jedlicze.przemyska.pl\/wp-content\/gallery\/odpust-sw-lukasza\/WhatsApp-Image-2023-10-18-at-22.30.59.jpeg\"\n               title=\"\"\n               data-src=\"https:\/\/jedlicze.przemyska.pl\/wp-content\/gallery\/odpust-sw-lukasza\/WhatsApp-Image-2023-10-18-at-22.30.59.jpeg\"\n               data-thumbnail=\"https:\/\/jedlicze.przemyska.pl\/wp-content\/gallery\/odpust-sw-lukasza\/thumbs\/thumbs_WhatsApp-Image-2023-10-18-at-22.30.59.jpeg\"\n               data-image-id=\"503\"\n               data-title=\"WhatsApp-Image-2023-10-18-at-22.30.59\"\n               data-description=\"\"\n               data-image-slug=\"whatsapp-image-2023-10-18-at-22-30-59\"\n               class=\"ngg-simplelightbox\" rel=\"714f70792a067b0110f8e688f44f3bfa\">\n                <img\n                    title=\"WhatsApp-Image-2023-10-18-at-22.30.59\"\n                    alt=\"WhatsApp-Image-2023-10-18-at-22.30.59\"\n                    src=\"https:\/\/jedlicze.przemyska.pl\/wp-content\/gallery\/odpust-sw-lukasza\/thumbs\/thumbs_WhatsApp-Image-2023-10-18-at-22.30.59.jpeg\"\n                    width=\"240\"\n                    height=\"160\"\n                    style=\"max-width:100%;\"\n                \/>\n            <\/a>\n        <\/div>\n\t\t\t\t\t\t\t<\/div> \n\t\t\t\n\t\t\t\t<div id=\"ngg-image-5\" class=\"ngg-gallery-thumbnail-box \" >\n\t\t\t\t        <div class=\"ngg-gallery-thumbnail\">\n            <a href=\"https:\/\/jedlicze.przemyska.pl\/wp-content\/gallery\/odpust-sw-lukasza\/WhatsApp-Image-2023-10-18-at-22.31.06.jpeg\"\n               title=\"\"\n               data-src=\"https:\/\/jedlicze.przemyska.pl\/wp-content\/gallery\/odpust-sw-lukasza\/WhatsApp-Image-2023-10-18-at-22.31.06.jpeg\"\n               data-thumbnail=\"https:\/\/jedlicze.przemyska.pl\/wp-content\/gallery\/odpust-sw-lukasza\/thumbs\/thumbs_WhatsApp-Image-2023-10-18-at-22.31.06.jpeg\"\n               data-image-id=\"504\"\n               data-title=\"WhatsApp-Image-2023-10-18-at-22.31.06\"\n               data-description=\"\"\n               data-image-slug=\"whatsapp-image-2023-10-18-at-22-31-06\"\n               class=\"ngg-simplelightbox\" rel=\"714f70792a067b0110f8e688f44f3bfa\">\n                <img\n                    title=\"WhatsApp-Image-2023-10-18-at-22.31.06\"\n                    alt=\"WhatsApp-Image-2023-10-18-at-22.31.06\"\n                    src=\"https:\/\/jedlicze.przemyska.pl\/wp-content\/gallery\/odpust-sw-lukasza\/thumbs\/thumbs_WhatsApp-Image-2023-10-18-at-22.31.06.jpeg\"\n                    width=\"240\"\n                    height=\"160\"\n                    style=\"max-width:100%;\"\n                \/>\n            <\/a>\n        <\/div>\n\t\t\t\t\t\t\t<\/div> \n\t\t\t\n\t\t\t\t<div id=\"ngg-image-6\" class=\"ngg-gallery-thumbnail-box \" >\n\t\t\t\t        <div class=\"ngg-gallery-thumbnail\">\n            <a href=\"https:\/\/jedlicze.przemyska.pl\/wp-content\/gallery\/odpust-sw-lukasza\/WhatsApp-Image-2023-10-18-at-22.31.14.jpeg\"\n               title=\"\"\n               data-src=\"https:\/\/jedlicze.przemyska.pl\/wp-content\/gallery\/odpust-sw-lukasza\/WhatsApp-Image-2023-10-18-at-22.31.14.jpeg\"\n               data-thumbnail=\"https:\/\/jedlicze.przemyska.pl\/wp-content\/gallery\/odpust-sw-lukasza\/thumbs\/thumbs_WhatsApp-Image-2023-10-18-at-22.31.14.jpeg\"\n               data-image-id=\"505\"\n               data-title=\"WhatsApp-Image-2023-10-18-at-22.31.14\"\n               data-description=\"\"\n               data-image-slug=\"whatsapp-image-2023-10-18-at-22-31-14\"\n               class=\"ngg-simplelightbox\" rel=\"714f70792a067b0110f8e688f44f3bfa\">\n                <img\n                    title=\"WhatsApp-Image-2023-10-18-at-22.31.14\"\n                    alt=\"WhatsApp-Image-2023-10-18-at-22.31.14\"\n                    src=\"https:\/\/jedlicze.przemyska.pl\/wp-content\/gallery\/odpust-sw-lukasza\/thumbs\/thumbs_WhatsApp-Image-2023-10-18-at-22.31.14.jpeg\"\n                    width=\"240\"\n                    height=\"160\"\n                    style=\"max-width:100%;\"\n                \/>\n            <\/a>\n        <\/div>\n\t\t\t\t\t\t\t<\/div> \n\t\t\t\n\t\t\t\t<div id=\"ngg-image-7\" class=\"ngg-gallery-thumbnail-box \" >\n\t\t\t\t        <div class=\"ngg-gallery-thumbnail\">\n            <a href=\"https:\/\/jedlicze.przemyska.pl\/wp-content\/gallery\/odpust-sw-lukasza\/WhatsApp-Image-2023-10-18-at-22.31.25.jpeg\"\n               title=\"\"\n               data-src=\"https:\/\/jedlicze.przemyska.pl\/wp-content\/gallery\/odpust-sw-lukasza\/WhatsApp-Image-2023-10-18-at-22.31.25.jpeg\"\n               data-thumbnail=\"https:\/\/jedlicze.przemyska.pl\/wp-content\/gallery\/odpust-sw-lukasza\/thumbs\/thumbs_WhatsApp-Image-2023-10-18-at-22.31.25.jpeg\"\n               data-image-id=\"506\"\n               data-title=\"WhatsApp-Image-2023-10-18-at-22.31.25\"\n               data-description=\"\"\n               data-image-slug=\"whatsapp-image-2023-10-18-at-22-31-25\"\n               class=\"ngg-simplelightbox\" rel=\"714f70792a067b0110f8e688f44f3bfa\">\n                <img\n                    title=\"WhatsApp-Image-2023-10-18-at-22.31.25\"\n                    alt=\"WhatsApp-Image-2023-10-18-at-22.31.25\"\n                    src=\"https:\/\/jedlicze.przemyska.pl\/wp-content\/gallery\/odpust-sw-lukasza\/thumbs\/thumbs_WhatsApp-Image-2023-10-18-at-22.31.25.jpeg\"\n                    width=\"240\"\n                    height=\"160\"\n                    style=\"max-width:100%;\"\n                \/>\n            <\/a>\n        <\/div>\n\t\t\t\t\t\t\t<\/div> \n\t\t\t\n\t\t\t\t<div id=\"ngg-image-8\" class=\"ngg-gallery-thumbnail-box \" >\n\t\t\t\t        <div class=\"ngg-gallery-thumbnail\">\n            <a href=\"https:\/\/jedlicze.przemyska.pl\/wp-content\/gallery\/odpust-sw-lukasza\/WhatsApp-Image-2023-10-18-at-22.31.36.jpeg\"\n               title=\"\"\n               data-src=\"https:\/\/jedlicze.przemyska.pl\/wp-content\/gallery\/odpust-sw-lukasza\/WhatsApp-Image-2023-10-18-at-22.31.36.jpeg\"\n               data-thumbnail=\"https:\/\/jedlicze.przemyska.pl\/wp-content\/gallery\/odpust-sw-lukasza\/thumbs\/thumbs_WhatsApp-Image-2023-10-18-at-22.31.36.jpeg\"\n               data-image-id=\"507\"\n               data-title=\"WhatsApp-Image-2023-10-18-at-22.31.36\"\n               data-description=\"\"\n               data-image-slug=\"whatsapp-image-2023-10-18-at-22-31-36\"\n               class=\"ngg-simplelightbox\" rel=\"714f70792a067b0110f8e688f44f3bfa\">\n                <img\n                    title=\"WhatsApp-Image-2023-10-18-at-22.31.36\"\n                    alt=\"WhatsApp-Image-2023-10-18-at-22.31.36\"\n                    src=\"https:\/\/jedlicze.przemyska.pl\/wp-content\/gallery\/odpust-sw-lukasza\/thumbs\/thumbs_WhatsApp-Image-2023-10-18-at-22.31.36.jpeg\"\n                    width=\"240\"\n                    height=\"160\"\n                    style=\"max-width:100%;\"\n                \/>\n            <\/a>\n        <\/div>\n\t\t\t\t\t\t\t<\/div> \n\t\t\t\n\t\n\t<br style=\"clear: both\" \/>\n\n\t\n\t\t<!-- Pagination -->\n\t<div class='ngg-clear'><\/div>\t<\/div>\nW \u015brod\u0119, 18 pa\u017adziernika 2023r., w naszej parafii prze\u017cywali\u015bmy odpust ku czci \u015bw. \u0141ukasza i 98. rocznic\u0119 po\u015bwi\u0119cenia ko\u015bcio\u0142a. Uroczysto\u015bci przewodniczy\u0142 ks. Tadeusz Dec, proboszcz parafii. Kazanie odpustowe wyg\u0142osi\u0142 ks. dr hab. Wac\u0142aw Siwak &#8211; profesor WSD w Przemy\u015blu, a w koncelebrze wzi\u0105\u0142 udzia\u0142 r\u00f3wnie\u017c ks. Grzegorz Sobota wikariusz tutejszej parafii.<\/p>\n","protected":false},"excerpt":{"rendered":"<p>W \u015brod\u0119, 18 pa\u017adziernika 2023r., w naszej parafii prze\u017cywali\u015bmy odpust ku czci \u015bw. \u0141ukasza i 98. rocznic\u0119 po\u015bwi\u0119cenia ko\u015bcio\u0142a. Uroczysto\u015bci przewodniczy\u0142 ks. Tadeusz Dec, proboszcz parafii. Kazanie odpustowe wyg\u0142osi\u0142 ks. dr hab. Wac\u0142aw Siwak &#8211; profesor WSD w Przemy\u015blu, a w koncelebrze wzi\u0105\u0142 udzia\u0142 r\u00f3wnie\u017c ks. Grzegorz Sobota wikariusz tutejszej parafii.<\/p>\n","protected":false},"author":2,"featured_media":2839,"comment_status":"closed","ping_status":"open","sticky":false,"template":"","format":"standard","meta":{"ngg_post_thumbnail":0},"categories":[16,19,18],"tags":[],"_links":{"self":[{"href":"https:\/\/jedlicze.przemyska.pl\/index.php\/wp-json\/wp\/v2\/posts\/2831"}],"collection":[{"href":"https:\/\/jedlicze.przemyska.pl\/index.php\/wp-json\/wp\/v2\/posts"}],"about":[{"href":"https:\/\/jedlicze.przemyska.pl\/index.php\/wp-json\/wp\/v2\/types\/post"}],"author":[{"embeddable":true,"href":"https:\/\/jedlicze.przemyska.pl\/index.php\/wp-json\/wp\/v2\/users\/2"}],"replies":[{"embeddable":true,"href":"https:\/\/jedlicze.przemyska.pl\/index.php\/wp-json\/wp\/v2\/comments?post=2831"}],"version-history":[{"count":2,"href":"https:\/\/jedlicze.przemyska.pl\/index.php\/wp-json\/wp\/v2\/posts\/2831\/revisions"}],"predecessor-version":[{"id":2854,"href":"https:\/\/jedlicze.przemyska.pl\/index.php\/wp-json\/wp\/v2\/posts\/2831\/revisions\/2854"}],"wp:featuredmedia":[{"embeddable":true,"href":"https:\/\/jedlicze.przemyska.pl\/index.php\/wp-json\/wp\/v2\/media\/2839"}],"wp:attachment":[{"href":"https:\/\/jedlicze.przemyska.pl\/index.php\/wp-json\/wp\/v2\/media?parent=2831"}],"wp:term":[{"taxonomy":"category","embeddable":true,"href":"https:\/\/jedlicze.przemyska.pl\/index.php\/wp-json\/wp\/v2\/categories?post=2831"},{"taxonomy":"post_tag","embeddable":true,"href":"https:\/\/jedlicze.przemyska.pl\/index.php\/wp-json\/wp\/v2\/tags?post=2831"}],"curies":[{"name":"wp","href":"https:\/\/api.w.org\/{rel}","templated":true}]}}