{"id":2857,"date":"2023-10-31T19:00:29","date_gmt":"2023-10-31T18:00:29","guid":{"rendered":"https:\/\/jedlicze.przemyska.pl\/?p=2857"},"modified":"2023-11-02T16:45:47","modified_gmt":"2023-11-02T15:45:47","slug":"ogloszenia-duszpasterskie-uroczystosc-wszystkich-swietych-1-listopada","status":"publish","type":"post","link":"https:\/\/jedlicze.przemyska.pl\/index.php\/2023\/10\/31\/ogloszenia-duszpasterskie-uroczystosc-wszystkich-swietych-1-listopada\/","title":{"rendered":"Og\u0142oszenia duszpasterskie &#8211; Uroczysto\u015b\u0107 Wszystkich \u015awi\u0119tych, 1 listopada"},"content":{"rendered":"<p style=\"text-align: center;\"><b>Uroczysto\u015b\u0107 Wszystkich \u015awi\u0119tych, 01.11.2023 r.<\/b><\/p>\n<p style=\"text-align: center;\"><b>Og\u0142oszenia duszpasterskie<\/b><\/p>\n<ol>\n<li style=\"text-align: justify;\">Dzisiaj<b> <\/b>nabo\u017ce\u0144stwa o godz. <b>7:00<\/b>, <b>9:00<\/b>, <b>11:00<\/b> i <b>14:00<\/b>. Msza \u015bw. o godz. <b>14:00<\/b> po\u0142\u0105czona jest z <b>procesj\u0105 na cmentarz<\/b>. Nie ma Mszy \u015bw. o godz. 18&nbsp;:00. Z racji na uroczysto\u015b\u0107 zach\u0119camy do spowiedzi, aby w stanie \u0142aski u\u015bwi\u0119caj\u0105cej skutecznie wyprasza\u0107 \u0142ask\u0119 zbawienia dla zmar\u0142ych.<span class=\"Apple-converted-space\">&nbsp;<\/span><\/li>\n<li style=\"text-align: justify;\">Jutro, 2 listopada <b>Dzie\u0144 Zaduszny<\/b>. Msze \u015bw. o godz. <b>6:30, 7:00, 9:00<\/b> i <b>18:00<\/b>. Przypominamy o mo\u017cliwo\u015bci zyskiwania odpust\u00f3w zupe\u0142nych za zmar\u0142ych. Warunkiem zyskania odpustu jest stan \u0142aski u\u015bwi\u0119caj\u0105cej (bez grzechu ci\u0119\u017ckiego), pobo\u017cne nawiedzenie cmentarza, gdzie nale\u017cy odm\u00f3wi\u0107 Ojcze nasz, Wierz\u0119 w Boga oraz dowoln\u0105 modlitw\u0119 za zmar\u0142ych i modlitw\u0119 w intencjach Ojca \u015awi\u0119tego.<span class=\"Apple-converted-space\">&nbsp;<\/span><\/li>\n<li style=\"text-align: justify;\">W tym tygodniu wypada pierwszy czwartek, pi\u0105tek i sobota miesi\u0105ca. W <b>czwartek<\/b> <b>wystawienie Naj\u015bwi\u0119tszego Sakramentu<\/b> o godz. 17:00, o 17:40 modlitwy o powo\u0142ania i wypominki, o 18:00 Msza \u015bw. <span class=\"Apple-converted-space\">&nbsp;<\/span><\/li>\n<li style=\"text-align: justify;\"><b>W pi\u0105tek <\/b>spowied\u017a w godz.<b> 6:00 \u2013 7:00 <\/b>i po po\u0142udniu<b> od 16:30. <\/b>Odwiedziny chorych ks. Grzegorz rozpocznie od godz. 8:00, a ks. \u0141ukasz od godz. 9:45.<\/li>\n<li style=\"text-align: justify;\"><b>Spotkania formacyjne<\/b>. W <b>pi\u0105tek<\/b> \u2013 KSM, w <b>sobot\u0119<\/b> o godz. 11:00 schola.<span class=\"Apple-converted-space\">&nbsp;<\/span><\/li>\n<li style=\"text-align: justify;\">W przysz\u0142\u0105 niedziel\u0119 zmiana tajemnic r\u00f3\u017ca\u0144cowych, a sk\u0142adka na potrzeby diecezji.<span class=\"Apple-converted-space\">&nbsp;<\/span><\/li>\n<li style=\"text-align: justify;\">Na bocznych o\u0142tarzach i na stoliku z ty\u0142u ko\u015bcio\u0142a wy\u0142o\u017cone s\u0105 kartki Wypominkowe. Czytelnie wype\u0142nione kartki prosimy przynosi\u0107 do zakrystii po ka\u017cdej Mszy \u015bw. Dzi\u0119ki temu b\u0119dzie mo\u017cliwe ustalenie dnia, w kt\u00f3rym otoczymy modlitw\u0105 zmar\u0142ych z danej rodziny. Kartki sk\u0142adane do skrzynki zostan\u0105 odczytane w dowolnym terminie. Przypominamy, \u017ce modlitwy wypominkowe rozpoczynamy od jutra, tj. 2 listopada.<span class=\"Apple-converted-space\">&nbsp;<\/span><\/li>\n<li style=\"text-align: justify;\">Informujemy\/przypominamy<b> <\/b>\u017ce trwa <b>remont kancelarii<\/b> parafialnej, dlatego w sprawach kancelaryjnych prosimy przychodzi\u0107 przez furtk\u0119 do pomieszczenia, kt\u00f3rego drzwi frontowe wychodz\u0105 na ul. Dubisa, a wi\u0119c gdzie dawno temu mie\u015bci\u0142a si\u0119 kancelaria. Godziny urz\u0119dowania pozostaj\u0105 bez zmian.<span class=\"Apple-converted-space\">&nbsp;<\/span><\/li>\n<li style=\"text-align: justify;\">Do nabycia <i>Niedziela, Go\u015b\u0107 Niedzielny <\/i>i <i>Ma\u0142y Go\u015b\u0107 Niedzielny.<\/i> W <i>Niedzieli <\/i>tematyka umierania i \u015bmierci, dalsza cz\u0119\u015b\u0107 tre\u015bci wiary oraz o w\u0142a\u015bciwej formacji m\u0119\u017cczyzn. W <i>Go\u015bciu Niedzielnym <\/i>m.in. dlaczego papie\u017c Franciszek po\u015bwi\u0119ci\u0142 now\u0105 adhortacj\u0119 \u015bw. Teresie z Liseux, jakie znaczenie maj\u0105 nasze imieniny, z czym mo\u017ce wi\u0105za\u0107 si\u0119 model pa\u0144stwa \u015bwieckiego. W <i>Ma\u0142ym Go\u015bciu <\/i>m.in. banderola na \u015bwiece na Narodowe \u015awi\u0119to Niepodleg\u0142o\u015bci i artyku\u0142y o niepodleg\u0142o\u015bci. <span class=\"Apple-converted-space\">&nbsp;<\/span><\/li>\n<li style=\"text-align: justify;\">Komitet Spo\u0142eczny \u201eGmina Jedlicze \u2013 Pami\u0119tamy\u201d 1 listopada z wolontariuszami na cmentarzu przeprowadzi kwest\u0119 na renowacj\u0119 zabytkowych pomnik\u00f3w i nagrobk\u00f3w znajduj\u0105cych si\u0119 na terenie gminy Jedlicze. Komitet informuje, \u017ce w ostatnich latach zosta\u0142 wyremontowany nagrobek Maurycego Kurkowskiego z figur\u0105 \u015bw. Barbary za kwot\u0119 36.000 z\u0142. Wszystkim ofiarodawcom sk\u0142ada si\u0119 podzi\u0119kowanie.<\/li>\n<li>W ostatnim czasie odesz\u0142a do wieczno\u015bci \u015bp. Halina Sanocka z Chlebnej ur. w 1940 r. (pogrzeb w sobot\u0119). Polecajmy Zmar\u0142\u0105 Bo\u017cemu Mi\u0142osierdziu:&nbsp;<em>Wieczne odpoczywanie&#8230;<\/em><\/li>\n<\/ol>\n","protected":false},"excerpt":{"rendered":"<p>Uroczysto\u015b\u0107 Wszystkich \u015awi\u0119tych, 01.11.2023 r. Og\u0142oszenia duszpasterskie Dzisiaj nabo\u017ce\u0144stwa o godz. 7:00, 9:00, 11:00 i 14:00. Msza \u015bw. o godz. 14:00 po\u0142\u0105czona jest z procesj\u0105 na cmentarz. Nie ma Mszy \u015bw. o godz. 18&nbsp;:00. Z racji na uroczysto\u015b\u0107 zach\u0119camy do spowiedzi, aby w stanie \u0142aski u\u015bwi\u0119caj\u0105cej skutecznie wyprasza\u0107 \u0142ask\u0119 zbawienia dla zmar\u0142ych.&nbsp; Jutro, 2 listopada [&hellip;]<\/p>\n","protected":false},"author":2,"featured_media":0,"comment_status":"closed","ping_status":"open","sticky":false,"template":"","format":"standard","meta":{"ngg_post_thumbnail":0},"categories":[16,18,17],"tags":[],"_links":{"self":[{"href":"https:\/\/jedlicze.przemyska.pl\/index.php\/wp-json\/wp\/v2\/posts\/2857"}],"collection":[{"href":"https:\/\/jedlicze.przemyska.pl\/index.php\/wp-json\/wp\/v2\/posts"}],"about":[{"href":"https:\/\/jedlicze.przemyska.pl\/index.php\/wp-json\/wp\/v2\/types\/post"}],"author":[{"embeddable":true,"href":"https:\/\/jedlicze.przemyska.pl\/index.php\/wp-json\/wp\/v2\/users\/2"}],"replies":[{"embeddable":true,"href":"https:\/\/jedlicze.przemyska.pl\/index.php\/wp-json\/wp\/v2\/comments?post=2857"}],"version-history":[{"count":2,"href":"https:\/\/jedlicze.przemyska.pl\/index.php\/wp-json\/wp\/v2\/posts\/2857\/revisions"}],"predecessor-version":[{"id":2865,"href":"https:\/\/jedlicze.przemyska.pl\/index.php\/wp-json\/wp\/v2\/posts\/2857\/revisions\/2865"}],"wp:attachment":[{"href":"https:\/\/jedlicze.przemyska.pl\/index.php\/wp-json\/wp\/v2\/media?parent=2857"}],"wp:term":[{"taxonomy":"category","embeddable":true,"href":"https:\/\/jedlicze.przemyska.pl\/index.php\/wp-json\/wp\/v2\/categories?post=2857"},{"taxonomy":"post_tag","embeddable":true,"href":"https:\/\/jedlicze.przemyska.pl\/index.php\/wp-json\/wp\/v2\/tags?post=2857"}],"curies":[{"name":"wp","href":"https:\/\/api.w.org\/{rel}","templated":true}]}}