{"id":2909,"date":"2023-11-25T19:00:31","date_gmt":"2023-11-25T18:00:31","guid":{"rendered":"https:\/\/jedlicze.przemyska.pl\/?p=2909"},"modified":"2023-11-25T11:20:08","modified_gmt":"2023-11-25T10:20:08","slug":"ogloszenia-duszpasterskie-uroczystosc-chrystusa-krola-26-listopada","status":"publish","type":"post","link":"https:\/\/jedlicze.przemyska.pl\/index.php\/2023\/11\/25\/ogloszenia-duszpasterskie-uroczystosc-chrystusa-krola-26-listopada\/","title":{"rendered":"Og\u0142oszenia duszpasterskie &#8211; Uroczysto\u015b\u0107 Chrystusa Kr\u00f3la, 26 listopada"},"content":{"rendered":"<p style=\"text-align: center;\"><b>Uroczysto\u015b\u0107 Chrystusa Kr\u00f3la, 26 listopada 2023 r.<span class=\"Apple-converted-space\">&nbsp;<\/span><\/b><\/p>\n<p style=\"text-align: center;\"><b>Og\u0142oszenia duszpasterskie<span class=\"Apple-converted-space\">&nbsp;<\/span><\/b><\/p>\n<ol>\n<li style=\"text-align: justify;\">Dzisiejsza uroczysto\u015b\u0107 jest \u015bwi\u0119tem patronalnym Ministrant\u00f3w, KSM-u i Akcji Katolickiej. Za moment po\u015bwi\u0119cimy op\u0142atki. Jak w ubieg\u0142ych latach nie b\u0119d\u0105 one dostarczane do dom\u00f3w, a jedynie dost\u0119pne w ko\u015bciele przy ostatnich \u0142awkach. Ofiary sk\u0142adane za op\u0142atki s\u0105 przeznaczone na ogrzewanie ko\u015bcio\u0142a, dla pana organisty i pana ko\u015bcielnego. Prosimy zatem o zrozumienie i traktowanie sk\u0142adanych ofiar jako wsparcie dla parafii oraz wyraz wdzi\u0119czno\u015bci za ca\u0142oroczn\u0105 pos\u0142ug\u0119 pracownik\u00f3w ko\u015bcielnych. Wszyscy mamy \u015bwiadomo\u015b\u0107 jakie s\u0105 koszty ogrzewania, zw\u0142aszcza ko\u015bcio\u0142a, dlatego za ofiarno\u015b\u0107 wyra\u017camy podzi\u0119kowanie: B\u00f3g zap\u0142a\u0107!<span class=\"Apple-converted-space\">&nbsp;<\/span><\/li>\n<li style=\"text-align: justify;\">Do czwartku w\u0142\u0105cznie zapraszamy na modlitw\u0119 za zmar\u0142ych \u2013 <b>Wypominki.<\/b> Z wyj\u0105tkiem czwartku Wypominki s\u0105 <b>po Mszy \u015bw. wieczornej<\/b>.<span class=\"Apple-converted-space\">&nbsp;<\/span><\/li>\n<li style=\"text-align: justify;\">Dzi\u0119kujemy za ofiary na Fundusz Inwestycyjny Parafii.&nbsp;W poniedzia\u0142ek 27.11. w godz. 16:00 &#8211; 18:00 w Domu Ludowym w D\u0142ugiem mo\u017cna wp\u0142aca\u0107 na ko\u015bci\u00f3\u0142 filialny w D\u0142ugiem-Por\u0119bach. Aktualnie trwaj\u0105 tam prace zmierzaj\u0105ce do ustawienia sygnaturki na wie\u017cy.<span class=\"Apple-converted-space\">&nbsp;<\/span><\/li>\n<li style=\"text-align: justify;\">We<b> wtorek<\/b> nowenna do \u015bw. Antoniego, w <b>\u015brod\u0119<\/b> do MB Nieustaj\u0105cej Pomocy. W <b>czwartek<\/b> wystawienie Naj\u015bwi\u0119tszego Sakramentu o godz. 17:00, wypominki o godz. 17:45, a nast\u0119pnie Eucharystia, w <b>pi\u0105tek<\/b> Litania do Serca Bo\u017cego.<\/li>\n<li style=\"text-align: justify;\"><b>Spotkania formacyjne: <\/b>we <b>wtorek<\/b> \u2013 Kr\u0105g Biblijny, w <b>\u015brod\u0119<\/b> \u2013 Caritas, w <b>pi\u0105tek<\/b> \u2013 KSM, w <b>sobot\u0119<\/b> \u2013 schola o godz. 11:00.<span class=\"Apple-converted-space\">&nbsp;<\/span><\/li>\n<li style=\"text-align: justify;\">W tym tygodniu wypada <b>pierwszy pi\u0105tek i sobota <\/b>miesi\u0105ca. Spowied\u017a w pi\u0105tek w godz. 6:00-7:00 i po po\u0142udniu od 16:30. W pi\u0105tek od godz. 9:30 odwiedziny chorych z pos\u0142ug\u0105 sakramentaln\u0105. Prosimy o zg\u0142aszanie chorych w zakrystii.<span class=\"Apple-converted-space\">&nbsp;<\/span><\/li>\n<li style=\"text-align: justify;\">W przysz\u0142\u0105 niedziel\u0119 zmiana tajemnic r\u00f3\u017ca\u0144cowych, a sk\u0142adka na WSD w Przemy\u015blu.<span class=\"Apple-converted-space\">&nbsp;<\/span><\/li>\n<li style=\"text-align: justify;\">Zach\u0119camy do zakupu kalendarzy parafialnych na rok 2024, w kalendarzu poza tradycyjnymi \u015bwi\u0119tami zaznaczone s\u0105 wydarzenia zwi\u0105zane z nasz\u0105 parafi\u0105. Ministranci rozprowadzaj\u0105 kalendarze przy wyj\u015bciu z ko\u015bcio\u0142a, a w tygodniu s\u0105 one do nabycia w zakrystii. Doch\u00f3d przeznaczony b\u0119dzie na zakup nowych stroi dla LSO.<\/li>\n<li style=\"text-align: justify;\">Do nabycia prasa katolicka <i>Go\u015b\u0107 Niedzielny, Ma\u0142y Go\u015b\u0107 Niedzielny <\/i>i <i>Niedziela.<\/i> W <i>Go\u015bciu Niedzielnym <\/i>o tym co \u0142\u0105czy a co r\u00f3\u017cni katolik\u00f3w i prawos\u0142awnych oraz o owocach przyj\u0119cia Jezusa jako Pana i Zbawiciela. W <i>Ma\u0142ym Go\u015bciu <\/i>\u015bwiec\u0105ca gwiazda i art. m.in. o \u015bwiate\u0142ku betlejemskim. W <i>Niedzieli<\/i> m.in. o tym czy osoby transseksualne mog\u0105 uczestniczy\u0107 w sakramentach, jak budowa\u0107 szcz\u0119\u015bliwe ma\u0142\u017ce\u0144stwa i rodziny, albo rozumienie tre\u015bci \u201eStworzyciel nieba i ziemi\u201d.<\/li>\n<li style=\"text-align: justify;\">W \u015brod\u0119, 29.11. br o godz. 17:00 w GOK-u odb\u0119dzie si\u0119 spotkanie informacyjne na tematy energetyczne i dofinansowania projekt\u00f3w zwi\u0105zanych z ogrzewaniem. Wi\u0119cej na plakacie na tablicy og\u0142osze\u0144. <span class=\"Apple-converted-space\">&nbsp;<\/span><\/li>\n<\/ol>\n","protected":false},"excerpt":{"rendered":"<p>Uroczysto\u015b\u0107 Chrystusa Kr\u00f3la, 26 listopada 2023 r.&nbsp; Og\u0142oszenia duszpasterskie&nbsp; Dzisiejsza uroczysto\u015b\u0107 jest \u015bwi\u0119tem patronalnym Ministrant\u00f3w, KSM-u i Akcji Katolickiej. Za moment po\u015bwi\u0119cimy op\u0142atki. Jak w ubieg\u0142ych latach nie b\u0119d\u0105 one dostarczane do dom\u00f3w, a jedynie dost\u0119pne w ko\u015bciele przy ostatnich \u0142awkach. Ofiary sk\u0142adane za op\u0142atki s\u0105 przeznaczone na ogrzewanie ko\u015bcio\u0142a, dla pana organisty i pana [&hellip;]<\/p>\n","protected":false},"author":2,"featured_media":0,"comment_status":"closed","ping_status":"open","sticky":false,"template":"","format":"standard","meta":{"ngg_post_thumbnail":0},"categories":[16,18,17],"tags":[],"_links":{"self":[{"href":"https:\/\/jedlicze.przemyska.pl\/index.php\/wp-json\/wp\/v2\/posts\/2909"}],"collection":[{"href":"https:\/\/jedlicze.przemyska.pl\/index.php\/wp-json\/wp\/v2\/posts"}],"about":[{"href":"https:\/\/jedlicze.przemyska.pl\/index.php\/wp-json\/wp\/v2\/types\/post"}],"author":[{"embeddable":true,"href":"https:\/\/jedlicze.przemyska.pl\/index.php\/wp-json\/wp\/v2\/users\/2"}],"replies":[{"embeddable":true,"href":"https:\/\/jedlicze.przemyska.pl\/index.php\/wp-json\/wp\/v2\/comments?post=2909"}],"version-history":[{"count":2,"href":"https:\/\/jedlicze.przemyska.pl\/index.php\/wp-json\/wp\/v2\/posts\/2909\/revisions"}],"predecessor-version":[{"id":2911,"href":"https:\/\/jedlicze.przemyska.pl\/index.php\/wp-json\/wp\/v2\/posts\/2909\/revisions\/2911"}],"wp:attachment":[{"href":"https:\/\/jedlicze.przemyska.pl\/index.php\/wp-json\/wp\/v2\/media?parent=2909"}],"wp:term":[{"taxonomy":"category","embeddable":true,"href":"https:\/\/jedlicze.przemyska.pl\/index.php\/wp-json\/wp\/v2\/categories?post=2909"},{"taxonomy":"post_tag","embeddable":true,"href":"https:\/\/jedlicze.przemyska.pl\/index.php\/wp-json\/wp\/v2\/tags?post=2909"}],"curies":[{"name":"wp","href":"https:\/\/api.w.org\/{rel}","templated":true}]}}