{"id":2958,"date":"2023-12-30T22:06:33","date_gmt":"2023-12-30T21:06:33","guid":{"rendered":"https:\/\/jedlicze.przemyska.pl\/?p=2958"},"modified":"2023-12-30T22:06:33","modified_gmt":"2023-12-30T21:06:33","slug":"ogloszenia-duszpasterskie-niedziela-swietej-rodziny-31-grudnia","status":"publish","type":"post","link":"https:\/\/jedlicze.przemyska.pl\/index.php\/2023\/12\/30\/ogloszenia-duszpasterskie-niedziela-swietej-rodziny-31-grudnia\/","title":{"rendered":"Og\u0142oszenia duszpasterskie &#8211; Niedziela \u015awi\u0119tej Rodziny, 31 grudnia"},"content":{"rendered":"<p style=\"text-align: center;\"><b>Niedziela \u015bw. Rodziny, 31 grudnia 2023 r.<span class=\"Apple-converted-space\">&nbsp;<\/span><\/b><\/p>\n<p style=\"text-align: center;\"><b>Og\u0142oszenia duszpasterskie<span class=\"Apple-converted-space\">&nbsp;<\/span><\/b><\/p>\n<ol>\n<li style=\"text-align: justify;\">Przypominamy, \u017ce dzisiaj Msza \u015bw. wieczorna jest o godz. <b>16:00<\/b> po\u0142\u0105czona z nabo\u017ce\u0144stwem dzi\u0119kczynno-przeb\u0142agalnym.<span class=\"Apple-converted-space\">&nbsp;<\/span><\/li>\n<li style=\"text-align: justify;\">Jutro Uroczysto\u015b\u0107 \u015awi\u0119tej Bo\u017cej Rodzicielki. Jest to \u015bwi\u0119to obowi\u0105zkowe. Msze \u015bw. w porz\u0105dku niedzielnym (7:00&nbsp;; 9:00&nbsp;; 11:00&nbsp;; 12:30 i 18:00).<\/li>\n<li style=\"text-align: justify;\">We<b> wtorek<\/b> nowenna do \u015bw. Antoniego, w <b>\u015brod\u0119<\/b> do MB Nieustaj\u0105cej Pomocy, w <strong>czwartek<\/strong> od godz. 17:00 wystawienie Naj\u015bwi\u0119tszego Sakramentu, modlitwy o powo\u0142ania, o 18:00 Msza \u015bw. <span class=\"Apple-converted-space\">&nbsp;<\/span><\/li>\n<li style=\"text-align: justify;\">Z racji na kol\u0119d\u0119 <b>kancelaria<\/b> w tym tygodniu b\u0119dzie <b>czynna<\/b> w godzinach <b>od 8:00 do 8:30<\/b>. We wtorek i pi\u0105tek (I pi\u0105tek) kancelaria <b>nieczynna<\/b>. Sprawy pogrzeb\u00f3w mo\u017cna umawia\u0107 telefonicznie.<span class=\"Apple-converted-space\">&nbsp;<\/span><\/li>\n<li style=\"text-align: justify;\">W tym tygodniu wypada I czwartek, pi\u0105tek i sobota miesi\u0105ca. W pi\u0105tek <b>spowied\u017a<\/b> w godz. <b>6:00-7:00<\/b> i po po\u0142udniu <b>16:30-18:00<\/b>. W pi\u0105tek ks. \u0141ukasz odwiedzi chorych z pos\u0142ug\u0105 sakramentaln\u0105 od godz. 9:30. Wyj\u0105tkowo w tym miesi\u0105cu z racji na kol\u0119d\u0119 w najbli\u017cszy pi\u0105tek, b\u0119dzie katecheza chrzcielna (a nie w drugi w pi\u0105tek miesi\u0105ca). Zapraszamy rodzic\u00f3w i chrzestnych planuj\u0105cych w najbli\u017cszym czasie chrzest dziecka na katechez\u0119 do ko\u015bcio\u0142a w pi\u0105tek o godz. 18:45.<\/li>\n<li style=\"text-align: justify;\">W <b>sobot\u0119,<\/b> <b>6 stycznia<\/b> wypada <b>Uroczysto\u015b\u0107 Objawienia Pa\u0144skiego. <\/b>Jest to \u015bwi\u0119to obowi\u0105zkowe. Msze \u015bw. w porz\u0105dku niedzielnym. Na ka\u017cdej Mszy \u015bw. b\u0119dzie po\u015bwi\u0119cenie kredy i kadzid\u0142a. Dost\u0119pne b\u0119d\u0105 zestawy do okadzenia dom\u00f3w. Sk\u0142adka z uroczysto\u015bci przeznaczona na misje. Po Mszy \u015bw. o godz. <b>12:30<\/b> odb\u0119dzie si\u0119 <b>Orszak Trzech Kr\u00f3li<\/b>. Zapraszamy do udzia\u0142u w tym wydarzeniu.<\/li>\n<li style=\"text-align: justify;\">W przysz\u0142\u0105 <b>niedziel\u0119<\/b> wypada \u015bwi\u0119to <b>Chrztu Pa\u0144skiego<\/b> ko\u0144cz\u0105ce okres Narodzenia Pa\u0144skiego, ale kol\u0119dy tradycyjnie \u015bpiewamy do 2 lutego. W tym dniu b\u0119dzie zmiana tajemnic r\u00f3\u017ca\u0144cowych, a sk\u0142adka przeznaczona na WSD w Przemy\u015blu. W niedziel\u0119 o godz. <b>16:30<\/b> w sali teatralnej Domu Katechetycznego odb\u0119d\u0105 si\u0119 Jase\u0142ka. Zapraszamy na przedstawienie.<span class=\"Apple-converted-space\">&nbsp;<\/span><\/li>\n<li style=\"text-align: justify;\">Trwa wizyta duszpasterska. W tym tygodniu kol\u0119da rozpoczyna\u0107 si\u0119 b\u0119dzie od godz. <b>15:30<\/b>. Odwiedzimy kolejno mieszka\u0144c\u00f3w:<\/li>\n<\/ol>\n<ul style=\"text-align: justify;\">\n<li><b>Wtorek<\/b> \u2013 ul. Reja i Grunwaldzka (ks. \u0141ukasz \u2013 przyjedzie swoim autem) oraz 3-go Maja (jeden ksi\u0105dz od ul. Polnej, a drugi od ul. Tokarskich), prosimy gospodarzy dom\u00f3w, aby przyjecha\u0107 po ksi\u0119\u017cy.<\/li>\n<li><b>\u015aroda<\/b> \u2013 Blok przy ul. Tokarskich 1,2 (jeden ks. od pierwszego, a drugi od ostatniego numeru) i blok przy ul. Tokarskich 2 &#8211; od pierwszego numeru<\/li>\n<li><b>Czwartek<\/b> \u2013 ul. Tokarskich \u2013 domy prywatne od tor\u00f3w w kierunku rynku po obu stronach (dw\u00f3ch ksi\u0119\u017cy), ul. Stokrotki, Rynek i Tokarskich (jeden ks.)<\/li>\n<\/ul>\n<ol start=\"9\">\n<li style=\"text-align: justify;\">Do nabycia prasa katolicka <i>Go\u015b\u0107 Niedzielny <\/i>i <i>Niedziela.<\/i><span class=\"Apple-converted-space\">&nbsp;<\/span><\/li>\n<li style=\"text-align: justify;\">W ubieg\u0142ym tygodniu do wieczno\u015bci odeszli: \u015bp. Stanis\u0142awa HENCEL z ul. \u0141ukasiewicza ur. w 1929 r. oraz \u015bp. Wojciech SZAREK z ul. 3-go Maja ur. w 1971 r. Polecajmy Zmar\u0142ych Bo\u017cemu Mi\u0142osierdziu: <i>Wieczne odpoczywanie&#8230;<span class=\"Apple-converted-space\">&nbsp;<\/span><\/i><\/li>\n<\/ol>\n","protected":false},"excerpt":{"rendered":"<p>Niedziela \u015bw. Rodziny, 31 grudnia 2023 r.&nbsp; Og\u0142oszenia duszpasterskie&nbsp; Przypominamy, \u017ce dzisiaj Msza \u015bw. wieczorna jest o godz. 16:00 po\u0142\u0105czona z nabo\u017ce\u0144stwem dzi\u0119kczynno-przeb\u0142agalnym.&nbsp; Jutro Uroczysto\u015b\u0107 \u015awi\u0119tej Bo\u017cej Rodzicielki. Jest to \u015bwi\u0119to obowi\u0105zkowe. Msze \u015bw. w porz\u0105dku niedzielnym (7:00&nbsp;; 9:00&nbsp;; 11:00&nbsp;; 12:30 i 18:00). We wtorek nowenna do \u015bw. Antoniego, w \u015brod\u0119 do MB Nieustaj\u0105cej Pomocy, [&hellip;]<\/p>\n","protected":false},"author":2,"featured_media":0,"comment_status":"closed","ping_status":"open","sticky":false,"template":"","format":"standard","meta":{"ngg_post_thumbnail":0},"categories":[16,18,17],"tags":[],"_links":{"self":[{"href":"https:\/\/jedlicze.przemyska.pl\/index.php\/wp-json\/wp\/v2\/posts\/2958"}],"collection":[{"href":"https:\/\/jedlicze.przemyska.pl\/index.php\/wp-json\/wp\/v2\/posts"}],"about":[{"href":"https:\/\/jedlicze.przemyska.pl\/index.php\/wp-json\/wp\/v2\/types\/post"}],"author":[{"embeddable":true,"href":"https:\/\/jedlicze.przemyska.pl\/index.php\/wp-json\/wp\/v2\/users\/2"}],"replies":[{"embeddable":true,"href":"https:\/\/jedlicze.przemyska.pl\/index.php\/wp-json\/wp\/v2\/comments?post=2958"}],"version-history":[{"count":1,"href":"https:\/\/jedlicze.przemyska.pl\/index.php\/wp-json\/wp\/v2\/posts\/2958\/revisions"}],"predecessor-version":[{"id":2959,"href":"https:\/\/jedlicze.przemyska.pl\/index.php\/wp-json\/wp\/v2\/posts\/2958\/revisions\/2959"}],"wp:attachment":[{"href":"https:\/\/jedlicze.przemyska.pl\/index.php\/wp-json\/wp\/v2\/media?parent=2958"}],"wp:term":[{"taxonomy":"category","embeddable":true,"href":"https:\/\/jedlicze.przemyska.pl\/index.php\/wp-json\/wp\/v2\/categories?post=2958"},{"taxonomy":"post_tag","embeddable":true,"href":"https:\/\/jedlicze.przemyska.pl\/index.php\/wp-json\/wp\/v2\/tags?post=2958"}],"curies":[{"name":"wp","href":"https:\/\/api.w.org\/{rel}","templated":true}]}}