{"id":2967,"date":"2024-01-06T19:39:07","date_gmt":"2024-01-06T18:39:07","guid":{"rendered":"https:\/\/jedlicze.przemyska.pl\/?p=2967"},"modified":"2024-01-07T13:16:33","modified_gmt":"2024-01-07T12:16:33","slug":"ogloszenia-duszpasterskie-niedziela-chrztu-panskiego-7-stycznia","status":"publish","type":"post","link":"https:\/\/jedlicze.przemyska.pl\/index.php\/2024\/01\/06\/ogloszenia-duszpasterskie-niedziela-chrztu-panskiego-7-stycznia\/","title":{"rendered":"Og\u0142oszenia duszpasterskie &#8211; Niedziela Chrztu Pa\u0144skiego, 7 stycznia"},"content":{"rendered":"<p style=\"text-align: center;\"><b>Og\u0142oszenia duszpasterskie&nbsp;<\/b><\/p>\n<p style=\"text-align: center;\"><b>Niedziela Chrztu Pa\u0144skiego &#8211; 7 stycznia 2024<\/b><\/p>\n<ol>\n<li style=\"text-align: justify;\">Dzisiaj<b> <\/b>\u015bwi\u0119to <b>Chrztu Pa\u0144skiego<\/b> ko\u0144cz\u0105ce okres Narodzenia Pa\u0144skiego, ale kol\u0119dy tradycyjnie \u015bpiewamy do 2 lutego. Za moment wystawienie Naj\u015bwi\u0119tszego Sakramentu.<span class=\"Apple-converted-space\">&nbsp; <\/span>Zmiana tajemnic r\u00f3\u017ca\u0144cowych, a sk\u0142adka przeznaczona na WSD w Przemy\u015blu.<span class=\"Apple-converted-space\">&nbsp;<\/span><\/li>\n<li style=\"text-align: justify;\">Zapraszamy na godz. <b>16:30<\/b> do sali teatralnej Domu Katechetycznego, gdzie odb\u0119d\u0105 si\u0119 Jase\u0142ka.<\/li>\n<li style=\"text-align: justify;\">We <b>wtorek<\/b> nowenna do \u015bw. Antoniego, w <b>\u015brod\u0119<\/b> do MB Nieustaj\u0105cej Pomocy, w <b>czwartek<\/b> od godz. 17:00 wystawienie Naj\u015bwi\u0119tszego Sakramentu o 18:00 Msza \u015bw., w <b>pi\u0105tek<\/b> Koronka Do Bo\u017cego Mi\u0142osierdzia.<span class=\"Apple-converted-space\">&nbsp;<\/span><\/li>\n<li style=\"text-align: justify;\">Trwa wizyta duszpasterska. W tym tygodniu kol\u0119da rozpoczyna\u0107 si\u0119 b\u0119dzie od godz. <b>15:30, <\/b>w<b> sobot\u0119 <\/b>od godz. <b>9:00<\/b>. Odwiedzimy mieszka\u0144c\u00f3w:<\/li>\n<\/ol>\n<ul style=\"text-align: justify;\">\n<li><b>Poniedzia\u0142ek<\/b> \u2013 ul. Traugutta blok nr 2 (od pierwszego numeru), a potem domy prywatne przy ul. Traugutta, Traugutta blok nr 6 i blok Tokarskich nr 28 (od pierwszych numer\u00f3w), a nast\u0119pnie ul. Kolejowa (dw\u00f3ch ksi\u0119\u017cy: jeden od pierwszego, a drugi od ostatniego numeru); prosimy mieszka\u0144c\u00f3w z blok\u00f3w nr 2 i 6 przyjecha\u0107 po ksi\u0119\u017cy;<span class=\"Apple-converted-space\">&nbsp;<\/span><\/li>\n<li><b>Wtorek<\/b> &#8211; ul. \u017beromskiego od pierwszego numeru (po obu stronach); ul. Konarskiego od pocz\u0105tku (jeden ksi\u0105dz b\u0119dzie odwiedza\u0142 numery parzyste, a drugi nieparzyste), prosimy mieszka\u0144c\u00f3w z jednej i drugiej ulicy przyjecha\u0107 po dw\u00f3ch ksi\u0119\u017cy;<\/li>\n<li><b>\u015aroda<span class=\"Apple-converted-space\">&nbsp;<\/span><\/b> \u2013 Blok przy ul. Tokarskich 8 (od numeru pierwszego) &#8211; nie trzeba przyje\u017cd\u017ca\u0107 po ksi\u0119dza, oraz ul. Rejtana blok nr 1 (jeden ks. od pierwszego numeru &#8211; prosimy przyjecha\u0107 po ksi\u0119dza, a drugi ksi\u0105dz od numeru ostatniego);<\/li>\n<li><b>Czwartek<\/b> &#8211; ul. Pilata<span class=\"Apple-converted-space\">&nbsp; <\/span>(od pierwszego numeru &#8211; prosimy przyjecha\u0107 po ks.), oraz ul. Rejtana domy prywatne (jeden ks. od pocz\u0105tku numery nieparzyste &#8211; prosimy przyjecha\u0107 po ks., a drugi od pocz\u0105tku numery parzyste);<\/li>\n<li><b>Pi\u0105tek<\/b> &#8211; ul. Armii Krajowej (dw\u00f3ch ksi\u0119\u017cy od pocz\u0105tku: jeden ks. numery parzyste, a drugi nieparzyste &#8211; po tych ksi\u0119\u017cy prosimy przyjecha\u0107, trzeci ksi\u0105dz od ostatnich numer\u00f3w parzyste i nieparzyste);<\/li>\n<li><b>Sobota<span class=\"Apple-converted-space\">&nbsp;<\/span><\/b> \u2013 ul. Krasi\u0144skiego, S\u0142owackiego i Drozdowicza (od pierwszych numer\u00f3w) mieszka\u0144c\u00f3w ul. Krasi\u0144skiego i S\u0142owackiego prosimy przyjecha\u0107 po ksi\u0119\u017cy.<span class=\"Apple-converted-space\">&nbsp;<\/span><\/li>\n<\/ul>\n<ol start=\"5\">\n<li style=\"text-align: justify;\">Przypominamy, \u017ce w dniach kol\u0119dy <b>kancelaria<\/b> czynna jest w godz. <b>8:00 &#8211; 8:30<\/b>, z wyj\u0105tkiem wtorku (nieczynne). Pilne sprawy i pogrzeby mo\u017cna umawia\u0107 telefonicznie.<span class=\"Apple-converted-space\">&nbsp;<\/span><\/li>\n<li style=\"text-align: justify;\">Do nabycia prasa katolicka <i>Go\u015b\u0107 Niedzielny <\/i>i <i>Niedziela. W Go\u015bciu Niedzielnym <\/i>o znaczeniu katechezy w szkole w kontek\u015bcie ograniczenia lekcji regli, jakie s\u0105 wyzwania sekularyzacji, o sanktuariach maryjnych, gdzie wierni szukaj\u0105 ocalenia albo jak rozumie\u0107 b\u0142ogos\u0142awie\u0144stwo wg nowego dokumentu papie\u017ca<i>. W<\/i> <i>Niedzieli<\/i> o nadchodz\u0105cych zmianach proponowanych przez nowy rz\u0105d i sposobie sprawowania w\u0142adzy, oraz o \u015bp. ks. Ireneuszu Skubisiu.<\/li>\n<\/ol>\n","protected":false},"excerpt":{"rendered":"<p>Og\u0142oszenia duszpasterskie&nbsp; Niedziela Chrztu Pa\u0144skiego &#8211; 7 stycznia 2024 Dzisiaj \u015bwi\u0119to Chrztu Pa\u0144skiego ko\u0144cz\u0105ce okres Narodzenia Pa\u0144skiego, ale kol\u0119dy tradycyjnie \u015bpiewamy do 2 lutego. Za moment wystawienie Naj\u015bwi\u0119tszego Sakramentu.&nbsp; Zmiana tajemnic r\u00f3\u017ca\u0144cowych, a sk\u0142adka przeznaczona na WSD w Przemy\u015blu.&nbsp; Zapraszamy na godz. 16:30 do sali teatralnej Domu Katechetycznego, gdzie odb\u0119d\u0105 si\u0119 Jase\u0142ka. We wtorek nowenna [&hellip;]<\/p>\n","protected":false},"author":2,"featured_media":0,"comment_status":"closed","ping_status":"open","sticky":false,"template":"","format":"standard","meta":{"ngg_post_thumbnail":0},"categories":[16,18,17],"tags":[],"_links":{"self":[{"href":"https:\/\/jedlicze.przemyska.pl\/index.php\/wp-json\/wp\/v2\/posts\/2967"}],"collection":[{"href":"https:\/\/jedlicze.przemyska.pl\/index.php\/wp-json\/wp\/v2\/posts"}],"about":[{"href":"https:\/\/jedlicze.przemyska.pl\/index.php\/wp-json\/wp\/v2\/types\/post"}],"author":[{"embeddable":true,"href":"https:\/\/jedlicze.przemyska.pl\/index.php\/wp-json\/wp\/v2\/users\/2"}],"replies":[{"embeddable":true,"href":"https:\/\/jedlicze.przemyska.pl\/index.php\/wp-json\/wp\/v2\/comments?post=2967"}],"version-history":[{"count":2,"href":"https:\/\/jedlicze.przemyska.pl\/index.php\/wp-json\/wp\/v2\/posts\/2967\/revisions"}],"predecessor-version":[{"id":2969,"href":"https:\/\/jedlicze.przemyska.pl\/index.php\/wp-json\/wp\/v2\/posts\/2967\/revisions\/2969"}],"wp:attachment":[{"href":"https:\/\/jedlicze.przemyska.pl\/index.php\/wp-json\/wp\/v2\/media?parent=2967"}],"wp:term":[{"taxonomy":"category","embeddable":true,"href":"https:\/\/jedlicze.przemyska.pl\/index.php\/wp-json\/wp\/v2\/categories?post=2967"},{"taxonomy":"post_tag","embeddable":true,"href":"https:\/\/jedlicze.przemyska.pl\/index.php\/wp-json\/wp\/v2\/tags?post=2967"}],"curies":[{"name":"wp","href":"https:\/\/api.w.org\/{rel}","templated":true}]}}