{"id":2980,"date":"2024-01-13T19:00:04","date_gmt":"2024-01-13T18:00:04","guid":{"rendered":"https:\/\/jedlicze.przemyska.pl\/?p=2980"},"modified":"2024-01-13T16:54:32","modified_gmt":"2024-01-13T15:54:32","slug":"ogloszenia-duszpasterskie-ii-niedziela-zwykla-14-stycznia","status":"publish","type":"post","link":"https:\/\/jedlicze.przemyska.pl\/index.php\/2024\/01\/13\/ogloszenia-duszpasterskie-ii-niedziela-zwykla-14-stycznia\/","title":{"rendered":"Og\u0142oszenia duszpasterskie &#8211; II Niedziela zwyk\u0142a, 14 stycznia"},"content":{"rendered":"<p style=\"text-align: center;\"><b>II Niedziela zwyk\u0142a, 14 stycznia 2024 r.<\/b><\/p>\n<p style=\"text-align: center;\"><b>Og\u0142oszenia duszpasterskie<span class=\"Apple-converted-space\">&nbsp;<\/span><\/b><\/p>\n<ol>\n<li style=\"text-align: justify;\">We <b>wtorek<\/b> nowenna do \u015bw. Antoniego, w <b>\u015brod\u0119<\/b> do MB Nieustaj\u0105cej Pomocy, w <b>czwartek<\/b> od godz. 17:00 wystawienie Naj\u015bwi\u0119tszego Sakramentu o godz. 18:00 Msza \u015bw. w <b>pi\u0105tek<\/b> Koronka do Bo\u017cego Mi\u0142osierdzia.<span class=\"Apple-converted-space\">&nbsp;<\/span><\/li>\n<li style=\"text-align: justify;\">W czwartek rozpoczyna si\u0119 Tydzie\u0144 Modlitw o Jedno\u015b\u0107 Chrze\u015bcijan.<span class=\"Apple-converted-space\">&nbsp;<\/span><\/li>\n<li style=\"text-align: justify;\">W <b>pi\u0105tek<\/b> wspomnienie \u015bw. J\u00f3zefa Sebastiana Pelczara \u2013 jednego z g\u0142\u00f3wnych patron\u00f3w naszej archidiecezji. Po Mszy \u015bw. spotkanie <b>Akcji Katolickiej<\/b>.<span class=\"Apple-converted-space\">&nbsp;<\/span><\/li>\n<li style=\"text-align: justify;\">Za tydzie\u0144 niedziela S\u0142owa Bo\u017cego. W niedziel\u0119, 21 stycznia na Mszy \u015bw. o godz. 12:30 b\u0119dzie rozdanie ksi\u0105\u017ceczek, a potem spotkanie rodzic\u00f3w i dzieci przygotowuj\u0105cych si\u0119 do I Komunii \u015bw. Sk\u0142adka przeznaczona na Fundusz Inwestycyjny.<span class=\"Apple-converted-space\">&nbsp;<\/span><\/li>\n<li style=\"text-align: justify;\">Trwa wizyta duszpasterska. Porz\u0105dek wizyty kol\u0119dowej:<\/li>\n<\/ol>\n<ul style=\"text-align: justify;\">\n<li>Poniedzia\u0142ek \u2013 ul. Brzozowa (dw\u00f3ch ksi\u0119\u017cy od pocz\u0105tku \u2013 jeden numery nieparzyste, a drugi parzyste, trzeci ksi\u0105dz od ko\u0144ca obie strony). <span class=\"Apple-converted-space\">&nbsp;<\/span><\/li>\n<li>Wtorek \u2013 ul.<span class=\"Apple-converted-space\">&nbsp; <\/span>Podlas i Naftowa (prosimy z Podlasu o przyjechanie po ksi\u0119dza)<span class=\"Apple-converted-space\">&nbsp; <\/span>i ul. Mickiewicza od ul. Brzozowej (dw\u00f3ch ksi\u0119\u017cy, po jednego prosimy przyjecha\u0107)<span class=\"Apple-converted-space\">&nbsp;<\/span><\/li>\n<li>\u015aroda \u2013 ul. Grabiny (prosimy przyjecha\u0107 po ksi\u0119dza spod pierwszego numeru) i G\u00f3rna Kolonia (od strony Potoka \u2013 prosimy przyjecha\u0107 po ksi\u0119dza).<\/li>\n<\/ul>\n<ol start=\"6\">\n<li style=\"text-align: justify;\">W poniedzia\u0142ek i \u015brod\u0119 <b>kancelaria<\/b> czynna w godz. <b>8:00 \u2013 8:30<\/b>. We wtorek kancelaria <b>nieczynna<\/b>. Od czwartku kancelaria czynna w normalnych godzinach urz\u0119dowania. Sprawy pogrzeb\u00f3w mo\u017cna umawia\u0107 telefonicznie.<\/li>\n<li style=\"text-align: justify;\">W czwartek i pi\u0105tek modlitw\u0105 otoczymy parafian, kt\u00f3rych w tym roku indywidualnie nie odwiedzali\u015bmy po kol\u0119dzie. W ich intencji b\u0119dzie odprawiona Msza \u015bw. o godz. 18:00. W czwartek na Msz\u0119 \u015bw. wieczorn\u0105 zapraszamy mieszka\u0144c\u00f3w D\u0142ugiego, Por\u0119b i Chlebnej w ramach wsp\u00f3lnej modlitwy kol\u0119dowej. W pi\u0105tek zapraszamy mieszka\u0144c\u00f3w Jedlicza, kt\u00f3rych w tym roku nie odwiedzali\u015bmy w domach. Osoby, kt\u00f3re chcia\u0142yby indywidualnie zaprosi\u0107 ksi\u0119dza z wizyt\u0105 duszpastersk\u0105 proszone s\u0105 o zg\u0142aszanie si\u0119 w zakrystii.<span class=\"Apple-converted-space\">&nbsp;<\/span><\/li>\n<li style=\"text-align: justify;\">Zach\u0119camy do nabywania prasy katolickiej: <i>Go\u015bcia Niedzielnego <\/i>i <i>Niedzieli. <\/i>W <i>Go\u015bciu Niedzielnym <\/i>m.in. o przysz\u0142o\u015bci Funduszu Ko\u015bcielnego i zapowiedziach si\u0142owego przejmowania akt ko\u015bcielnych, b\u0105d\u017a o zniszczonym wizerunku TVP.<span class=\"Apple-converted-space\">&nbsp; <\/span>W <i>Niedzieli <\/i>m.in. o tym \u017ce najlepszy terapeuta nie zast\u0105pi pos\u0142ugi sakramentalnej, jak rozumie\u0107 obrazy i liczby w biblii, albo co znaczy \u201ezst\u0105pi\u0142 do piekie\u0142\u201d.<span class=\"Apple-converted-space\">&nbsp;<\/span><\/li>\n<li style=\"text-align: justify;\">W ostatnim czasie do wieczno\u015bci odeszli \u015bp. Anna FALISZEK z Dobieszyna ur. w 1958 r. oraz \u015bp. J\u00f3zef WIKLOWSKI z D\u0142ugiego ur. w 1949 r. Polecajmy Zmar\u0142ych Bo\u017cemu Mi\u0142osierdziu <i>Wieczne odpoczywanie&#8230;<\/i><\/li>\n<\/ol>\n","protected":false},"excerpt":{"rendered":"<p>II Niedziela zwyk\u0142a, 14 stycznia 2024 r. Og\u0142oszenia duszpasterskie&nbsp; We wtorek nowenna do \u015bw. Antoniego, w \u015brod\u0119 do MB Nieustaj\u0105cej Pomocy, w czwartek od godz. 17:00 wystawienie Naj\u015bwi\u0119tszego Sakramentu o godz. 18:00 Msza \u015bw. w pi\u0105tek Koronka do Bo\u017cego Mi\u0142osierdzia.&nbsp; W czwartek rozpoczyna si\u0119 Tydzie\u0144 Modlitw o Jedno\u015b\u0107 Chrze\u015bcijan.&nbsp; W pi\u0105tek wspomnienie \u015bw. J\u00f3zefa Sebastiana [&hellip;]<\/p>\n","protected":false},"author":2,"featured_media":0,"comment_status":"closed","ping_status":"open","sticky":false,"template":"","format":"standard","meta":{"ngg_post_thumbnail":0},"categories":[16,18,17],"tags":[],"_links":{"self":[{"href":"https:\/\/jedlicze.przemyska.pl\/index.php\/wp-json\/wp\/v2\/posts\/2980"}],"collection":[{"href":"https:\/\/jedlicze.przemyska.pl\/index.php\/wp-json\/wp\/v2\/posts"}],"about":[{"href":"https:\/\/jedlicze.przemyska.pl\/index.php\/wp-json\/wp\/v2\/types\/post"}],"author":[{"embeddable":true,"href":"https:\/\/jedlicze.przemyska.pl\/index.php\/wp-json\/wp\/v2\/users\/2"}],"replies":[{"embeddable":true,"href":"https:\/\/jedlicze.przemyska.pl\/index.php\/wp-json\/wp\/v2\/comments?post=2980"}],"version-history":[{"count":1,"href":"https:\/\/jedlicze.przemyska.pl\/index.php\/wp-json\/wp\/v2\/posts\/2980\/revisions"}],"predecessor-version":[{"id":2981,"href":"https:\/\/jedlicze.przemyska.pl\/index.php\/wp-json\/wp\/v2\/posts\/2980\/revisions\/2981"}],"wp:attachment":[{"href":"https:\/\/jedlicze.przemyska.pl\/index.php\/wp-json\/wp\/v2\/media?parent=2980"}],"wp:term":[{"taxonomy":"category","embeddable":true,"href":"https:\/\/jedlicze.przemyska.pl\/index.php\/wp-json\/wp\/v2\/categories?post=2980"},{"taxonomy":"post_tag","embeddable":true,"href":"https:\/\/jedlicze.przemyska.pl\/index.php\/wp-json\/wp\/v2\/tags?post=2980"}],"curies":[{"name":"wp","href":"https:\/\/api.w.org\/{rel}","templated":true}]}}