{"id":2995,"date":"2024-02-03T19:00:07","date_gmt":"2024-02-03T18:00:07","guid":{"rendered":"https:\/\/jedlicze.przemyska.pl\/?p=2995"},"modified":"2024-02-03T20:42:04","modified_gmt":"2024-02-03T19:42:04","slug":"ogloszenia-duszpasterskie-v-niedziela-zwykla-4-lutego","status":"publish","type":"post","link":"https:\/\/jedlicze.przemyska.pl\/index.php\/2024\/02\/03\/ogloszenia-duszpasterskie-v-niedziela-zwykla-4-lutego\/","title":{"rendered":"Og\u0142oszenia duszpasterskie &#8211; V Niedziela zwyk\u0142a, 4 lutego"},"content":{"rendered":"<p style=\"text-align: center;\"><strong>V Niedziela zwyk\u0142a, 4 lutego 2024 r.<\/strong><\/p>\n<p style=\"text-align: center;\"><strong>Og\u0142oszenia duszpasterskie <\/strong><\/p>\n<ol>\n<li style=\"text-align: justify;\">Dzisiaj niedziela adoracyjna, za moment wystawienie Naj\u015bwi\u0119tszego Sakramentu i adoracja. Dzisiaj zmiana tajemnic r\u00f3\u017ca\u0144cowych. Sk\u0142adka przeznaczona na potrzeby archidiecezji.<\/li>\n<li style=\"text-align: justify;\">Jutro wspomnienie \u015bw. Agaty, b\u0142ogos\u0142awie\u0144stwo chleba, wody i soli.<\/li>\n<li style=\"text-align: justify;\">We <strong>wtorek<\/strong> nowenna do \u015bw. Antoniego, w <strong>\u015brod\u0119<\/strong> do MB Nieustaj\u0105cej Pomocy. W <strong>czwartek<\/strong> wystawienie Naj\u015bwi\u0119tszego Sakramentu od godz. 17:00, o godz. 18:00 Msza \u015bw., w <strong>pi\u0105tek<\/strong> Koronka do Bo\u017cego Mi\u0142osierdzia.&nbsp;<\/li>\n<li style=\"text-align: justify;\">W dniach 11 \u2013 19 kwietnia br. planowana jest parafialna pielgrzymka do sanktuari\u00f3w W\u0142och. Koszt to ok. 4.000 z\u0142. Program pielgrzymki zamieszczony jest na naszej stronie internetowej i w gablocie og\u0142osze\u0144. Zapisywa\u0107 si\u0119 mo\u017cna w zakrystii i kancelarii.<\/li>\n<li style=\"text-align: justify;\">Ju\u017c dzi\u015b informujemy, \u017ce od \u015arody Popielcowej tj. 14 lutego rozpoczn\u0105 si\u0119 parafialne rekolekcje wielkopostne.<\/li>\n<li style=\"text-align: justify;\">Dyrekcji firmy <b>Naftoremont &#8211; Naftobudowa <\/b>sk\u0142adamy gor\u0105ce podzi\u0119kowanie za wykonanie prac zwi\u0105zanych z sygnaturk\u0105 i umieszczenie jej na wie\u017cy ko\u015bcio\u0142a filialnego w D\u0142ugiem &#8211; Por\u0119bach.<span class=\"Apple-converted-space\">&nbsp;<\/span><\/li>\n<li style=\"text-align: justify;\">Mi\u0142o nam poinformowa\u0107, \u017ce od najbli\u017cszej niedzieli (11 lutego) w naszej parafii regularnie w ka\u017cd\u0105 niedziel\u0119 b\u0119dzie wydawana Gazetka Parafialna ANTONI. B\u0119dzie ja mo\u017cna zakupi\u0107 po ka\u017cdej Mszy \u015bw. na stoliku z pras\u0105 katolick\u0105. Cena gazetki to 2 z\u0142, a zysk zostanie przeznaczony na Fundusz M\u0142odzie\u017cowy. Zach\u0119camy do wsparcia inicjatywy m\u0142odych parafian.<\/li>\n<li style=\"text-align: justify;\">Zach\u0119camy do nabywania prasy katolickiej: <em>Go\u015bcia Niedzielnego <\/em>i <em>Niedzieli.&nbsp;<\/em><em>Go\u015b\u0107 Niedzielny <\/em>&nbsp; doradza jak rozpozna\u0107 i rozwin\u0105\u0107 powo\u0142anie, o kryzysie w s\u0105downictwie, albo o odwiertach geotermalnych w Szaflarach. W&nbsp;<em>Niedzieli&nbsp;<\/em>o zagro\u017ceniach ze strony Rosji, o \u015bwi\u0119cie Ofiarowania Pa\u0144skiego, czy B\u00f3g musi nas s\u0105dzi\u0107?, ocena etyczna i medyczna aborcji dost\u0119pnej zw\u0142aszcza dla nastolatk\u00f3w.&nbsp;<\/li>\n<li style=\"text-align: justify;\">W minionym tygodniu do wieczno\u015bci odesz\u0142y: \u015bp. Barbara WODZI\u0143SKA z ul. 1000-lecia ur. w 1942 r., \u015bp. J\u00f3zefa JANOCHA z ul. Rejtana ur. w 1935 r. i \u015bp. Natalia G\u0118SIAK z Por\u0119b ur. w 1924 r. (pogrzeb w poniedzia\u0142ek). Polecajmy Zmar\u0142e Bo\u017cemu Mi\u0142osierdziu <em>Wieczne odpoczywanie&#8230; <\/em><\/li>\n<\/ol>\n","protected":false},"excerpt":{"rendered":"<p>V Niedziela zwyk\u0142a, 4 lutego 2024 r. Og\u0142oszenia duszpasterskie Dzisiaj niedziela adoracyjna, za moment wystawienie Naj\u015bwi\u0119tszego Sakramentu i adoracja. Dzisiaj zmiana tajemnic r\u00f3\u017ca\u0144cowych. Sk\u0142adka przeznaczona na potrzeby archidiecezji. Jutro wspomnienie \u015bw. Agaty, b\u0142ogos\u0142awie\u0144stwo chleba, wody i soli. We wtorek nowenna do \u015bw. Antoniego, w \u015brod\u0119 do MB Nieustaj\u0105cej Pomocy. W czwartek wystawienie Naj\u015bwi\u0119tszego Sakramentu od [&hellip;]<\/p>\n","protected":false},"author":2,"featured_media":0,"comment_status":"closed","ping_status":"open","sticky":false,"template":"","format":"standard","meta":{"ngg_post_thumbnail":0},"categories":[16,18,17],"tags":[],"_links":{"self":[{"href":"https:\/\/jedlicze.przemyska.pl\/index.php\/wp-json\/wp\/v2\/posts\/2995"}],"collection":[{"href":"https:\/\/jedlicze.przemyska.pl\/index.php\/wp-json\/wp\/v2\/posts"}],"about":[{"href":"https:\/\/jedlicze.przemyska.pl\/index.php\/wp-json\/wp\/v2\/types\/post"}],"author":[{"embeddable":true,"href":"https:\/\/jedlicze.przemyska.pl\/index.php\/wp-json\/wp\/v2\/users\/2"}],"replies":[{"embeddable":true,"href":"https:\/\/jedlicze.przemyska.pl\/index.php\/wp-json\/wp\/v2\/comments?post=2995"}],"version-history":[{"count":4,"href":"https:\/\/jedlicze.przemyska.pl\/index.php\/wp-json\/wp\/v2\/posts\/2995\/revisions"}],"predecessor-version":[{"id":3002,"href":"https:\/\/jedlicze.przemyska.pl\/index.php\/wp-json\/wp\/v2\/posts\/2995\/revisions\/3002"}],"wp:attachment":[{"href":"https:\/\/jedlicze.przemyska.pl\/index.php\/wp-json\/wp\/v2\/media?parent=2995"}],"wp:term":[{"taxonomy":"category","embeddable":true,"href":"https:\/\/jedlicze.przemyska.pl\/index.php\/wp-json\/wp\/v2\/categories?post=2995"},{"taxonomy":"post_tag","embeddable":true,"href":"https:\/\/jedlicze.przemyska.pl\/index.php\/wp-json\/wp\/v2\/tags?post=2995"}],"curies":[{"name":"wp","href":"https:\/\/api.w.org\/{rel}","templated":true}]}}