{"id":3015,"date":"2024-02-17T19:00:38","date_gmt":"2024-02-17T18:00:38","guid":{"rendered":"https:\/\/jedlicze.przemyska.pl\/?p=3015"},"modified":"2024-02-17T22:24:24","modified_gmt":"2024-02-17T21:24:24","slug":"ogloszenia-duszpasterskie-i-niedziela-wielkiego-postu-18-lutego","status":"publish","type":"post","link":"https:\/\/jedlicze.przemyska.pl\/index.php\/2024\/02\/17\/ogloszenia-duszpasterskie-i-niedziela-wielkiego-postu-18-lutego\/","title":{"rendered":"Og\u0142oszenia duszpasterskie &#8211; I Niedziela Wielkiego Postu, 18 lutego"},"content":{"rendered":"<p style=\"text-align: center;\"><b>I Niedziela Wielkiego Postu, 18 lutego 2024 r.<\/b><\/p>\n<p style=\"text-align: center;\"><b>Og\u0142oszenia duszpasterskie<span class=\"Apple-converted-space\">&nbsp;<\/span><\/b><\/p>\n<ol>\n<li style=\"text-align: justify;\">Dzisiaj ko\u0144czymy rekolekcje wielkopostne. Dzi\u0119kujemy o. Ryszardowi, naszemu rodakowi<span class=\"Apple-converted-space\">&nbsp; <\/span>za duchowe prowadzenie nas do wewn\u0119trznej odnowy i g\u0142\u0119bszego prze\u017cywania Wielkiego Postu. Jednocze\u015bnie informujemy, \u017ce rekolekcje szkolne dla podstaw\u00f3wek b\u0119d\u0105 7 i 8 marca.<span class=\"Apple-converted-space\">&nbsp;<\/span><\/li>\n<li style=\"text-align: justify;\">Spotkanie dla rodzic\u00f3w i dzieci przygotowuj\u0105cych si\u0119 do I Komunii \u015bw. b\u0119dzie dzisiaj po Mszy \u015bw. o godz. 12:30 w Sali teatralnej Domu Katechetycznego.<span class=\"Apple-converted-space\">&nbsp;<\/span><\/li>\n<li style=\"text-align: justify;\">Dzisiaj zapraszamy jeszcze o <b>godz. 17:00<\/b> na nabo\u017ce\u0144stwo <b>Gorzkich \u017bali<\/b> z kazaniem pasyjnym, po kt\u00f3rym b\u0119dzie adoracja krzy\u017ca przez m\u0119\u017cczyzn. Za tydzie\u0144 krzy\u017c adorowa\u0107 b\u0119d\u0105 kobiety. W czasie Gorzkich \u017bali zbierana jest taca na kwiaty i dekoracje \u015bwi\u0105teczn\u0105. Przypominamy, \u017ce za udzia\u0142 w Gorzkich \u017balach i Drodze Krzy\u017cowej mo\u017cna zyska\u0107 odpust zupe\u0142ny pod zwyk\u0142ymi warunkami.<span class=\"Apple-converted-space\">&nbsp;<\/span><\/li>\n<li style=\"text-align: justify;\">Sk\u0142adamy serdeczne podzi\u0119kowanie za ofiary na Fundusz Inwestycyjny Parafii. Przypominamy, \u017ce poza pracami przy dachu ko\u015bcio\u0142a, planowane jest zabezpieczenie i odnowienie rozety mi\u0119dzy wie\u017cami oraz wykonanie instalacji odgromowej na sygnaturce.<span class=\"Apple-converted-space\">&nbsp;<\/span><\/li>\n<li style=\"text-align: justify;\">We <b>wtorek<\/b> nowenna do <b>\u015bw. Antoniego<\/b>, w <b>\u015brod\u0119<\/b> nowenna do <b>MB Nieustaj\u0105cej Pomocy<\/b>, w <b>czwartek<\/b> o godz. 17:00 wystawienie Naj\u015bwi\u0119tszego Sakramentu a o godz. 18:00 Msza \u015bw., w <b>pi\u0105tek<\/b> Droga Krzy\u017cowa o godz. <b>16:30<\/b> dla dzieci, o godz. <b>17:15<\/b> dla doros\u0142ych, o godz. <b>19:30<\/b> dla m\u0142odzie\u017cy.<span class=\"Apple-converted-space\">&nbsp;<\/span><\/li>\n<li style=\"text-align: justify;\"><b>Spotkania formacyjne<\/b>: we <b>wtorek<\/b> Kr\u0105g Biblijny, w <b>\u015brod\u0119<\/b> ministranci, w <b>czwartek<\/b> po Mszy \u015bw. wieczornej katecheza dla doros\u0142ych (w sali teatralnej domu katechetycznego).<span class=\"Apple-converted-space\">&nbsp; <\/span>Wszystkich ch\u0142opc\u00f3w pocz\u0105wszy od klas 3 chc\u0105cych podj\u0105\u0107 s\u0142u\u017cb\u0119 przy o\u0142tarzu zapraszamy do zakrystii po odbi\u00f3r formularzy zg\u0142oszeniowych lub o zg\u0142oszenie si\u0119 do ks. \u0141ukasza. Czwartkowe katechezy dla doros\u0142ych maj\u0105 na celu pog\u0142\u0119bienie wiedzy religijnej i wiary. Tematy spotka\u0144 na plakacie w gablocie og\u0142osze\u0144. Bardzo serdecznie zapraszamy.<span class=\"Apple-converted-space\">&nbsp;<\/span><\/li>\n<li style=\"text-align: justify;\">W czwartek wypada \u015bwi\u0119to Katedry \u015awi\u0119tego Piotra. Modlimy si\u0119 za Ojca \u015bwi\u0119tego.<span class=\"Apple-converted-space\">&nbsp;<\/span><\/li>\n<li style=\"text-align: justify;\">Za tydzie\u0144, w niedziel\u0119 po Mszach \u015bw. sk\u0142adka do puszek na misje <i>ad gentes<\/i>.<\/li>\n<li style=\"text-align: justify;\">W dniach <b>11 \u2013 19 kwietnia<\/b> br. planowana jest parafialna pielgrzymka do sanktuari\u00f3w W\u0142och. Koszt to ok. 4.000 z\u0142. Program pielgrzymki zamieszczony jest na naszej stronie internetowej i w gablocie og\u0142osze\u0144. Zapisywa\u0107 si\u0119 mo\u017cna w zakrystii i kancelarii. <span class=\"Apple-converted-space\">&nbsp;<\/span><\/li>\n<li style=\"text-align: justify;\">KSM organizuje rekolekcje wyjazdowe w dniach 15 \u2013 17 marca. Rekolekcje przeznaczone s\u0105 dla os\u00f3b w wieku 12 \u2013 25 lat. Ca\u0142o\u015bciowy koszt to 290 z\u0142. Zapisy do 10 marca przyjmuje ks. \u0141ukasz. Szczeg\u00f3\u0142y na plakacie w gablocie og\u0142osze\u0144.<\/li>\n<li style=\"text-align: justify;\">Do nabycia prasa katolicka <i>Go\u015b\u0107 Niedzielny, Go\u015b\u0107 extra <\/i>i<i> Niedziela<\/i>. Zach\u0119camy do czytania artyku\u0142\u00f3w religijnych. Dost\u0119pna jest tak\u017ce Gazetka Parafialna ANTONI. Cena gazetki to 2 z\u0142. W <i>Go\u015bciu Niedzielnym<\/i> art. o praktykach ascetycznych w Ko\u015bciele Wschodnim i u protestant\u00f3w, o pog\u0142\u0119bionej modlitwie, albo kto stoi za zamieszkami w miastach Europy, b\u0105d\u017a o istocie protestu rolnik\u00f3w. <i>Go\u015b\u0107 Extra<\/i> po\u015bwi\u0119cony jest tematyce Wielkiego Postu. W <i>Niedzieli<\/i> o moralno\u015bci w biznesie, jak wsp\u00f3\u0142pracowa\u0107 z Duchem \u015awi\u0119tym, albo analiza ks. abp. Michalika obecnej sytuacji w Polsce, b\u0105d\u017a o problemach m\u0142odzie\u017cy z alkoholem i narkotykami.<span class=\"Apple-converted-space\">&nbsp;<\/span><\/li>\n<li style=\"text-align: justify;\">W dniach 26-28 lutego w godz. 20:00-22:00 u Franciszkan\u00f3w w Kro\u015bnie odb\u0119d\u0105 si\u0119 rekolekcje dla m\u0119\u017cczyzn. W programie Adoracja Naj\u015bwi\u0119tszego Sakramentu oraz Msza \u015bw. z konferencj\u0105.<\/li>\n<li style=\"text-align: justify;\">W ubieg\u0142ym tygodniu do wieczno\u015bci odszed\u0142 \u015bp. Czes\u0142aw PIENI\u0104\u017bEK z Chlebnej ur. w 1957 r. (pogrzeb w poniedzia\u0142ek) i \u015bp. Les\u0142aw M\u0141OCEK z Por\u0119b ur. w 1963 r. (pogrzeb we wtorek). Polecajmy Zmar\u0142ych Bo\u017cemu Mi\u0142osierdziu: <i>Wieczne odpoczywanie\u2026<\/i><\/li>\n<\/ol>\n","protected":false},"excerpt":{"rendered":"<p>I Niedziela Wielkiego Postu, 18 lutego 2024 r. Og\u0142oszenia duszpasterskie&nbsp; Dzisiaj ko\u0144czymy rekolekcje wielkopostne. Dzi\u0119kujemy o. Ryszardowi, naszemu rodakowi&nbsp; za duchowe prowadzenie nas do wewn\u0119trznej odnowy i g\u0142\u0119bszego prze\u017cywania Wielkiego Postu. Jednocze\u015bnie informujemy, \u017ce rekolekcje szkolne dla podstaw\u00f3wek b\u0119d\u0105 7 i 8 marca.&nbsp; Spotkanie dla rodzic\u00f3w i dzieci przygotowuj\u0105cych si\u0119 do I Komunii \u015bw. b\u0119dzie [&hellip;]<\/p>\n","protected":false},"author":2,"featured_media":0,"comment_status":"closed","ping_status":"open","sticky":false,"template":"","format":"standard","meta":{"ngg_post_thumbnail":0},"categories":[16,18,17],"tags":[],"_links":{"self":[{"href":"https:\/\/jedlicze.przemyska.pl\/index.php\/wp-json\/wp\/v2\/posts\/3015"}],"collection":[{"href":"https:\/\/jedlicze.przemyska.pl\/index.php\/wp-json\/wp\/v2\/posts"}],"about":[{"href":"https:\/\/jedlicze.przemyska.pl\/index.php\/wp-json\/wp\/v2\/types\/post"}],"author":[{"embeddable":true,"href":"https:\/\/jedlicze.przemyska.pl\/index.php\/wp-json\/wp\/v2\/users\/2"}],"replies":[{"embeddable":true,"href":"https:\/\/jedlicze.przemyska.pl\/index.php\/wp-json\/wp\/v2\/comments?post=3015"}],"version-history":[{"count":4,"href":"https:\/\/jedlicze.przemyska.pl\/index.php\/wp-json\/wp\/v2\/posts\/3015\/revisions"}],"predecessor-version":[{"id":3026,"href":"https:\/\/jedlicze.przemyska.pl\/index.php\/wp-json\/wp\/v2\/posts\/3015\/revisions\/3026"}],"wp:attachment":[{"href":"https:\/\/jedlicze.przemyska.pl\/index.php\/wp-json\/wp\/v2\/media?parent=3015"}],"wp:term":[{"taxonomy":"category","embeddable":true,"href":"https:\/\/jedlicze.przemyska.pl\/index.php\/wp-json\/wp\/v2\/categories?post=3015"},{"taxonomy":"post_tag","embeddable":true,"href":"https:\/\/jedlicze.przemyska.pl\/index.php\/wp-json\/wp\/v2\/tags?post=3015"}],"curies":[{"name":"wp","href":"https:\/\/api.w.org\/{rel}","templated":true}]}}