{"id":3017,"date":"2024-02-24T19:00:33","date_gmt":"2024-02-24T18:00:33","guid":{"rendered":"https:\/\/jedlicze.przemyska.pl\/?p=3017"},"modified":"2024-02-24T20:59:38","modified_gmt":"2024-02-24T19:59:38","slug":"ogloszenia-duszpasterskie-ii-niedziela-wielkiego-postu-25-lutego","status":"publish","type":"post","link":"https:\/\/jedlicze.przemyska.pl\/index.php\/2024\/02\/24\/ogloszenia-duszpasterskie-ii-niedziela-wielkiego-postu-25-lutego\/","title":{"rendered":"Og\u0142oszenia duszpasterskie &#8211; II Niedziela Wielkiego Postu, 25 lutego"},"content":{"rendered":"<p style=\"text-align: center;\"><b>II Niedziela Wielkiego Postu, 25 lutego 2024 r.<\/b><\/p>\n<p style=\"text-align: center;\"><b>Og\u0142oszenia duszpasterskie<span class=\"Apple-converted-space\">&nbsp;<\/span><\/b><\/p>\n<ol>\n<li style=\"text-align: justify;\">Zgodnie z wcze\u015bniejsz\u0105 zapowiedzi\u0105, dzisiaj po Mszach \u015bw. jest zbi\u00f3rka do puszek na misje <i>ad gentes.<span class=\"Apple-converted-space\">&nbsp;<\/span><\/i><\/li>\n<li style=\"text-align: justify;\">Dzisiaj zapraszamy jeszcze o <b>godz. 17:00<\/b> na nabo\u017ce\u0144stwo <b>Gorzkich \u017bali<\/b> z kazaniem pasyjnym, po kt\u00f3rym b\u0119dzie adoracja krzy\u017ca przez kobiety. Za tydzie\u0144 krzy\u017c adorowa\u0107 b\u0119dzie m\u0142odzie\u017c m\u0119ska, szczeg\u00f3lnie zapraszamy kandydat\u00f3w do bierzmowania i starszych. W czasie Gorzkich \u017bali zbierana jest taca na kwiaty i dekoracje \u015bwi\u0105teczn\u0105. Przypominamy, \u017ce za udzia\u0142 w Gorzkich \u017balach i Drodze Krzy\u017cowej mo\u017cna zyska\u0107 odpust zupe\u0142ny pod zwyk\u0142ymi warunkami.<span class=\"Apple-converted-space\">&nbsp;<\/span><\/li>\n<li style=\"text-align: justify;\">We <b>wtorek<\/b> nowenna do <b>\u015bw. Antoniego<\/b>, w <b>\u015brod\u0119<\/b> nowenna do <b>MB Nieustaj\u0105cej Pomocy<\/b>, w <b>czwartek<\/b> o godz. 17:00 wystawienie Naj\u015bwi\u0119tszego Sakramentu, modlitwy za powo\u0142anych i o nowe powo\u0142ania, a o godz. 18:00 Msza \u015bw., w <b>pi\u0105tek<\/b> Droga Krzy\u017cowa o godz. <b>16:30<\/b> dla dzieci, o godz. <b>17:15<\/b> dla doros\u0142ych, o godz. <b>19:30<\/b> dla m\u0142odzie\u017cy.<span class=\"Apple-converted-space\">&nbsp;<\/span><\/li>\n<li style=\"text-align: justify;\"><b>Spotkania formacyjne<\/b>: w poniedzia\u0142ek \u2013 o godz. 17:00 w ko\u015bciele Ko\u0142o Przyjaci\u00f3\u0142 Radka Maryja, a po Mszy \u015bw. wieczornej uczniowie kl. <b>7a<\/b>, we wtorek \u2013 uczniowie kl. <b>7b<\/b>, w, w \u015brod\u0119 \u2013 uczniowie klasy <b>7c<\/b>, a przed Msz\u0105 \u015bw. ministranci, w pi\u0105tek \u2013 KSM, w sobot\u0119 \u2013 schola. Przypominamy, \u017ce spotkania formacyjne rozpoczynaj\u0105 si\u0119 udzia\u0142em we Mszy \u015bw.<span class=\"Apple-converted-space\">&nbsp;<\/span><\/li>\n<li style=\"text-align: justify;\">W tym tygodniu wypada pierwszy czwartek, pi\u0105tek i sobota miesi\u0105ca. W pi\u0105tek spowied\u017a w godz. <b>6:00 \u2013 7:00<\/b>, a po po\u0142udniu od godz. <b>16:30<\/b>. W pi\u0105tek od godz. <b>9:30<\/b> ks. \u0141ukasz odwiedza chorych z pos\u0142ug\u0105 sakramentaln\u0105.<span class=\"Apple-converted-space\">&nbsp;<\/span><\/li>\n<li style=\"text-align: justify;\">Bardzo gor\u0105co dzi\u0119kujemy za ofiary na Fundusz Inwestycyjny Parafii z\u0142o\u017cone w ubieg\u0142\u0105 niedziel\u0119 i przekazywane na konto. B\u00f3g zap\u0142a\u0107!<\/li>\n<li>Do nabycia s\u0105 paschaliki Caritas w cenie 12 z\u0142.&nbsp;<\/li>\n<li>W <strong>poniedzia\u0142ek<\/strong>, 26 lutego w Domu Ludowym w D\u0142ugiem w godz. 16:00 &#8211; 18:00 mo\u017cna wp\u0142aca\u0107 na <strong>budow\u0119 ko\u015bcio\u0142a filialnego<\/strong>.&nbsp;<\/li>\n<li style=\"text-align: justify;\">Za tydzie\u0144 zmiana tajemnic r\u00f3\u017ca\u0144cowych, a sk\u0142adka przeznaczona na WSD w Przemy\u015blu.<span class=\"Apple-converted-space\">&nbsp;<\/span><\/li>\n<li style=\"text-align: justify;\">W dniach <strong>11 \u2013 19 kwietnia<\/strong> br. planowana jest parafialna <strong>pielgrzymka do sanktuari\u00f3w W\u0142och<\/strong>. Koszt to ok. 4.000 z\u0142. Program pielgrzymki zamieszczony jest na naszej stronie internetowej i w gablocie og\u0142osze\u0144. Zapisywa\u0107 si\u0119 mo\u017cna w zakrystii i kancelarii. <span class=\"Apple-converted-space\">&nbsp;<\/span><\/li>\n<li style=\"text-align: justify;\">KSM organizuje rekolekcje wyjazdowe w dniach 15 \u2013 17 marca. Rekolekcje przeznaczone s\u0105 dla os\u00f3b w wieku 12 \u2013 25 lat. Ca\u0142o\u015bciowy koszt to 290 z\u0142. Zapisy do 10 marca przyjmuje ks. \u0141ukasz. Szczeg\u00f3\u0142y na plakacie w gablocie og\u0142osze\u0144.<\/li>\n<li style=\"text-align: justify;\">W dniach 26-28 lutego w godz. 20:00-22:00 u Franciszkan\u00f3w w Kro\u015bnie odb\u0119d\u0105 si\u0119 rekolekcje dla m\u0119\u017cczyzn. W programie Adoracja Naj\u015bwi\u0119tszego Sakramentu oraz Msza \u015bw. z konferencj\u0105.<\/li>\n<li style=\"text-align: justify;\">Od 1 marca w sklepach naszego miasta b\u0119d\u0105 wystawione kosze z logo CARITAS, do kt\u00f3rych mo\u017cna sk\u0142ada\u0107 artyku\u0142y spo\u017cywcze i gospodarcze jako wsparcie na \u015bwi\u0119ta dla potrzebuj\u0105cych parafian.<\/li>\n<li style=\"text-align: justify;\">Do nabycia prasa katolicka <i>Go\u015b\u0107 Niedzielnym, Ma\u0142y Go\u015b\u0107 Niedzielny <\/i>i<i> Niedziela<\/i>. Zach\u0119camy do czytania artyku\u0142\u00f3w religijnych. Dost\u0119pna jest tak\u017ce Gazetka Parafialna ANTONI. Cena gazetki to 2 z\u0142, a zysk przeznaczony jest na Fundusz M\u0142odzie\u017cowy.<\/li>\n<li style=\"text-align: justify;\">W ubieg\u0142ym tygodniu do wieczno\u015bci odszed\u0142 \u015bp. S\u0142awomir JANOCHA z ul. Brzozowej ur. w 1966 r. (pogrzeb w poniedzia\u0142ek). Polecajmy Zmar\u0142ego Bo\u017cemu Mi\u0142osierdziu:&nbsp;<em>Wieczne odpoczywanie&#8230;<\/em><\/li>\n<\/ol>\n","protected":false},"excerpt":{"rendered":"<p>II Niedziela Wielkiego Postu, 25 lutego 2024 r. Og\u0142oszenia duszpasterskie&nbsp; Zgodnie z wcze\u015bniejsz\u0105 zapowiedzi\u0105, dzisiaj po Mszach \u015bw. jest zbi\u00f3rka do puszek na misje ad gentes.&nbsp; Dzisiaj zapraszamy jeszcze o godz. 17:00 na nabo\u017ce\u0144stwo Gorzkich \u017bali z kazaniem pasyjnym, po kt\u00f3rym b\u0119dzie adoracja krzy\u017ca przez kobiety. Za tydzie\u0144 krzy\u017c adorowa\u0107 b\u0119dzie m\u0142odzie\u017c m\u0119ska, szczeg\u00f3lnie zapraszamy [&hellip;]<\/p>\n","protected":false},"author":2,"featured_media":0,"comment_status":"closed","ping_status":"open","sticky":false,"template":"","format":"standard","meta":{"ngg_post_thumbnail":0},"categories":[16,18,17],"tags":[],"_links":{"self":[{"href":"https:\/\/jedlicze.przemyska.pl\/index.php\/wp-json\/wp\/v2\/posts\/3017"}],"collection":[{"href":"https:\/\/jedlicze.przemyska.pl\/index.php\/wp-json\/wp\/v2\/posts"}],"about":[{"href":"https:\/\/jedlicze.przemyska.pl\/index.php\/wp-json\/wp\/v2\/types\/post"}],"author":[{"embeddable":true,"href":"https:\/\/jedlicze.przemyska.pl\/index.php\/wp-json\/wp\/v2\/users\/2"}],"replies":[{"embeddable":true,"href":"https:\/\/jedlicze.przemyska.pl\/index.php\/wp-json\/wp\/v2\/comments?post=3017"}],"version-history":[{"count":9,"href":"https:\/\/jedlicze.przemyska.pl\/index.php\/wp-json\/wp\/v2\/posts\/3017\/revisions"}],"predecessor-version":[{"id":3034,"href":"https:\/\/jedlicze.przemyska.pl\/index.php\/wp-json\/wp\/v2\/posts\/3017\/revisions\/3034"}],"wp:attachment":[{"href":"https:\/\/jedlicze.przemyska.pl\/index.php\/wp-json\/wp\/v2\/media?parent=3017"}],"wp:term":[{"taxonomy":"category","embeddable":true,"href":"https:\/\/jedlicze.przemyska.pl\/index.php\/wp-json\/wp\/v2\/categories?post=3017"},{"taxonomy":"post_tag","embeddable":true,"href":"https:\/\/jedlicze.przemyska.pl\/index.php\/wp-json\/wp\/v2\/tags?post=3017"}],"curies":[{"name":"wp","href":"https:\/\/api.w.org\/{rel}","templated":true}]}}