{"id":3043,"date":"2024-03-09T19:00:47","date_gmt":"2024-03-09T18:00:47","guid":{"rendered":"https:\/\/jedlicze.przemyska.pl\/?p=3043"},"modified":"2024-03-10T18:58:55","modified_gmt":"2024-03-10T17:58:55","slug":"ogloszenia-duszpasterskie-iv-niedziela-wielkiego-postu-10-marca","status":"publish","type":"post","link":"https:\/\/jedlicze.przemyska.pl\/index.php\/2024\/03\/09\/ogloszenia-duszpasterskie-iv-niedziela-wielkiego-postu-10-marca\/","title":{"rendered":"Og\u0142oszenia duszpasterskie &#8211; IV Niedziela Wielkiego Postu, 10 marca"},"content":{"rendered":"<p style=\"text-align: center;\"><strong>IV Niedziela Wielkiego Postu, 10 marca 2024 r.<\/strong><\/p>\n<p style=\"text-align: center;\"><strong>Og\u0142oszenia duszpasterskie <\/strong><\/p>\n<ol>\n<li style=\"text-align: justify;\">Dzisiaj rozpoczynamy nowenn\u0119 przed uroczysto\u015bci\u0105 \u015bw. J\u00f3zefa. Modlitwa nowennowa w czasie Gorzkich \u017bali.<\/li>\n<li style=\"text-align: justify;\">Dzisiaj zapraszamy jeszcze o <strong> 17:00<\/strong> na nabo\u017ce\u0144stwo <strong>Gorzkich \u017bali<\/strong> z kazaniem pasyjnym, po kt\u00f3rym b\u0119dzie adoracja krzy\u017ca przez m\u0142odzie\u017c \u017ce\u0144sk\u0105. Za tydzie\u0144 krzy\u017c adorowa\u0107 b\u0119d\u0105 dzieci. W czasie Gorzkich \u017bali zbierana jest taca na kwiaty i dekoracje \u015bwi\u0105teczn\u0105. Przypominamy, \u017ce za udzia\u0142 w Gorzkich \u017balach i Drodze Krzy\u017cowej mo\u017cna zyska\u0107 odpust zupe\u0142ny pod zwyk\u0142ymi warunkami.<\/li>\n<li style=\"text-align: justify;\">We <strong>wtorek<\/strong> nowenna do <strong>\u015bw. Antoniego<\/strong>, w <strong>\u015brod\u0119<\/strong> nowenna do <strong>MB Nieustaj\u0105cej Pomocy<\/strong>, w <strong>czwartek<\/strong> o godz. 17:00 wystawienie Naj\u015bwi\u0119tszego Sakramentu, modlitwy za powo\u0142anych i o nowe powo\u0142ania, a o godz. 18:00 Msza \u015bw., w <strong>pi\u0105tek<\/strong> Droga Krzy\u017cowa o godz. <strong>16:30<\/strong> dla dzieci, o godz. <strong>17:15<\/strong> dla doros\u0142ych, o godz. <strong>19:30<\/strong> dla m\u0142odzie\u017cy.<\/li>\n<li style=\"text-align: justify;\"><strong>Spotkania formacyjne<\/strong>: <strong>wtorek<\/strong> \u2013 godz. 17.00 \u2013 kandydaci na ministrant\u00f3w, a po Mszy \u015bw. wieczornej \u2013 grupa biblijna, <strong>\u015broda<\/strong> \u2013 po Mszy wieczornej \u2013 Ministranci oraz Akcja Katolicka, <strong>czwartek<\/strong> \u2013 godz. 18.45 \u2013 ostatnia katecheza dla doros\u0142ych w domu katechetycznym, <strong>niedziela<\/strong> \u2013 godz.15.30 \u2013 kandydaci do bierzmowania z wszystkich klas 6 i 7.<\/li>\n<li style=\"text-align: justify;\">Za tydzie\u0144 sk\u0142adka na Fundusz Inwestycyjny Parafii. Poza planowanymi pracami przy dachu ko\u015bcio\u0142a przygotowujemy si\u0119 do wykonania instalacji odgromowej na sygnaturce oraz zabezpieczenia i odnowienia rozety mi\u0119dzy wie\u017cami.<\/li>\n<li style=\"text-align: justify;\">Za tydzie\u0144 zapraszamy dzieci przygotowuj\u0105ce si\u0119 do <strong>I Komunii<\/strong> <strong>\u015awi\u0119tej<\/strong> wraz z rodzicami na Eucharysti\u0119 o godz. <strong>12:30<\/strong>. Po Mszy \u015bw. spotkanie formacyjne.<\/li>\n<li style=\"text-align: justify;\">W najbli\u017csz\u0105 niedziel\u0119 o godz. 15:30 zapraszamy wszystkich na \u015bwiadectwo wielkopostne Ja\u015bka Meli, kt\u00f3ry jako nastolatek straci\u0142 r\u0119k\u0119 i nog\u0119 w wypadku. Jest najm\u0142odszym \u2013 niepe\u0142nosprawnym zdobywc\u0105 dw\u00f3ch biegun\u00f3w. Opowie on o cudach, kt\u00f3re dokona\u0142y si\u0119 w jego \u017cyciu. W zwi\u0105zku z tym spotkaniem, wyj\u0105tkowo za tydzie\u0144 <strong>Gorzkie \u017bale<\/strong> b\u0119d\u0105 zaraz po \u015bwiadectwie o godz. <strong>16:15.<\/strong><\/li>\n<li style=\"text-align: justify;\">Jeszcze w tym tygodniu mo\u017cna zapisywa\u0107 si\u0119 na <strong>pielgrzymk\u0119<\/strong> do sanktuari\u00f3w <strong>W\u0142och<\/strong> w dniach <strong>11 \u2013 19 kwietnia<\/strong>. Koszt to ok. 4.000 z\u0142. Jest jeszcze kilka wolnych miejsc. Program pielgrzymki zamieszczony jest na naszej stronie internetowej i w gablocie og\u0142osze\u0144. Zapisy w zakrystii i kancelarii. W sobot\u0119 o godz. 18:00 w domu katechetycznym spotkanie organizacyjne.&nbsp;<\/li>\n<li style=\"text-align: justify;\">W wybranych sklepach wystawione s\u0105 kosze z logo Caritas, do kt\u00f3rych mo\u017cna sk\u0142ada\u0107 artyku\u0142y na \u015bwi\u0119ta dla potrzebuj\u0105cych parafian. Kilka paschalik\u00f3w Caritas jest w zakrystii.<\/li>\n<li style=\"text-align: justify;\">23 marca w Markowej odb\u0119dzie si\u0119 Marsz w obronie \u017cycia. Zach\u0119camy do wzi\u0119cia udzia\u0142u w tym wydarzeniu, aby pokaza\u0107, \u017ce jako ludzie wierz\u0105cy nie zgadzamy si\u0119 z tworzeniem prawa u\u0142atwiaj\u0105cego aborcj\u0119.<\/li>\n<li style=\"text-align: justify;\">Do nabycia prasa katolicka <em>Go\u015b\u0107 Niedzielny, Niedziela i MAGAZYN Niedzieli<\/em>. Zach\u0119camy do czytania artyku\u0142\u00f3w religijnych. W <em>Go\u015bciu Niedzielnym<\/em> o wyj\u0105tkowych kobietach wp\u0142ywaj\u0105cych na losy Ko\u015bcio\u0142a, o sposobie wyboru i roli Przewodnicz\u0105cego KEP, a w wielkopostnej szkole modlitwy o rozproszeniach. W <em>Niedzieli<\/em> o znaczeniu postu w wa\u017cnych sprawach naszego \u017cycia, pomys\u0142y na jedno\u015b\u0107 narodu, albo o modlitwie za ojczyzn\u0119 przez przyczyn\u0119 \u015bw. Andrzeja Boboli. W <em>MAGAZYNIE<\/em> pr\u00f3ba odpowiedzi na pytanie dlaczego Polska powinna obawia\u0107 si\u0119 Rosji, b\u0105d\u017a o herezjach na temat Eucharystii. Dost\u0119pna jest tak\u017ce Gazetka Parafialna ANTONI. W gazetce warto przeczyta\u0107 wywiad z ks. Sebastianem \u2013 tegorocznym rekolekcjonist\u0105 szkolnym i artyku\u0142 \u201eo \u017cyciu, odwadze i wytrwa\u0142o\u015bci Ja\u015bka Meli\u201d.<\/li>\n<\/ol>\n","protected":false},"excerpt":{"rendered":"<p>IV Niedziela Wielkiego Postu, 10 marca 2024 r. Og\u0142oszenia duszpasterskie Dzisiaj rozpoczynamy nowenn\u0119 przed uroczysto\u015bci\u0105 \u015bw. J\u00f3zefa. Modlitwa nowennowa w czasie Gorzkich \u017bali. Dzisiaj zapraszamy jeszcze o 17:00 na nabo\u017ce\u0144stwo Gorzkich \u017bali z kazaniem pasyjnym, po kt\u00f3rym b\u0119dzie adoracja krzy\u017ca przez m\u0142odzie\u017c \u017ce\u0144sk\u0105. Za tydzie\u0144 krzy\u017c adorowa\u0107 b\u0119d\u0105 dzieci. W czasie Gorzkich \u017bali zbierana jest [&hellip;]<\/p>\n","protected":false},"author":2,"featured_media":0,"comment_status":"closed","ping_status":"open","sticky":false,"template":"","format":"standard","meta":{"ngg_post_thumbnail":0},"categories":[16,18,17],"tags":[],"_links":{"self":[{"href":"https:\/\/jedlicze.przemyska.pl\/index.php\/wp-json\/wp\/v2\/posts\/3043"}],"collection":[{"href":"https:\/\/jedlicze.przemyska.pl\/index.php\/wp-json\/wp\/v2\/posts"}],"about":[{"href":"https:\/\/jedlicze.przemyska.pl\/index.php\/wp-json\/wp\/v2\/types\/post"}],"author":[{"embeddable":true,"href":"https:\/\/jedlicze.przemyska.pl\/index.php\/wp-json\/wp\/v2\/users\/2"}],"replies":[{"embeddable":true,"href":"https:\/\/jedlicze.przemyska.pl\/index.php\/wp-json\/wp\/v2\/comments?post=3043"}],"version-history":[{"count":3,"href":"https:\/\/jedlicze.przemyska.pl\/index.php\/wp-json\/wp\/v2\/posts\/3043\/revisions"}],"predecessor-version":[{"id":3047,"href":"https:\/\/jedlicze.przemyska.pl\/index.php\/wp-json\/wp\/v2\/posts\/3043\/revisions\/3047"}],"wp:attachment":[{"href":"https:\/\/jedlicze.przemyska.pl\/index.php\/wp-json\/wp\/v2\/media?parent=3043"}],"wp:term":[{"taxonomy":"category","embeddable":true,"href":"https:\/\/jedlicze.przemyska.pl\/index.php\/wp-json\/wp\/v2\/categories?post=3043"},{"taxonomy":"post_tag","embeddable":true,"href":"https:\/\/jedlicze.przemyska.pl\/index.php\/wp-json\/wp\/v2\/tags?post=3043"}],"curies":[{"name":"wp","href":"https:\/\/api.w.org\/{rel}","templated":true}]}}