{"id":3049,"date":"2024-03-16T19:00:34","date_gmt":"2024-03-16T18:00:34","guid":{"rendered":"https:\/\/jedlicze.przemyska.pl\/?p=3049"},"modified":"2024-03-16T10:31:19","modified_gmt":"2024-03-16T09:31:19","slug":"ogloszenia-duszpasterskie-v-niedziela-wielkiego-postu-17-marca","status":"publish","type":"post","link":"https:\/\/jedlicze.przemyska.pl\/index.php\/2024\/03\/16\/ogloszenia-duszpasterskie-v-niedziela-wielkiego-postu-17-marca\/","title":{"rendered":"Og\u0142oszenia duszpasterskie &#8211; V Niedziela Wielkiego Postu, 17 marca"},"content":{"rendered":"<p style=\"text-align: center;\"><strong>V Niedziela Wielkiego Postu, 17 marca 2024 r.<\/strong><\/p>\n<p style=\"text-align: center;\"><strong>Og\u0142oszenia duszpasterskie <\/strong><\/p>\n<ol>\n<li style=\"text-align: justify;\">Dzisiaj jeszcze o godz. <strong>15:30<\/strong> zapraszamy wszystkich na \u015bwiadectwo wielkopostne Ja\u015bka Meli, kt\u00f3ry jest najm\u0142odszym \u2013 niepe\u0142nosprawnym zdobywc\u0105 dw\u00f3ch biegun\u00f3w. Opowie on o cudach, kt\u00f3re dokona\u0142y si\u0119 w jego \u017cyciu. W zwi\u0105zku z tym spotkaniem, wyj\u0105tkowo <strong>Gorzkie \u017bale<\/strong> b\u0119d\u0105 zaraz po \u015bwiadectwie o godz. <strong>16:15. <\/strong>Adoracja krzy\u017ca przez dzieci. Za tydzie\u0144 krzy\u017c adorowa\u0107 wszyscy, ale szczeg\u00f3lnie zapraszamy tych, kt\u00f3rzy w tym roku jeszcze nie byli na Gorzkich \u017balach. W czasie nabo\u017ce\u0144stwa zbierana jest taca na kwiaty i dekoracje \u015bwi\u0105teczn\u0105. Przy tej okazji dzi\u0119kujemy mieszka\u0144com Por\u0119b za 300 z\u0142. na kwiaty.<\/li>\n<li style=\"text-align: justify;\">Dzisiejsza sk\u0142adka przeznaczona jest na Fundusz Inwestycyjny Parafii. Poza planowanymi pracami przy dachu ko\u015bcio\u0142a przygotowujemy si\u0119 do wykonania instalacji odgromowej na sygnaturce oraz zabezpieczenia i odnowienia rozety mi\u0119dzy wie\u017cami. B\u00f3g zap\u0142a\u0107 wszystkim ofiarodawcom. Szczeg\u00f3lnie dzi\u0119kujemy parafianinowi, kt\u00f3ry na ten cel z\u0142o\u017cy\u0142 10.000 z\u0142.<\/li>\n<li style=\"text-align: justify;\">Dzisiaj i jutro ostatnie dni nowenny przed uroczysto\u015bci\u0105 \u015bw. J\u00f3zefa. Dzisiaj podczas Gorzkich \u017bali, a jutro po Mszy wieczornej modlitwy nowennowe. We wtorek <strong>uroczysto\u015b\u0107 \u015bw. J\u00f3zefa<\/strong>. Msze \u015bw. o godz. <strong>6:30; 7:00, 9:00 i 18:00<\/strong>. Modlimy si\u0119 m.in. za ks. abpa J\u00f3zefa Michalika.<\/li>\n<li style=\"text-align: justify;\">W <strong>\u015brod\u0119<\/strong> nowenna do <strong>MB Nieustaj\u0105cej Pomocy<\/strong>, w <strong>czwartek<\/strong> o godz. 17:00 wystawienie Naj\u015bwi\u0119tszego Sakramentu, a o godz. 18:00 Msza \u015bw., w <strong>pi\u0105tek<\/strong> Droga Krzy\u017cowa o godz. <strong>16:30<\/strong> dla dzieci, o godz. <strong>17:15<\/strong> dla doros\u0142ych, o godz. <strong>19:30<\/strong> dla m\u0142odzie\u017cy.<\/li>\n<li style=\"text-align: justify;\"><strong>Spotkania formacyjne<\/strong>: <strong>poniedzia\u0142ek<\/strong> \u2013 rodzice kandydat\u00f3w do bierzmowania z klas VI i VII (w sali teatralnej), <strong>wtorek<\/strong> 17:00 \u2013 kandydaci na ministrant\u00f3w, a po Mszy \u015bw. wieczornej \u2013 grupa biblijna, <strong>\u015broda<\/strong> po Mszy wieczornej \u2013 Ministranci, <strong>czwartek<\/strong> \u2013 Akcja Katolicka.<\/li>\n<li style=\"text-align: justify;\">W <strong>pi\u0105tek<\/strong> od godz. <strong>9:30<\/strong> \u0141ukasz odwiedzi chorych z \u015bwi\u0105teczn\u0105 pos\u0142ug\u0105 sakramentaln\u0105. Odwiedzi jedynie chorych, kt\u00f3rzy nie przyst\u0119puj\u0105 do sakrament\u00f3w co miesi\u0105c. Prosimy o zg\u0142aszanie takich os\u00f3b w zakrystii.<\/li>\n<li style=\"text-align: justify;\">Za tydzie\u0144 niedziela Palmowa. Na ka\u017cdej Mszy \u015bw. po\u015bwi\u0119cenie palm. W czasie Mszy \u015bw. o godz. <strong>12:30<\/strong> obrz\u0119d po\u015bwi\u0119cenia palm rozpocznie si\u0119 przed ko\u015bcio\u0142em, po czym b\u0119dzie uroczyste wej\u015bcie z palmami do ko\u015bcio\u0142a. Szczeg\u00f3lnie prosimy dzieci o zgromadzenie si\u0119 przed ko\u015bcio\u0142em, aby potem utworzyli procesj\u0119.<\/li>\n<li style=\"text-align: justify;\">W wybranych sklepach wystawione s\u0105 kosze z logo Caritas, do kt\u00f3rych mo\u017cna sk\u0142ada\u0107 artyku\u0142y na \u015bwi\u0119ta dla potrzebuj\u0105cych parafian.<\/li>\n<li style=\"text-align: justify;\">W czwartek<strong>, 21 marca<\/strong> w godzinach <strong>15:00 \u2013 16:00<\/strong> w Domu Ludowym w D\u0142ugiem mo\u017cna b\u0119dzie wp\u0142aca\u0107 na budow\u0119 ko\u015bcio\u0142a filialnego w D\u0142ugiem \u2013 Por\u0119bach.<\/li>\n<li style=\"text-align: justify;\">Zach\u0119camy do udzia\u0142u w Marszu dla \u017bycia, jaki odb\u0119dzie si\u0119 w Markowej w sobot\u0119, 23 marca. Szczeg\u00f3\u0142y o miejscu i godzinie wyjazdu zostan\u0105 podane w \u015brod\u0119, dlatego prosimy zainteresowanych o podanie numeru kontaktowego.<\/li>\n<li style=\"text-align: justify;\">Przy ostatnich \u0142awkach wy\u0142o\u017cone s\u0105 krzy\u017cyki. Ofiara sk\u0142adana za nie jest wsparciem dla chrze\u015bcijan mieszkaj\u0105cych w Palestynie, a przez wojn\u0119 pozbawionych mo\u017cliwo\u015bci utrzymania rodzin.<\/li>\n<li style=\"text-align: justify;\">W niedziel\u0119, 24 marca w ramach Kro\u015bnie\u0144skich P\u00f3l Nadziei b\u0119dzie kwesta po Mszach \u015bw. Ofiary na Hospicjum w Kro\u015bnie zbiera\u0107 b\u0119d\u0105 dzieci i m\u0142odzie\u017c z naszych szk\u00f3\u0142.<\/li>\n<li style=\"text-align: justify;\">Do nabycia prasa katolicka <em>Go\u015b\u0107 Niedzielny, Niedziela i MAGAZYN Niedzieli<\/em>. Zach\u0119camy do czytania artyku\u0142\u00f3w religijnych. W <em>Go\u015bciu Niedzielnym<\/em> wyja\u015bnienie zwyczaj\u00f3w ostatnich dni Wielkiego Postu, albo o czci relikwii \u015bwi\u0119tych. W <em>Niedzieli<\/em> o powodach niech\u0119ci do \u017cycia przez m\u0142odych, o znaczeniu postu lub analiza zachowa\u0144 wynikaj\u0105cych z mowy nienawi\u015bci. W <em>MAGAZYNIE<\/em> pr\u00f3ba odpowiedzi na pytanie dlaczego Polska powinna obawia\u0107 si\u0119 Rosji, b\u0105d\u017a o herezjach na temat Eucharystii. Dost\u0119pna jest tak\u017ce Gazetka Parafialna ANTONI.<\/li>\n<li style=\"text-align: justify;\">W ubieg\u0142ym tygodniu do wieczno\u015bci odeszli \u015bp. Julian SZMYD z ul. Reja ur. w 1938 r., \u015bp. Ma\u0142gorzata BOREK z ul. Sikorskiego ur. w 1987 r. i \u015bp. Stanis\u0142aw BUDA z Por\u0119b ur. w 1958 r. (pogrzeb we wtorek). Polecajmy Zmar\u0142ych Bo\u017cemu Mi\u0142osierdziu: <em>Wieczne odpoczywanie..<\/em><\/li>\n<\/ol>\n","protected":false},"excerpt":{"rendered":"<p>V Niedziela Wielkiego Postu, 17 marca 2024 r. Og\u0142oszenia duszpasterskie Dzisiaj jeszcze o godz. 15:30 zapraszamy wszystkich na \u015bwiadectwo wielkopostne Ja\u015bka Meli, kt\u00f3ry jest najm\u0142odszym \u2013 niepe\u0142nosprawnym zdobywc\u0105 dw\u00f3ch biegun\u00f3w. Opowie on o cudach, kt\u00f3re dokona\u0142y si\u0119 w jego \u017cyciu. W zwi\u0105zku z tym spotkaniem, wyj\u0105tkowo Gorzkie \u017bale b\u0119d\u0105 zaraz po \u015bwiadectwie o godz. 16:15. [&hellip;]<\/p>\n","protected":false},"author":2,"featured_media":0,"comment_status":"closed","ping_status":"open","sticky":false,"template":"","format":"standard","meta":{"ngg_post_thumbnail":0},"categories":[16,18,17],"tags":[],"_links":{"self":[{"href":"https:\/\/jedlicze.przemyska.pl\/index.php\/wp-json\/wp\/v2\/posts\/3049"}],"collection":[{"href":"https:\/\/jedlicze.przemyska.pl\/index.php\/wp-json\/wp\/v2\/posts"}],"about":[{"href":"https:\/\/jedlicze.przemyska.pl\/index.php\/wp-json\/wp\/v2\/types\/post"}],"author":[{"embeddable":true,"href":"https:\/\/jedlicze.przemyska.pl\/index.php\/wp-json\/wp\/v2\/users\/2"}],"replies":[{"embeddable":true,"href":"https:\/\/jedlicze.przemyska.pl\/index.php\/wp-json\/wp\/v2\/comments?post=3049"}],"version-history":[{"count":3,"href":"https:\/\/jedlicze.przemyska.pl\/index.php\/wp-json\/wp\/v2\/posts\/3049\/revisions"}],"predecessor-version":[{"id":3052,"href":"https:\/\/jedlicze.przemyska.pl\/index.php\/wp-json\/wp\/v2\/posts\/3049\/revisions\/3052"}],"wp:attachment":[{"href":"https:\/\/jedlicze.przemyska.pl\/index.php\/wp-json\/wp\/v2\/media?parent=3049"}],"wp:term":[{"taxonomy":"category","embeddable":true,"href":"https:\/\/jedlicze.przemyska.pl\/index.php\/wp-json\/wp\/v2\/categories?post=3049"},{"taxonomy":"post_tag","embeddable":true,"href":"https:\/\/jedlicze.przemyska.pl\/index.php\/wp-json\/wp\/v2\/tags?post=3049"}],"curies":[{"name":"wp","href":"https:\/\/api.w.org\/{rel}","templated":true}]}}