{"id":3232,"date":"2024-05-25T19:00:20","date_gmt":"2024-05-25T17:00:20","guid":{"rendered":"https:\/\/jedlicze.przemyska.pl\/?p=3232"},"modified":"2024-05-25T08:17:23","modified_gmt":"2024-05-25T06:17:23","slug":"ogloszenia-duszpasterskie-uroczystosc-trojcy-przenajswietszej-26-maja","status":"publish","type":"post","link":"https:\/\/jedlicze.przemyska.pl\/index.php\/2024\/05\/25\/ogloszenia-duszpasterskie-uroczystosc-trojcy-przenajswietszej-26-maja\/","title":{"rendered":"Og\u0142oszenia duszpasterskie &#8211; Uroczysto\u015b\u0107 Tr\u00f3jcy Przenaj\u015bwi\u0119tszej, 26 maja"},"content":{"rendered":"<p style=\"text-align: center;\"><strong>Uroczysto\u015b\u0107 Tr\u00f3jcy Przenaj\u015bwi\u0119tszej, 26 maja 2024 r.<\/strong><\/p>\n<p style=\"text-align: center;\"><strong>Og\u0142oszenia duszpasterskie <\/strong><\/p>\n<p style=\"text-align: justify;\">&nbsp;<\/p>\n<ol>\n<li style=\"text-align: justify;\">Dzisiaj w naszej parafii Rocznica I Komunii \u015bw. Modlimy si\u0119 za dzieci i ich rodziny, a szczeg\u00f3lnie za mamy w Dniu ich \u015bwi\u0119ta.<\/li>\n<li style=\"text-align: justify;\">Dzisiaj <strong>nabo\u017ce\u0144stwo majowe<\/strong> o godz. 17:30. W tygodniu maj\u00f3wka<strong> po Mszy \u015bw. wieczornej<\/strong> z wyj\u0105tkiem czwartku i niedzieli (o godz. 17:30). W tym tygodniu ko\u0144cz\u0105 si\u0119 nabo\u017ce\u0144stwa majowe. Od soboty nabo\u017ce\u0144stwo czerwcowe.<\/li>\n<li style=\"text-align: justify;\"><strong>Spotkania formacyjne:<\/strong> <strong>we wtorek <\/strong>o godz. 17:00 kandydaci na ministrant\u00f3w, a po Mszy wieczornej Kr\u0105g Biblijny, w <strong>\u015brod\u0119<\/strong> \u2013 ministranci, w <strong>pi\u0105tek<\/strong> po wieczornym nabo\u017ce\u0144stwie <strong>katecheza chrzcielna<\/strong>, na kt\u00f3r\u0105 zapraszamy rodzic\u00f3w i chrzestnych planuj\u0105cych w najbli\u017cszym czasie chrzest dziecka.<\/li>\n<li style=\"text-align: justify;\">W <strong>czwartek<\/strong> uroczysto\u015b\u0107 Naj\u015bwi\u0119tszego Cia\u0142a i Krwi Chrystusa &#8211; Bo\u017ce Cia\u0142o. Msze \u015bw. o godz. 7:00; 9:00 i <strong>11:00<\/strong>, po kt\u00f3rej b\u0119dzie <strong>procesja<\/strong> przez rynek naszego miasta. Wieczorem Msza \u015bw. o godz. 18:00 z procesj\u0105 wok\u00f3\u0142 ko\u015bcio\u0142a. Zazwyczaj do przygotowania o\u0142tarzy zg\u0142asza si\u0119 kilka, tych samych os\u00f3b, jednak prosimy, aby wszyscy mieszka\u0144cy z poszczeg\u00f3lnych rejon\u00f3w poczuli si\u0119 zobowi\u0105zani do udzia\u0142u w tym wydarzeniu. Je\u015bli kto\u015b, z r\u00f3\u017cnych wzgl\u0119d\u00f3w nie mo\u017ce pomaga\u0107 przy robieniu o\u0142tarza to przynajmniej powinien z\u0142o\u017cy\u0107 ofiar\u0119 na kwiaty lub potrzebne akcesoria. Ofiary, jakie zostan\u0105 po zrobieniu dekoracji b\u0119d\u0105 przekazane na zakup kwiat\u00f3w do dekorowania ko\u015bcio\u0142a w ci\u0105gu roku. Ofiary mo\u017cna sk\u0142ada\u0107 u os\u00f3b z rejon\u00f3w odpowiedzialnych za o\u0142tarze lub do skarbony \u201eOfiara na Ko\u015bci\u00f3\u0142\u201d (przy ostatniej \u0142awce). W <strong>\u015brod\u0119<\/strong> po wieczornym nabo\u017ce\u0144stwie b\u0119dzie pr\u00f3ba dla dzieci sypi\u0105cych kwiaty. Zapraszamy rodzic\u00f3w z dzie\u0107mi. Prosimy przygotowa\u0107 o\u0142tarze na procesj\u0119 g\u0142\u00f3wn\u0105:\n<ol>\n<li>Przy pomniku &#8211; mieszka\u0144cy M\u0119cinki, Chlebnej i Kr\u0119g\u00f3w Rodzin;<\/li>\n<li>Przy aptece &#8211; Caritas oraz mieszka\u0144cy ul. \u0141ukasiewicza i Tokarskich (do Borku);<\/li>\n<li>Przy bramie wikar\u00f3wki &#8211; POAK, KSM, mieszka\u0144cy D\u0142ugiego i ulic od Sienkiewicza;<\/li>\n<li>Przy krzy\u017cu misyjnym &#8211; mieszka\u0144cy ulic za torami i Ko\u0142o Przyjaci\u00f3\u0142 Radia Maryja.<\/li>\n<\/ol>\n<\/li>\n<li>W <strong>sobot\u0119<\/strong> zapraszamy na kolejne <strong>nabo\u017ce\u0144stwo fatimskie<\/strong>. Msza \u015bw. o godz. <strong>18:00<\/strong>, a p\u00f3\u017aniej r\u00f3\u017caniec i procesja maryjna.<\/li>\n<li style=\"text-align: justify;\">Dzi\u0119kujemy za ofiary z ubieg\u0142ej niedzieli na Fundusz Inwestycyjny Parafii. Ofiarodawcom sk\u0142adaj\u0105cym pieni\u0105dze na tac\u0119 i wp\u0142acaj\u0105cym na konto B\u00f3g zap\u0142a\u0107. W \u015brod\u0119, 29 maja w godzinach 16:00 \u2013 18:00 w Domu Ludowym w D\u0142ugiem mo\u017cna wp\u0142aca\u0107 na budow\u0119 ko\u015bcio\u0142a filialnego. W najbli\u017cszym czasie ko\u0144czone b\u0119dzie odgromienie tamtego budynku.<\/li>\n<li style=\"text-align: justify;\"><strong>9 czerwca<\/strong> odb\u0119dzie si\u0119 Piknik Parafialny. W <strong>\u015brod\u0119<\/strong> po Mszy \u015bw. wieczornej w&nbsp; domu katechetycznym odb\u0119dzie si\u0119 kolejne spotkanie dotycz\u0105ce organizacji <strong>Pikniku Parafialnego<\/strong>, zapraszamy ch\u0119tnych do przygotowania tego wydarzenia. Jedn\u0105 z atrakcji piknikowych s\u0105 fanty, ale ich jako\u015b\u0107 i ilo\u015b\u0107 zale\u017cy od naszej hojno\u015bci. Prosimy zatem darczy\u0144c\u00f3w przedmiot\u00f3w na fanty o przynoszenie ich do zakrystii. Ponadto ju\u017c dzi\u015b zwracamy si\u0119 z pro\u015bb\u0105 nie tylko do cz\u0142onk\u00f3w grup duszpasterskich, ale wszystkich parafian o upieczenie plack\u00f3w ciesz\u0105cych si\u0119 popularno\u015bci\u0105 w trakcie pikniku.<\/li>\n<li style=\"text-align: justify;\">KSM organizuje wyjazd na koncert chrze\u015bcija\u0144ski Jednego Serca Jednego Ducha w Bo\u017ce Cia\u0142o do Rzeszowa. Planowany wyjazd o godz. 16.00 powr\u00f3t do Jedlicza oko\u0142o 23.00. Odpowiedni formularz do odbioru z zakrystii.<\/li>\n<li style=\"text-align: justify;\">W dniach 17-24.08.2024 r. planowana jest pielgrzymka do Medjugorie i okolic. Zapisy u ks. Tomasza. Wi\u0119cej informacji o obu wyjazdach na plakacie w gablocie i w gazetce parafialnej Antoni.<\/li>\n<li style=\"text-align: justify;\">W <strong>\u015brod\u0119<\/strong>, 29 maja o godz. <strong>10:30<\/strong> z parkingu przy ko\u015bciele zostan\u0105 zabrane <strong>elektro\u015bmieci<\/strong>. Osoby zainteresowane zbyciem starych sprz\u0119t\u00f3w elektronicznych i AGD mog\u0105 dostarczy\u0107 je wieczorem we wtorek lub w \u015brod\u0119 rano. Ze wzgl\u0119du na prowadzone prace budowlane przy ko\u015bciele prosimy nie zastawia\u0107 bramy, a przywiezione sprz\u0119ty sk\u0142ada\u0107 w rogu parkingu na wysoko\u015bci zakrystii. Doch\u00f3d z tegorocznej zbi\u00f3rki przeznaczony jest na pomoc naszemu przemyskiemu ksi\u0119dzu pracuj\u0105cemu w Kazachstanie.<\/li>\n<li style=\"text-align: justify;\">Rada Rodzic\u00f3w SP w Jedliczu zaprasza na Piknik Rodzinny z okazji Dnia Matki i Dnia dziecka, kt\u00f3ry odb\u0119dzie si\u0119 dzisiaj. Szczeg\u00f3\u0142y na plakatach i stronie internetowej szko\u0142y.<\/li>\n<li style=\"text-align: justify;\">Do nabycia prasa katolicka: <em>Niedziela, Go\u015b\u0107 Niedzielny<\/em> i <em>Go\u015b\u0107 Ekstra. <\/em>W <em>Niedzieli <\/em>na temat polskich obchod\u00f3w Bo\u017cego Cia\u0142a, na temat nowego dokumentu Ko\u015bcio\u0142a o objawieniach oraz o MB Wspomo\u017ceniu Wiernych. W <em>Go\u015bciu Niedzielnym <\/em>o zmianach w Ko\u015bciele w zwi\u0105zku z nowymi wytycznymi dotycz\u0105cymi orzekania o zjawiskach nadprzyrodzonych, na temat tajemnicy Tr\u00f3jcy \u015awi\u0119tej, albo o nieprzemijaj\u0105cej warto\u015bci nauczania Jana Paw\u0142a II. W <em>Go\u015bciu Ekstra<\/em> o \u015bwi\u0119tych matkach, m.in. dlaczego \u015bw. Jadwiga zosta\u0142a patronk\u0105 matek, kt\u00f3re utraci\u0142y dzieci. Dost\u0119pna jest te\u017c gazetka parafialna ANTONI.<\/li>\n<li style=\"text-align: justify;\">W zakrystii dost\u0119pny jest album po\u015bwi\u0119cony b\u0142. Rodzinie Ulm\u00f3w. To 255-stronicowa pozycja bogata w tre\u015b\u0107 i fotografie. Cena 100 z\u0142 stanowi cegie\u0142k\u0119 na budow\u0119 i dzia\u0142alno\u015b\u0107 Centrum Dziedzictwa im. B\u0142ogos\u0142awionej Rodziny Ulm\u00f3w w Markowej.<\/li>\n<li style=\"text-align: justify;\">W ubieg\u0142ym tygodniu do wieczno\u015bci odszed\u0142 \u015bp. Robert Tomkiewicz z Chlebnej ur. w 1972 r. (pogrzeb w \u015brod\u0119). Polecajmy Zmar\u0142ego Bo\u017cemu Mi\u0142osierdziu: <em>Wieczne odpoczywanie&#8230;<\/em><\/li>\n<\/ol>\n","protected":false},"excerpt":{"rendered":"<p>Uroczysto\u015b\u0107 Tr\u00f3jcy Przenaj\u015bwi\u0119tszej, 26 maja 2024 r. Og\u0142oszenia duszpasterskie &nbsp; Dzisiaj w naszej parafii Rocznica I Komunii \u015bw. Modlimy si\u0119 za dzieci i ich rodziny, a szczeg\u00f3lnie za mamy w Dniu ich \u015bwi\u0119ta. Dzisiaj nabo\u017ce\u0144stwo majowe o godz. 17:30. W tygodniu maj\u00f3wka po Mszy \u015bw. wieczornej z wyj\u0105tkiem czwartku i niedzieli (o godz. 17:30). W [&hellip;]<\/p>\n","protected":false},"author":2,"featured_media":0,"comment_status":"closed","ping_status":"open","sticky":false,"template":"","format":"standard","meta":{"ngg_post_thumbnail":0},"categories":[16,18,17],"tags":[],"_links":{"self":[{"href":"https:\/\/jedlicze.przemyska.pl\/index.php\/wp-json\/wp\/v2\/posts\/3232"}],"collection":[{"href":"https:\/\/jedlicze.przemyska.pl\/index.php\/wp-json\/wp\/v2\/posts"}],"about":[{"href":"https:\/\/jedlicze.przemyska.pl\/index.php\/wp-json\/wp\/v2\/types\/post"}],"author":[{"embeddable":true,"href":"https:\/\/jedlicze.przemyska.pl\/index.php\/wp-json\/wp\/v2\/users\/2"}],"replies":[{"embeddable":true,"href":"https:\/\/jedlicze.przemyska.pl\/index.php\/wp-json\/wp\/v2\/comments?post=3232"}],"version-history":[{"count":3,"href":"https:\/\/jedlicze.przemyska.pl\/index.php\/wp-json\/wp\/v2\/posts\/3232\/revisions"}],"predecessor-version":[{"id":3235,"href":"https:\/\/jedlicze.przemyska.pl\/index.php\/wp-json\/wp\/v2\/posts\/3232\/revisions\/3235"}],"wp:attachment":[{"href":"https:\/\/jedlicze.przemyska.pl\/index.php\/wp-json\/wp\/v2\/media?parent=3232"}],"wp:term":[{"taxonomy":"category","embeddable":true,"href":"https:\/\/jedlicze.przemyska.pl\/index.php\/wp-json\/wp\/v2\/categories?post=3232"},{"taxonomy":"post_tag","embeddable":true,"href":"https:\/\/jedlicze.przemyska.pl\/index.php\/wp-json\/wp\/v2\/tags?post=3232"}],"curies":[{"name":"wp","href":"https:\/\/api.w.org\/{rel}","templated":true}]}}