{"id":3239,"date":"2024-06-01T19:00:20","date_gmt":"2024-06-01T17:00:20","guid":{"rendered":"https:\/\/jedlicze.przemyska.pl\/?p=3239"},"modified":"2024-06-02T22:58:14","modified_gmt":"2024-06-02T20:58:14","slug":"ogloszenia-duszpasterskie-ix-niedziela-zwykla-2-czerwca","status":"publish","type":"post","link":"https:\/\/jedlicze.przemyska.pl\/index.php\/2024\/06\/01\/ogloszenia-duszpasterskie-ix-niedziela-zwykla-2-czerwca\/","title":{"rendered":"Og\u0142oszenia duszpasterskie &#8211; IX Niedziela zwyk\u0142a, 2 czerwca"},"content":{"rendered":"<p style=\"text-align: center;\"><strong>IX Niedziela zwyk\u0142a, 2 czerwca 2024 r.<\/strong><\/p>\n<p style=\"text-align: center;\"><strong>Og\u0142oszenia duszpasterskie <\/strong><\/p>\n<ol>\n<li style=\"text-align: justify;\">Dzisiaj niedziela adoracyjna. Za moment wystawienie Naj\u015bwi\u0119tszego Sakramentu i kr\u00f3tka modlitwa. Zmiana tajemnic r\u00f3\u017ca\u0144cowych. Sk\u0142adka przeznaczona na WSD w Przemy\u015blu.<\/li>\n<li style=\"text-align: justify;\">Trwa oktawa Bo\u017cego Cia\u0142a. Codziennie zapraszamy do udzia\u0142u w Mszy \u015bw. wieczornej z procesj\u0105 eucharystyczn\u0105. <strong>Dzisiaj<\/strong> wystawienie Naj\u015bwi\u0119tszego Sakramentu, litania do Serca Pana Jezusa i <strong>procesja<\/strong> o godz. <strong>17:30<\/strong>. Szczeg\u00f3lnie gor\u0105co zapraszamy rodzic\u00f3w wraz z dzieci, kt\u00f3re u\u015bwietniaj\u0105 procesje sypaniem kwiat\u00f3w i dzwonieniem dzwonkami.<\/li>\n<li style=\"text-align: justify;\">Codziennie zapraszamy na <strong>nabo\u017ce\u0144stwa do Serca Pana Jezusa<\/strong>. W tygodniu Litania <strong>po Mszy \u015bw. wieczornej<\/strong>, a w niedziel\u0119 o godz. 17:30. We <strong>wtorek <\/strong>nowenna do \u015bw. Antoniego, w <strong>\u015brod\u0119<\/strong> do MB Nieustaj\u0105cej Pomocy.<\/li>\n<li style=\"text-align: justify;\">W <strong>czwartek<\/strong> zako\u0144czenie oktawy Bo\u017cego Cia\u0142a, po nabo\u017ce\u0144stwie <strong>b\u0142ogos\u0142awienie<\/strong> <strong>dzieci<\/strong> i po\u015bwi\u0119cenie wiank\u00f3w na Mszy \u015bw. wieczornej. Nie b\u0119dzie popo\u0142udniowej adoracji, gdy\u017c wystawienie Naj\u015bw. Sakramentu b\u0119dzie po Mszy \u015bw. i procesja eucharystyczna.<\/li>\n<li style=\"text-align: justify;\">W <strong>pi\u0105tek<\/strong> uroczysto\u015b\u0107 <strong>Naj\u015bwi\u0119tszego Serca Pana Jezusa<\/strong>, a w sobot\u0119 wspomnienie Niepokalanego Serca Maryi. W <strong>pi\u0105tek<\/strong> z racji na uroczysto\u015b\u0107 <strong>kancelaria nieczynna<\/strong>. W tym dniu nie obowi\u0105zuje wstrzemi\u0119\u017aliwo\u015b\u0107 od pokarm\u00f3w mi\u0119snych. Jest to I pi\u0105tek miesi\u0105ca. Przypominamy zw\u0142aszcza dzieciom komunijnym o obchodzeniu pierwszych pi\u0105tk\u00f3w, kt\u00f3rych istot\u0105 jest przyj\u0119cie Komunii \u015bw. wynagradzaj\u0105cej Sercu Pana Jezusa w tym w\u0142a\u015bnie dniu. <strong>Spowied\u017a<\/strong> w pi\u0105tek od godz. <strong>6:00 <\/strong>do<strong> 7:00<\/strong> i po po\u0142udniu <strong>od 16:30<\/strong>. Od godz. <strong>9:30<\/strong> \u0141ukasz odwiedzi <strong>chorych<\/strong> z pos\u0142ug\u0105 sakramentaln\u0105. Prosimy zg\u0142asza\u0107 chorych w zakrystii.<\/li>\n<li style=\"text-align: justify;\"><strong>Spotkania formacyjne<\/strong>: we <strong>wtorek<\/strong> po wieczornym nabo\u017ce\u0144stwie Kr\u0105g Biblijny, a w domu katechetycznym kolejne spotkanie organizacyjne przed piknikiem parafialnym, w <strong>\u015brod\u0119<\/strong> \u2013 ministranci, w <strong>czwartek<\/strong> \u2013 Akcja Katolicka.<\/li>\n<li style=\"text-align: justify;\">Za tydzie\u0144 w niedziel\u0119<strong> 9 czerwca <\/strong>o godz. <strong>14:00<\/strong> rozpocznie si\u0119 Piknik Parafialny. Wszystkich, kt\u00f3rzy upiek\u0105 placki prosimy o dostarczenie do punktu katechetycznego w niedziel\u0119 do godz. 12:00. Osoby nie maj\u0105ce transportu, a gotowe przekaza\u0107 wypieki prosimy o pozostawienie do siebie kontaktu w zakrystii. Zaplanowano wiele atrakcji kulturalnych, sportowych i kulinarnych zar\u00f3wno dla dzieci, jak i doros\u0142ych. Do udzia\u0142u w Pikniku gor\u0105co zapraszamy parafian i go\u015bci.<\/li>\n<li style=\"text-align: justify;\">Do nabycia prasa katolicka: <em>Niedziela, Go\u015b\u0107 Niedzielny<\/em> i <em>Go\u015b\u0107 Ekstra. <\/em>W <em>Niedzieli <\/em>warto przeczyta\u0107 o tym komu zale\u017cy na upadku Europy, art. na 45-lecie pierwszej pielgrzymki papieskiej do Polski lub o Niepokalanym Sercu Maryi. W <em>Go\u015bciu Niedzielnym <\/em>o czym \u015bwiadczy wzywanie do usuwania krzy\u017cy z przestrzeni publicznej, jak wygl\u0105da\u0142a Eucharystia pierwszych chrze\u015bcijan oraz kiedy i w jakich okoliczno\u015bciach chrze\u015bcijanie zacz\u0119li adorowa\u0107 Naj\u015bwi\u0119tszy Sakrament w monstrancji. W <em>Go\u015bciu Extra <\/em>min. co \u0142\u0105czy\u0142o matk\u0119 o. Maksymiliana Kolbe z Emili\u0105 Wojty\u0142\u0105 i Mariann\u0105 Popie\u0142uszko, oraz jak \u015bw. Kr\u00f3lowa Jadwiga zosta\u0142a patronk\u0105 matek, kt\u00f3re utraci\u0142y dziecko. Dost\u0119pna jest te\u017c gazetka parafialna ANTONI.<\/li>\n<li style=\"text-align: justify;\">W zakrystii dost\u0119pny jest album po\u015bwi\u0119cony b\u0142. Rodzinie Ulm\u00f3w. To 255-stronicowa pozycja bogata w tre\u015b\u0107 i fotografie. Cena 100 z\u0142 stanowi cegie\u0142k\u0119 na budow\u0119 i dzia\u0142alno\u015b\u0107 Centrum Dziedzictwa im. B\u0142ogos\u0142awionej Rodziny Ulm\u00f3w w Markowej.<\/li>\n<li style=\"text-align: justify;\">W ubieg\u0142ym tygodniu do wieczno\u015bci odeszli \u015bp. Maria WIKLOWSKA z D\u0142ugiego ur. w 1949 r. oraz Roman KUDRO\u0143 z ul. \u017beromskiego ur. w 1931 r. (pogrzeb we wtorek). Polecajmy Zmar\u0142ych Bo\u017cemu Mi\u0142osierdziu <em>Wieczne odpoczywanie&#8230;<\/em><\/li>\n<\/ol>\n","protected":false},"excerpt":{"rendered":"<p>IX Niedziela zwyk\u0142a, 2 czerwca 2024 r. Og\u0142oszenia duszpasterskie Dzisiaj niedziela adoracyjna. Za moment wystawienie Naj\u015bwi\u0119tszego Sakramentu i kr\u00f3tka modlitwa. Zmiana tajemnic r\u00f3\u017ca\u0144cowych. Sk\u0142adka przeznaczona na WSD w Przemy\u015blu. Trwa oktawa Bo\u017cego Cia\u0142a. Codziennie zapraszamy do udzia\u0142u w Mszy \u015bw. wieczornej z procesj\u0105 eucharystyczn\u0105. Dzisiaj wystawienie Naj\u015bwi\u0119tszego Sakramentu, litania do Serca Pana Jezusa i procesja [&hellip;]<\/p>\n","protected":false},"author":2,"featured_media":0,"comment_status":"closed","ping_status":"open","sticky":false,"template":"","format":"standard","meta":{"ngg_post_thumbnail":0},"categories":[16,18,17],"tags":[],"_links":{"self":[{"href":"https:\/\/jedlicze.przemyska.pl\/index.php\/wp-json\/wp\/v2\/posts\/3239"}],"collection":[{"href":"https:\/\/jedlicze.przemyska.pl\/index.php\/wp-json\/wp\/v2\/posts"}],"about":[{"href":"https:\/\/jedlicze.przemyska.pl\/index.php\/wp-json\/wp\/v2\/types\/post"}],"author":[{"embeddable":true,"href":"https:\/\/jedlicze.przemyska.pl\/index.php\/wp-json\/wp\/v2\/users\/2"}],"replies":[{"embeddable":true,"href":"https:\/\/jedlicze.przemyska.pl\/index.php\/wp-json\/wp\/v2\/comments?post=3239"}],"version-history":[{"count":2,"href":"https:\/\/jedlicze.przemyska.pl\/index.php\/wp-json\/wp\/v2\/posts\/3239\/revisions"}],"predecessor-version":[{"id":3242,"href":"https:\/\/jedlicze.przemyska.pl\/index.php\/wp-json\/wp\/v2\/posts\/3239\/revisions\/3242"}],"wp:attachment":[{"href":"https:\/\/jedlicze.przemyska.pl\/index.php\/wp-json\/wp\/v2\/media?parent=3239"}],"wp:term":[{"taxonomy":"category","embeddable":true,"href":"https:\/\/jedlicze.przemyska.pl\/index.php\/wp-json\/wp\/v2\/categories?post=3239"},{"taxonomy":"post_tag","embeddable":true,"href":"https:\/\/jedlicze.przemyska.pl\/index.php\/wp-json\/wp\/v2\/tags?post=3239"}],"curies":[{"name":"wp","href":"https:\/\/api.w.org\/{rel}","templated":true}]}}