{"id":3293,"date":"2024-07-06T19:00:10","date_gmt":"2024-07-06T17:00:10","guid":{"rendered":"https:\/\/jedlicze.przemyska.pl\/?p=3293"},"modified":"2024-07-06T19:28:36","modified_gmt":"2024-07-06T17:28:36","slug":"ogloszenia-duszpasterskie-xiv-niedziela-zwykla-7-lipca","status":"publish","type":"post","link":"https:\/\/jedlicze.przemyska.pl\/index.php\/2024\/07\/06\/ogloszenia-duszpasterskie-xiv-niedziela-zwykla-7-lipca\/","title":{"rendered":"Og\u0142oszenia duszpasterskie &#8211; XIV Niedziela zwyk\u0142a, 7 lipca"},"content":{"rendered":"<blockquote>\n<p style=\"text-align: center;\"><strong>Og\u0142oszenia duszpasterskie<span class=\"Apple-converted-space\">&nbsp;<\/span><\/strong><\/p>\n<\/blockquote>\n<p style=\"text-align: center;\">XIV Niedziela zwyk\u0142a, 7 lipca 2024 r.<\/p>\n<ol>\n<li style=\"text-align: justify;\">Dzisiaj niedziela adoracyjna. Za moment wystawienie Naj\u015bwi\u0119tszego Sakramentu i kr\u00f3tka modlitwa. Po Mszach o godz. 7:00 i 11:00 zmiana tajemnic r\u00f3\u017ca\u0144cowych, a sk\u0142adka na WSD w Przemy\u015blu.<span class=\"Apple-converted-space\"> Dzisiaj jest liturgiczne wspomnienie b\u0142. Rodziny Ulm\u00f3w. M\u00f3dlmy si\u0119 w intencji naszych rodzin i archidiecezji.&nbsp;<\/span><\/li>\n<li style=\"text-align: justify;\">Przypominamy, \u017ce na wakacjach w niedziele nie ma Mszy \u015bw. o godz. 12:30 a w tygodniu o 6:30.<\/li>\n<li style=\"text-align: justify;\">Zgodnie z wcze\u015bniejsz\u0105 zapowiedzi\u0105 dzisiaj po Mszach \u015bw. KSM organizuje akcj\u0119 \u201eNiedziela Dzie\u0144 rado\u015bci zapraszamy na s\u0142odko\u015bci\u201d. W ramach akcji mo\u017cna naby\u0107 ciasta do niedzielnej kawy. Dobrowolne ofiary zasil\u0105 fundusz wakacyjny KSM-u i mo\u017cliwo\u015b\u0107 wyjazdu wypoczynkowego.<span class=\"Apple-converted-space\">&nbsp;<\/span><\/li>\n<li style=\"text-align: justify;\">Jutro wypada wspomnienie \u015bw. Jana z Dukli, patrona naszej archidiecezji.&nbsp;<\/li>\n<li style=\"text-align: justify;\">We wtorek nowenna do \u015bw. Antoniego, w \u015brod\u0119 do MB Nieustaj\u0105cej Pomocy. W czwartek od godz. 17:00 wystawienie Naj\u015bwi\u0119tszego Sakramentu, a godz. 18:00 Msza \u015bw.<\/li>\n<li style=\"text-align: justify;\">Do nabycia prasa katolicka: Niedziela i Go\u015b\u0107 Niedzielny. Dost\u0119pna jest te\u017c gazetka parafialna ANTONI.<\/li>\n<\/ol>\n","protected":false},"excerpt":{"rendered":"<p>Og\u0142oszenia duszpasterskie&nbsp; XIV Niedziela zwyk\u0142a, 7 lipca 2024 r. Dzisiaj niedziela adoracyjna. Za moment wystawienie Naj\u015bwi\u0119tszego Sakramentu i kr\u00f3tka modlitwa. Po Mszach o godz. 7:00 i 11:00 zmiana tajemnic r\u00f3\u017ca\u0144cowych, a sk\u0142adka na WSD w Przemy\u015blu. Dzisiaj jest liturgiczne wspomnienie b\u0142. Rodziny Ulm\u00f3w. M\u00f3dlmy si\u0119 w intencji naszych rodzin i archidiecezji.&nbsp; Przypominamy, \u017ce na wakacjach [&hellip;]<\/p>\n","protected":false},"author":2,"featured_media":0,"comment_status":"closed","ping_status":"open","sticky":false,"template":"","format":"standard","meta":{"ngg_post_thumbnail":0},"categories":[16,18,17],"tags":[],"_links":{"self":[{"href":"https:\/\/jedlicze.przemyska.pl\/index.php\/wp-json\/wp\/v2\/posts\/3293"}],"collection":[{"href":"https:\/\/jedlicze.przemyska.pl\/index.php\/wp-json\/wp\/v2\/posts"}],"about":[{"href":"https:\/\/jedlicze.przemyska.pl\/index.php\/wp-json\/wp\/v2\/types\/post"}],"author":[{"embeddable":true,"href":"https:\/\/jedlicze.przemyska.pl\/index.php\/wp-json\/wp\/v2\/users\/2"}],"replies":[{"embeddable":true,"href":"https:\/\/jedlicze.przemyska.pl\/index.php\/wp-json\/wp\/v2\/comments?post=3293"}],"version-history":[{"count":5,"href":"https:\/\/jedlicze.przemyska.pl\/index.php\/wp-json\/wp\/v2\/posts\/3293\/revisions"}],"predecessor-version":[{"id":3298,"href":"https:\/\/jedlicze.przemyska.pl\/index.php\/wp-json\/wp\/v2\/posts\/3293\/revisions\/3298"}],"wp:attachment":[{"href":"https:\/\/jedlicze.przemyska.pl\/index.php\/wp-json\/wp\/v2\/media?parent=3293"}],"wp:term":[{"taxonomy":"category","embeddable":true,"href":"https:\/\/jedlicze.przemyska.pl\/index.php\/wp-json\/wp\/v2\/categories?post=3293"},{"taxonomy":"post_tag","embeddable":true,"href":"https:\/\/jedlicze.przemyska.pl\/index.php\/wp-json\/wp\/v2\/tags?post=3293"}],"curies":[{"name":"wp","href":"https:\/\/api.w.org\/{rel}","templated":true}]}}