{"id":3357,"date":"2024-08-31T19:00:08","date_gmt":"2024-08-31T17:00:08","guid":{"rendered":"https:\/\/jedlicze.przemyska.pl\/?p=3357"},"modified":"2024-08-31T07:31:18","modified_gmt":"2024-08-31T05:31:18","slug":"ogloszenia-duszpasterskie-xxii-niedziela-zwykla-1-wrzesnia","status":"publish","type":"post","link":"https:\/\/jedlicze.przemyska.pl\/index.php\/2024\/08\/31\/ogloszenia-duszpasterskie-xxii-niedziela-zwykla-1-wrzesnia\/","title":{"rendered":"Og\u0142oszenia duszpasterskie &#8211; XXII Niedziela zwyk\u0142a, 1 wrze\u015bnia"},"content":{"rendered":"<p style=\"text-align: center;\"><strong>XXII Niedziela zwyk\u0142a, 1 wrze\u015bnia 2024 r.<\/strong><\/p>\n<p style=\"text-align: center;\"><strong>Og\u0142oszenia duszpasterskie <\/strong><\/p>\n<p style=\"text-align: justify;\">&nbsp;<\/p>\n<ol>\n<li style=\"text-align: justify;\">Dzisiaj zmiana tajemnic r\u00f3\u017ca\u0144cowych, a taca przeznaczona na WSD w Przemy\u015blu.<\/li>\n<li style=\"text-align: justify;\">Od jutra wracaj\u0105 Msze \u015bw. poranne <strong>w tygodniu<\/strong> o godz. <strong>6:30<\/strong> oraz <strong>niedzielne<\/strong> Msze \u015bw. dla dzieci o godz. <strong>12:30<\/strong>.<\/li>\n<li style=\"text-align: justify;\">Jutro, w <strong>poniedzia\u0142ek<\/strong> rozpocz\u0119cie nowego roku szkolnego. Dyrekcje, grono pedagogiczne, rodzic\u00f3w i uczni\u00f3w zapraszamy na godz. <strong>8:00<\/strong> do ko\u015bcio\u0142a na <strong>Msz\u0119 \u015bw<\/strong>. A <strong>wieczorem<\/strong> po Mszy \u015bw. odb\u0119dzie si\u0119 spotkanie A<strong>kcji Katolickiej<\/strong>.<\/li>\n<li style=\"text-align: justify;\">We <strong>wtorek <\/strong>nowenna do \u015bw. Antoniego, w <strong>\u015brod\u0119<\/strong> do MB Nieustaj\u0105cej Pomocy, w <strong>czwartek<\/strong> o godz. 17:00 wystawienie Naj\u015bwi\u0119tszego Sakramentu, o godz. 18:00 Msza \u015bw.<\/li>\n<li style=\"text-align: justify;\">W tym tygodniu wypada pierwszy czwartek, pi\u0105tek i sobota miesi\u0105ca. W czwartek modlimy si\u0119 za powo\u0142anych i o nowe powo\u0142ania. Mo\u017cna skorzysta\u0107 ze spowiedzi podczas adoracji od godz. 17:00.<\/li>\n<li style=\"text-align: justify;\">W <strong>pi\u0105tek<\/strong> spowied\u017a od godz. <strong>6:00<\/strong> do <strong>7:00<\/strong> oraz po po\u0142udniu od godz. <strong>16:30<\/strong>. Ksi\u0105dz \u0141ukasz odwiedzi chorych z pos\u0142ug\u0105 sakramentaln\u0105 od godz. 10:15.<\/li>\n<li style=\"text-align: justify;\">W <strong>sobot\u0119<\/strong>, 7 wrze\u015bnia o godz. <strong>9:00<\/strong> sprzed ko\u015bcio\u0142a wyruszy piesza <strong>pielgrzymka<\/strong> z naszej parafii <strong>do Tarnowca<\/strong>. Nasza grupa po\u0142\u0105czy si\u0119 z pielgrzymami z Krosna-Polanki. Zach\u0119camy do pielgrzymowania. R\u00f3wnie\u017c w <strong>sobot\u0119<\/strong> zapraszamy na <strong>nabo\u017ce\u0144stwo fatimskie<\/strong>. Msza \u015bw. o godz. <strong>18:00<\/strong>, a potem r\u00f3\u017caniec i procesja maryjna.<\/li>\n<li style=\"text-align: justify;\">W przysz\u0142\u0105 niedziel\u0119 wypada liturgiczne \u015bwi\u0119to Narodzenia NMP, z tej racji b\u0119dzie b\u0142ogos\u0142awienie ziarna dla rolnik\u00f3w na Mszy \u015bw. o godz. 7:00 i 9:00.<\/li>\n<li style=\"text-align: justify;\">Za tydzie\u0144 w <strong>Markowej<\/strong> Msz\u0105 \u015bw. o godz. <strong>15:00<\/strong> rozpocznie si\u0119 dzi\u0119kczynienie za beatyfikacj\u0119 Rodziny Ulm\u00f3w. Modlitwa i imprezy kulturalne zorganizowane s\u0105 w rocznic\u0119 beatyfikacji. Zach\u0119camy do indywidualnego wyjazdu.<\/li>\n<li style=\"text-align: justify;\">Przed ko\u015bcio\u0142em mo\u017cna podpisa\u0107 Protest skierowany do Minister Edukacji Narodowej przeciw dyskryminacji dzieci i m\u0142odzie\u017cy. Nie wpisujemy danych osobowych wra\u017cliwych, a jedynie imi\u0119 i nazwisko oraz kod pocztowy miejscowo\u015bci. &nbsp;<strong>OSP Jedlicze<\/strong> przy remizie prowadzi zbi\u00f3rk\u0119 elektro\u015bmieci w dniach od 2 do 6 wrze\u015bnia. Zu\u017cyte urz\u0105dzenia zostan\u0105 zamienione na sprz\u0119t ratowniczo-po\u017carniczy. Wi\u0119cej informacji na plakacie przed ko\u015bcio\u0142em.<\/li>\n<li style=\"text-align: justify;\">Do nabycia prasa katolicka: <em>Niedziela,<\/em> <em>Go\u015b\u0107 Niedzielny i Ma\u0142y Go\u015b\u0107 Niedzielny.<\/em> Dost\u0119pna jest te\u017c gazetka parafialna ANTONI. W <em>Niedzieli<\/em> dlaczego nie mo\u017cna zrezygnowa\u0107 z religii w szko\u0142ach, pytanie o II wojn\u0119 \u015bwiatow\u0105, czy mo\u017cna jej by\u0142o unikn\u0105\u0107 i czy mo\u017cna by\u0142o zwyci\u0119\u017cy\u0107, oraz o biblijnym znaczeniu imion. W <em>Go\u015bciu Niedzielnym<\/em> o zmianach, kt\u00f3re czekaj\u0105 na uczni\u00f3w, rodzic\u00f3w, nauczycieli i katechet\u00f3w w nowym roku szkolnym, o m\u0142odych zafascynowanych b\u0142. ks. Jerzym Popie\u0142uszk\u0105 lub jak odnale\u017a\u0107 si\u0119 w \u015bwiecie upadaj\u0105cych autorytet\u00f3w duchowych. W <em>Ma\u0142ym Go\u015bciu <\/em>dost\u0119p do codziennego komentarza do Ewangelii albo naklejka rybki.<\/li>\n<li style=\"text-align: justify;\">Dzisiaj 0 godz. 19:00 na kro\u015bnie\u0144skim rynku odb\u0119dzie si\u0119 koncert pie\u015bni patriotycznych.<\/li>\n<li style=\"text-align: justify;\">W ubieg\u0142ym tygodniu do wieczno\u015bci odeszli: \u015bp. Tadeusz SO\u0141TYS z Dobieszyna ur. w 1945 r., Tadeusz PUD\u0141O z D\u0142ugiego ur. w 1953 r., \u015bp. Zofia GARBACIK z D\u0142ugiego ur. w 1946 r. i \u015bp. Stanis\u0142aw BERDECHOWSKI z ul. Nad Skarp\u0105 ur. w 1942 r. Polecajmy Zmar\u0142ych Bo\u017cemu Mi\u0142osierdziu <em>Wieczne odpoczywanie&#8230;<\/em><\/li>\n<\/ol>\n","protected":false},"excerpt":{"rendered":"<p>XXII Niedziela zwyk\u0142a, 1 wrze\u015bnia 2024 r. Og\u0142oszenia duszpasterskie &nbsp; Dzisiaj zmiana tajemnic r\u00f3\u017ca\u0144cowych, a taca przeznaczona na WSD w Przemy\u015blu. Od jutra wracaj\u0105 Msze \u015bw. poranne w tygodniu o godz. 6:30 oraz niedzielne Msze \u015bw. dla dzieci o godz. 12:30. Jutro, w poniedzia\u0142ek rozpocz\u0119cie nowego roku szkolnego. Dyrekcje, grono pedagogiczne, rodzic\u00f3w i uczni\u00f3w zapraszamy [&hellip;]<\/p>\n","protected":false},"author":2,"featured_media":0,"comment_status":"closed","ping_status":"open","sticky":false,"template":"","format":"standard","meta":{"ngg_post_thumbnail":0},"categories":[16,18,17],"tags":[],"_links":{"self":[{"href":"https:\/\/jedlicze.przemyska.pl\/index.php\/wp-json\/wp\/v2\/posts\/3357"}],"collection":[{"href":"https:\/\/jedlicze.przemyska.pl\/index.php\/wp-json\/wp\/v2\/posts"}],"about":[{"href":"https:\/\/jedlicze.przemyska.pl\/index.php\/wp-json\/wp\/v2\/types\/post"}],"author":[{"embeddable":true,"href":"https:\/\/jedlicze.przemyska.pl\/index.php\/wp-json\/wp\/v2\/users\/2"}],"replies":[{"embeddable":true,"href":"https:\/\/jedlicze.przemyska.pl\/index.php\/wp-json\/wp\/v2\/comments?post=3357"}],"version-history":[{"count":2,"href":"https:\/\/jedlicze.przemyska.pl\/index.php\/wp-json\/wp\/v2\/posts\/3357\/revisions"}],"predecessor-version":[{"id":3359,"href":"https:\/\/jedlicze.przemyska.pl\/index.php\/wp-json\/wp\/v2\/posts\/3357\/revisions\/3359"}],"wp:attachment":[{"href":"https:\/\/jedlicze.przemyska.pl\/index.php\/wp-json\/wp\/v2\/media?parent=3357"}],"wp:term":[{"taxonomy":"category","embeddable":true,"href":"https:\/\/jedlicze.przemyska.pl\/index.php\/wp-json\/wp\/v2\/categories?post=3357"},{"taxonomy":"post_tag","embeddable":true,"href":"https:\/\/jedlicze.przemyska.pl\/index.php\/wp-json\/wp\/v2\/tags?post=3357"}],"curies":[{"name":"wp","href":"https:\/\/api.w.org\/{rel}","templated":true}]}}