{"id":3362,"date":"2024-09-07T19:00:46","date_gmt":"2024-09-07T17:00:46","guid":{"rendered":"https:\/\/jedlicze.przemyska.pl\/?p=3362"},"modified":"2024-09-08T10:56:14","modified_gmt":"2024-09-08T08:56:14","slug":"ogloszenia-duszpasterskie-xxiii-niedziela-zwykla-8-wrzesnia","status":"publish","type":"post","link":"https:\/\/jedlicze.przemyska.pl\/index.php\/2024\/09\/07\/ogloszenia-duszpasterskie-xxiii-niedziela-zwykla-8-wrzesnia\/","title":{"rendered":"Og\u0142oszenia duszpasterskie &#8211; XXIII Niedziela zwyk\u0142a, 8 wrze\u015bnia"},"content":{"rendered":"<p style=\"text-align: center;\"><b>XXIII Niedziela zwyk\u0142a, 8 wrze\u015bnia 2024 r.<\/b><\/p>\n<p style=\"text-align: center;\"><b>Og\u0142oszenia duszpasterskie<span class=\"Apple-converted-space\">&nbsp;<\/span><\/b><\/p>\n<ol>\n<li style=\"text-align: justify;\">Dzisiaj wypada liturgiczne \u015bwi\u0119to Narodzenia NMP, z tej racji b\u0142ogos\u0142awimy ziarno dla rolnik\u00f3w na Mszy \u015bw. o godz. 7:00 i 9:00.<span class=\"Apple-converted-space\">&nbsp;<\/span><\/li>\n<li style=\"text-align: justify;\">Dzisiaj w <b>Markowej<\/b> Msz\u0105 \u015bw. o godz. <b>15:00<\/b> rozpocznie si\u0119 dzi\u0119kczynienie za beatyfikacj\u0119 Rodziny Ulm\u00f3w. Modlitwa i imprezy kulturalne zorganizowane s\u0105 w rocznic\u0119 beatyfikacji. Zach\u0119camy do indywidualnego wyjazdu.<span class=\"Apple-converted-space\">&nbsp;<\/span><\/li>\n<li style=\"text-align: justify;\">We <b>wtorek <\/b>nowenna do \u015bw. Antoniego, w <b>\u015brod\u0119<\/b> do MB Nieustaj\u0105cej Pomocy, w <b>czwartek<\/b> o godz. 17:00 wystawienie Naj\u015bw. Sakramentu, o godz. 18:00 Msza \u015bw., w <b>pi\u0105tek<\/b> Koronka do Bo\u017cego Mi\u0142osierdzia.<span class=\"Apple-converted-space\">&nbsp;<\/span><\/li>\n<li style=\"text-align: justify;\">W <b>pi\u0105tek<\/b>, 13 wrze\u015bnia na Mszy \u015bw. o godz. <b>18:00<\/b> wszystkie grupy duszpasterskie w naszej parafii uroczy\u015bcie rozpoczn\u0105 nowy rok formacji. Dodatkowo zapraszamy kandydat\u00f3w do bierzmowania z klas 6, 7 i 8. Mszy \u015bw. b\u0119dzie przewodniczy\u0142 ks. abp Kryspin Dubiel \u2013 Nuncjusz Apostolski w Angoli i Wyspie \u015bw. Tomasza i Ksi\u0105\u017c\u0119cej. Zapraszamy nie tylko osoby z grup duszpasterskich ale wszystkich parafian.<span class=\"Apple-converted-space\">&nbsp; <\/span>Po Mszy \u015bwi\u0119tej spotkanie kandydat\u00f3w do bierzmowania i ich rodzic\u00f3w z klas 7 i 8.<span class=\"Apple-converted-space\">&nbsp;<\/span><\/li>\n<li style=\"text-align: justify;\">W <b>pi\u0105tek<\/b> po Mszy \u015bw. wieczornej w ko\u015bciele (ok. godz. 19:00) odb\u0119dzie si\u0119 <b>katecheza chrzcielna<\/b>, na kt\u00f3r\u0105 zapraszamy rodzic\u00f3w i chrzestnych planuj\u0105cych w najbli\u017cszym czasie chrzest dziecka.<span class=\"Apple-converted-space\">&nbsp;<\/span><\/li>\n<li style=\"text-align: justify;\">W sobot\u0119 wypada \u015bwi\u0119to Podwy\u017cszenia Krzy\u017ca \u015awi\u0119tego.<span class=\"Apple-converted-space\">&nbsp;<\/span><\/li>\n<li style=\"text-align: justify;\">Za tydzie\u0144 sk\u0142adka na Fundusz Inwestycyjny Parafii. Informujemy, \u017ce w tym tygodniu rozpoczn\u0105 si\u0119 prace przy rozecie, dlatego prosimy o zrozumienie pewnych niedogodno\u015bci, jakie mog\u0105 si\u0119 pojawi\u0107 przy rozstawionych rusztowaniach i apelujemy o ostro\u017cno\u015b\u0107.<\/li>\n<li style=\"text-align: justify;\">Za tydzie\u0144, w <b>niedziel\u0119<\/b> na Mszy \u015bw. o godz. <b>12:30<\/b> b\u0119dzie pierwsze spotkanie dla rodzic\u00f3w i dzieci <b>przygotowuj\u0105cych si\u0119 do I Komunii<\/b> <b>\u015bw<\/b>. w roku 2024\/25.<\/li>\n<li style=\"text-align: justify;\">Za ostatnimi \u0142awkami s\u0105 jeszcze listy z Protestem skierowanym do Minister Edukacji Narodowej przeciw dyskryminacji dzieci i m\u0142odzie\u017cy. Mo\u017cna jeszcze si\u0119 podpisa\u0107.<span class=\"Apple-converted-space\">&nbsp; &nbsp;<\/span><\/li>\n<li style=\"text-align: justify;\">Do nabycia prasa katolicka: <i>Niedziela,<\/i> <i>Go\u015b\u0107 Niedzielny, Ma\u0142y Go\u015b\u0107 Niedzielny i Historia Ko\u015bcio\u0142a.<\/i> Dost\u0119pna jest te\u017c<i> <\/i>gazetka parafialna ANTONI. W <i>Niedzieli<\/i> tematem numeru jest samob\u00f3stwo, mo\u017cna te\u017c przeczyta\u0107 o tajemnicy dzisiejszego \u015bwi\u0119ta Narodzenia NMP albo o problemie wsp\u00f3\u0142czesnego handlu lud\u017ami. W <i>Go\u015bciu Niedzielnym<\/i> dlaczego nie wolno zgadza\u0107 si\u0119 na aborcj\u0119, jak dzisiaj by\u0107 wychowawc\u0105 zagubionego w \u015bwiecie medi\u00f3w m\u0142odego pokolenia lub jak katolik ma si\u0119 odnosi\u0107 do polityki. W <i>Ma\u0142ym Go\u015bciu <\/i>dost\u0119p do codziennego komentarza do Ewangelii albo naklejka rybki. W <i>Historii<\/i> Go\u015bcia Niedzielnego Ko\u015bci\u00f3\u0142 wobec nazizmu i wyja\u015bnienie postawy papie\u017ca Piusa XII wobec II wojny \u015bwiatowej.<span class=\"Apple-converted-space\">&nbsp;<\/span><\/li>\n<li style=\"text-align: justify;\">W ubieg\u0142ym tygodniu do wieczno\u015bci odeszli: \u015bp. J\u00f3zef GRELA z ul. \u017beromskiego ur. w 1936 r., \u015bp. S\u0142awomir WIDZISZ z ul. Jesionowej ur. w 1975 r. i \u015bp. Maria GOLE\u0143 z ul. Rejtana ur w 1935 r. Polecajmy Zmar\u0142ych Bo\u017cemu Mi\u0142osierdziu <i>Wieczne odpoczywanie&#8230;<\/i><\/li>\n<\/ol>\n","protected":false},"excerpt":{"rendered":"<p>XXIII Niedziela zwyk\u0142a, 8 wrze\u015bnia 2024 r. Og\u0142oszenia duszpasterskie&nbsp; Dzisiaj wypada liturgiczne \u015bwi\u0119to Narodzenia NMP, z tej racji b\u0142ogos\u0142awimy ziarno dla rolnik\u00f3w na Mszy \u015bw. o godz. 7:00 i 9:00.&nbsp; Dzisiaj w Markowej Msz\u0105 \u015bw. o godz. 15:00 rozpocznie si\u0119 dzi\u0119kczynienie za beatyfikacj\u0119 Rodziny Ulm\u00f3w. Modlitwa i imprezy kulturalne zorganizowane s\u0105 w rocznic\u0119 beatyfikacji. Zach\u0119camy [&hellip;]<\/p>\n","protected":false},"author":2,"featured_media":0,"comment_status":"closed","ping_status":"open","sticky":false,"template":"","format":"standard","meta":{"ngg_post_thumbnail":0},"categories":[16,18,17],"tags":[],"_links":{"self":[{"href":"https:\/\/jedlicze.przemyska.pl\/index.php\/wp-json\/wp\/v2\/posts\/3362"}],"collection":[{"href":"https:\/\/jedlicze.przemyska.pl\/index.php\/wp-json\/wp\/v2\/posts"}],"about":[{"href":"https:\/\/jedlicze.przemyska.pl\/index.php\/wp-json\/wp\/v2\/types\/post"}],"author":[{"embeddable":true,"href":"https:\/\/jedlicze.przemyska.pl\/index.php\/wp-json\/wp\/v2\/users\/2"}],"replies":[{"embeddable":true,"href":"https:\/\/jedlicze.przemyska.pl\/index.php\/wp-json\/wp\/v2\/comments?post=3362"}],"version-history":[{"count":2,"href":"https:\/\/jedlicze.przemyska.pl\/index.php\/wp-json\/wp\/v2\/posts\/3362\/revisions"}],"predecessor-version":[{"id":3364,"href":"https:\/\/jedlicze.przemyska.pl\/index.php\/wp-json\/wp\/v2\/posts\/3362\/revisions\/3364"}],"wp:attachment":[{"href":"https:\/\/jedlicze.przemyska.pl\/index.php\/wp-json\/wp\/v2\/media?parent=3362"}],"wp:term":[{"taxonomy":"category","embeddable":true,"href":"https:\/\/jedlicze.przemyska.pl\/index.php\/wp-json\/wp\/v2\/categories?post=3362"},{"taxonomy":"post_tag","embeddable":true,"href":"https:\/\/jedlicze.przemyska.pl\/index.php\/wp-json\/wp\/v2\/tags?post=3362"}],"curies":[{"name":"wp","href":"https:\/\/api.w.org\/{rel}","templated":true}]}}