{"id":3408,"date":"2024-09-13T23:44:27","date_gmt":"2024-09-13T21:44:27","guid":{"rendered":"https:\/\/jedlicze.przemyska.pl\/?p=3408"},"modified":"2024-09-13T23:45:14","modified_gmt":"2024-09-13T21:45:14","slug":"nuncjusz-apostolski-w-angoli-i-wyspach-sw-tomasza-i-ksiazecej-w-jedliczu","status":"publish","type":"post","link":"https:\/\/jedlicze.przemyska.pl\/index.php\/2024\/09\/13\/nuncjusz-apostolski-w-angoli-i-wyspach-sw-tomasza-i-ksiazecej-w-jedliczu\/","title":{"rendered":"Nuncjusz Apostolski w Angoli i wyspach \u015bw. Tomasza i Ksi\u0105\u017c\u0119cej w Jedliczu"},"content":{"rendered":"<p>13 wrze\u015bnia 2024 r. zosta\u0142 zapocz\u0105tkowany nowy rok formacyjny wszystkich grup apostolskich dzia\u0142aj\u0105cych przy naszej parafii. Uroczystej Mszy \u015bw. przewodniczy\u0142 ks. abp Kryspin Dubiel &#8211; Nuncjusz Apostolski w Angoli i wyspach \u015bw. Tomasza i Ksi\u0105\u017c\u0119cej. Wsp\u00f3lna modlitwa zgromadzi\u0142a wielu parafian, a szczeg\u00f3lnie przedstawicieli ma\u0142ych wsp\u00f3lnot tworz\u0105cych wsp\u00f3lnot\u0119 Ko\u015bcio\u0142a lokalnego. Ks. Arcybiskup w skierowanym s\u0142owie wskaza\u0142 na sposoby budowania relacji z Jezusem podkre\u015blaj\u0105c znaczenie zaufania do Boga, kt\u00f3ry pragnie naszego pe\u0142nego szcz\u0119\u015bcia w przeciwno\u015bci do ofert \u015bwiatowych. Przes\u0142anie ksi\u0119dza arcybiskupa by\u0142o zach\u0119t\u0105 do budowania relacji z Bogiem, z bliskimi ze wsp\u00f3lnoty dzi\u0119ki czemu mo\u017cliwe b\u0119dzie przeciwstawienie si\u0119 z\u0142udnym ofertom wsp\u00f3\u0142czesno\u015bci.<br \/>\nNa zako\u0144czenie wsp\u00f3lnej modlitwy ksi\u0105dz Arcybiskup udzieli\u0142 pasterskiego b\u0142ogos\u0142awie\u0144stwa dla wszystkich przedsi\u0119wzi\u0119\u0107 duszpasterskich i gospodarczych realizowanych w naszej parafii. To historyczne wydarzenie , wizyty Nuncjusza Apostolskiego w Jedliczu, sta\u0142o si\u0119 okazj\u0105 do wyra\u017cenia wdzi\u0119czno\u015bci Panu Bogu za zaanga\u017cowanie kap\u0142an\u00f3w naszej parafii w budowanie wiary w ludziach i tworzenie duchowej wsp\u00f3lnoty.<\/p>\n<!-- default-view.php -->\n<div\n\tclass=\"ngg-galleryoverview default-view \"\n\tid=\"ngg-gallery-150bb2685f9c12bc050748f01af08a5e-1\">\n\n\t\t<!-- Thumbnails -->\n\t\t\t\t<div id=\"ngg-image-0\" class=\"ngg-gallery-thumbnail-box \" >\n\t\t\t\t        <div class=\"ngg-gallery-thumbnail\">\n            <a href=\"https:\/\/jedlicze.przemyska.pl\/wp-content\/gallery\/nuncjusz-apostolski-angoli-w-jedliczu\/1_c21e51e9-be83-40d5-af3b-fbcf8c71a8d3.JPG\"\n               title=\"\"\n               data-src=\"https:\/\/jedlicze.przemyska.pl\/wp-content\/gallery\/nuncjusz-apostolski-angoli-w-jedliczu\/1_c21e51e9-be83-40d5-af3b-fbcf8c71a8d3.JPG\"\n               data-thumbnail=\"https:\/\/jedlicze.przemyska.pl\/wp-content\/gallery\/nuncjusz-apostolski-angoli-w-jedliczu\/thumbs\/thumbs_1_c21e51e9-be83-40d5-af3b-fbcf8c71a8d3.JPG\"\n               data-image-id=\"672\"\n               data-title=\"1_c21e51e9-be83-40d5-af3b-fbcf8c71a8d3\"\n               data-description=\"\"\n               data-image-slug=\"1_c21e51e9-be83-40d5-af3b-fbcf8c71a8d3\"\n               class=\"ngg-simplelightbox\" rel=\"150bb2685f9c12bc050748f01af08a5e\">\n                <img\n                    title=\"1_c21e51e9-be83-40d5-af3b-fbcf8c71a8d3\"\n                    alt=\"1_c21e51e9-be83-40d5-af3b-fbcf8c71a8d3\"\n                    src=\"https:\/\/jedlicze.przemyska.pl\/wp-content\/gallery\/nuncjusz-apostolski-angoli-w-jedliczu\/thumbs\/thumbs_1_c21e51e9-be83-40d5-af3b-fbcf8c71a8d3.JPG\"\n                    width=\"240\"\n                    height=\"160\"\n                    style=\"max-width:100%;\"\n                \/>\n            <\/a>\n        <\/div>\n\t\t\t\t\t\t\t<\/div> \n\t\t\t\n\t\t\t\t<div id=\"ngg-image-1\" class=\"ngg-gallery-thumbnail-box \" >\n\t\t\t\t        <div class=\"ngg-gallery-thumbnail\">\n            <a href=\"https:\/\/jedlicze.przemyska.pl\/wp-content\/gallery\/nuncjusz-apostolski-angoli-w-jedliczu\/1_61a66e1e-5963-4277-a46e-3f4619cb36aa.JPG\"\n               title=\"\"\n               data-src=\"https:\/\/jedlicze.przemyska.pl\/wp-content\/gallery\/nuncjusz-apostolski-angoli-w-jedliczu\/1_61a66e1e-5963-4277-a46e-3f4619cb36aa.JPG\"\n               data-thumbnail=\"https:\/\/jedlicze.przemyska.pl\/wp-content\/gallery\/nuncjusz-apostolski-angoli-w-jedliczu\/thumbs\/thumbs_1_61a66e1e-5963-4277-a46e-3f4619cb36aa.JPG\"\n               data-image-id=\"661\"\n               data-title=\"1_61a66e1e-5963-4277-a46e-3f4619cb36aa\"\n               data-description=\"\"\n               data-image-slug=\"1_61a66e1e-5963-4277-a46e-3f4619cb36aa\"\n               class=\"ngg-simplelightbox\" rel=\"150bb2685f9c12bc050748f01af08a5e\">\n                <img\n                    title=\"1_61a66e1e-5963-4277-a46e-3f4619cb36aa\"\n                    alt=\"1_61a66e1e-5963-4277-a46e-3f4619cb36aa\"\n                    src=\"https:\/\/jedlicze.przemyska.pl\/wp-content\/gallery\/nuncjusz-apostolski-angoli-w-jedliczu\/thumbs\/thumbs_1_61a66e1e-5963-4277-a46e-3f4619cb36aa.JPG\"\n                    width=\"240\"\n                    height=\"160\"\n                    style=\"max-width:100%;\"\n                \/>\n            <\/a>\n        <\/div>\n\t\t\t\t\t\t\t<\/div> \n\t\t\t\n\t\t\t\t<div id=\"ngg-image-2\" class=\"ngg-gallery-thumbnail-box \" >\n\t\t\t\t        <div class=\"ngg-gallery-thumbnail\">\n            <a href=\"https:\/\/jedlicze.przemyska.pl\/wp-content\/gallery\/nuncjusz-apostolski-angoli-w-jedliczu\/1_764d7a85-c411-4385-8d00-99b56edaff71.JPG\"\n               title=\"\"\n               data-src=\"https:\/\/jedlicze.przemyska.pl\/wp-content\/gallery\/nuncjusz-apostolski-angoli-w-jedliczu\/1_764d7a85-c411-4385-8d00-99b56edaff71.JPG\"\n               data-thumbnail=\"https:\/\/jedlicze.przemyska.pl\/wp-content\/gallery\/nuncjusz-apostolski-angoli-w-jedliczu\/thumbs\/thumbs_1_764d7a85-c411-4385-8d00-99b56edaff71.JPG\"\n               data-image-id=\"664\"\n               data-title=\"1_764d7a85-c411-4385-8d00-99b56edaff71\"\n               data-description=\"\"\n               data-image-slug=\"1_764d7a85-c411-4385-8d00-99b56edaff71\"\n               class=\"ngg-simplelightbox\" rel=\"150bb2685f9c12bc050748f01af08a5e\">\n                <img\n                    title=\"1_764d7a85-c411-4385-8d00-99b56edaff71\"\n                    alt=\"1_764d7a85-c411-4385-8d00-99b56edaff71\"\n                    src=\"https:\/\/jedlicze.przemyska.pl\/wp-content\/gallery\/nuncjusz-apostolski-angoli-w-jedliczu\/thumbs\/thumbs_1_764d7a85-c411-4385-8d00-99b56edaff71.JPG\"\n                    width=\"240\"\n                    height=\"160\"\n                    style=\"max-width:100%;\"\n                \/>\n            <\/a>\n        <\/div>\n\t\t\t\t\t\t\t<\/div> \n\t\t\t\n\t\t\t\t<div id=\"ngg-image-3\" class=\"ngg-gallery-thumbnail-box \" >\n\t\t\t\t        <div class=\"ngg-gallery-thumbnail\">\n            <a href=\"https:\/\/jedlicze.przemyska.pl\/wp-content\/gallery\/nuncjusz-apostolski-angoli-w-jedliczu\/1_1da4f083-eb11-41c6-8215-43ebfa21ffbf.JPG\"\n               title=\"\"\n               data-src=\"https:\/\/jedlicze.przemyska.pl\/wp-content\/gallery\/nuncjusz-apostolski-angoli-w-jedliczu\/1_1da4f083-eb11-41c6-8215-43ebfa21ffbf.JPG\"\n               data-thumbnail=\"https:\/\/jedlicze.przemyska.pl\/wp-content\/gallery\/nuncjusz-apostolski-angoli-w-jedliczu\/thumbs\/thumbs_1_1da4f083-eb11-41c6-8215-43ebfa21ffbf.JPG\"\n               data-image-id=\"658\"\n               data-title=\"1_1da4f083-eb11-41c6-8215-43ebfa21ffbf\"\n               data-description=\"\"\n               data-image-slug=\"1_1da4f083-eb11-41c6-8215-43ebfa21ffbf\"\n               class=\"ngg-simplelightbox\" rel=\"150bb2685f9c12bc050748f01af08a5e\">\n                <img\n                    title=\"1_1da4f083-eb11-41c6-8215-43ebfa21ffbf\"\n                    alt=\"1_1da4f083-eb11-41c6-8215-43ebfa21ffbf\"\n                    src=\"https:\/\/jedlicze.przemyska.pl\/wp-content\/gallery\/nuncjusz-apostolski-angoli-w-jedliczu\/thumbs\/thumbs_1_1da4f083-eb11-41c6-8215-43ebfa21ffbf.JPG\"\n                    width=\"240\"\n                    height=\"160\"\n                    style=\"max-width:100%;\"\n                \/>\n            <\/a>\n        <\/div>\n\t\t\t\t\t\t\t<\/div> \n\t\t\t\n\t\t\t\t<div id=\"ngg-image-4\" class=\"ngg-gallery-thumbnail-box \" >\n\t\t\t\t        <div class=\"ngg-gallery-thumbnail\">\n            <a href=\"https:\/\/jedlicze.przemyska.pl\/wp-content\/gallery\/nuncjusz-apostolski-angoli-w-jedliczu\/1_111823c6-c8af-4473-9dc5-d19a7641dc36.JPG\"\n               title=\"\"\n               data-src=\"https:\/\/jedlicze.przemyska.pl\/wp-content\/gallery\/nuncjusz-apostolski-angoli-w-jedliczu\/1_111823c6-c8af-4473-9dc5-d19a7641dc36.JPG\"\n               data-thumbnail=\"https:\/\/jedlicze.przemyska.pl\/wp-content\/gallery\/nuncjusz-apostolski-angoli-w-jedliczu\/thumbs\/thumbs_1_111823c6-c8af-4473-9dc5-d19a7641dc36.JPG\"\n               data-image-id=\"667\"\n               data-title=\"1_111823c6-c8af-4473-9dc5-d19a7641dc36\"\n               data-description=\"\"\n               data-image-slug=\"1_111823c6-c8af-4473-9dc5-d19a7641dc36\"\n               class=\"ngg-simplelightbox\" rel=\"150bb2685f9c12bc050748f01af08a5e\">\n                <img\n                    title=\"1_111823c6-c8af-4473-9dc5-d19a7641dc36\"\n                    alt=\"1_111823c6-c8af-4473-9dc5-d19a7641dc36\"\n                    src=\"https:\/\/jedlicze.przemyska.pl\/wp-content\/gallery\/nuncjusz-apostolski-angoli-w-jedliczu\/thumbs\/thumbs_1_111823c6-c8af-4473-9dc5-d19a7641dc36.JPG\"\n                    width=\"240\"\n                    height=\"160\"\n                    style=\"max-width:100%;\"\n                \/>\n            <\/a>\n        <\/div>\n\t\t\t\t\t\t\t<\/div> \n\t\t\t\n\t\t\t\t<div id=\"ngg-image-5\" class=\"ngg-gallery-thumbnail-box \" >\n\t\t\t\t        <div class=\"ngg-gallery-thumbnail\">\n            <a href=\"https:\/\/jedlicze.przemyska.pl\/wp-content\/gallery\/nuncjusz-apostolski-angoli-w-jedliczu\/1_4f984406-348a-41a6-9377-27ff31afc78b.JPG\"\n               title=\"\"\n               data-src=\"https:\/\/jedlicze.przemyska.pl\/wp-content\/gallery\/nuncjusz-apostolski-angoli-w-jedliczu\/1_4f984406-348a-41a6-9377-27ff31afc78b.JPG\"\n               data-thumbnail=\"https:\/\/jedlicze.przemyska.pl\/wp-content\/gallery\/nuncjusz-apostolski-angoli-w-jedliczu\/thumbs\/thumbs_1_4f984406-348a-41a6-9377-27ff31afc78b.JPG\"\n               data-image-id=\"660\"\n               data-title=\"1_4f984406-348a-41a6-9377-27ff31afc78b\"\n               data-description=\"\"\n               data-image-slug=\"1_4f984406-348a-41a6-9377-27ff31afc78b\"\n               class=\"ngg-simplelightbox\" rel=\"150bb2685f9c12bc050748f01af08a5e\">\n                <img\n                    title=\"1_4f984406-348a-41a6-9377-27ff31afc78b\"\n                    alt=\"1_4f984406-348a-41a6-9377-27ff31afc78b\"\n                    src=\"https:\/\/jedlicze.przemyska.pl\/wp-content\/gallery\/nuncjusz-apostolski-angoli-w-jedliczu\/thumbs\/thumbs_1_4f984406-348a-41a6-9377-27ff31afc78b.JPG\"\n                    width=\"240\"\n                    height=\"160\"\n                    style=\"max-width:100%;\"\n                \/>\n            <\/a>\n        <\/div>\n\t\t\t\t\t\t\t<\/div> \n\t\t\t\n\t\t\t\t<div id=\"ngg-image-6\" class=\"ngg-gallery-thumbnail-box \" >\n\t\t\t\t        <div class=\"ngg-gallery-thumbnail\">\n            <a href=\"https:\/\/jedlicze.przemyska.pl\/wp-content\/gallery\/nuncjusz-apostolski-angoli-w-jedliczu\/1_abaac1ff-373c-4387-aff5-f619efc22135.JPG\"\n               title=\"\"\n               data-src=\"https:\/\/jedlicze.przemyska.pl\/wp-content\/gallery\/nuncjusz-apostolski-angoli-w-jedliczu\/1_abaac1ff-373c-4387-aff5-f619efc22135.JPG\"\n               data-thumbnail=\"https:\/\/jedlicze.przemyska.pl\/wp-content\/gallery\/nuncjusz-apostolski-angoli-w-jedliczu\/thumbs\/thumbs_1_abaac1ff-373c-4387-aff5-f619efc22135.JPG\"\n               data-image-id=\"668\"\n               data-title=\"1_abaac1ff-373c-4387-aff5-f619efc22135\"\n               data-description=\"\"\n               data-image-slug=\"1_abaac1ff-373c-4387-aff5-f619efc22135\"\n               class=\"ngg-simplelightbox\" rel=\"150bb2685f9c12bc050748f01af08a5e\">\n                <img\n                    title=\"1_abaac1ff-373c-4387-aff5-f619efc22135\"\n                    alt=\"1_abaac1ff-373c-4387-aff5-f619efc22135\"\n                    src=\"https:\/\/jedlicze.przemyska.pl\/wp-content\/gallery\/nuncjusz-apostolski-angoli-w-jedliczu\/thumbs\/thumbs_1_abaac1ff-373c-4387-aff5-f619efc22135.JPG\"\n                    width=\"240\"\n                    height=\"160\"\n                    style=\"max-width:100%;\"\n                \/>\n            <\/a>\n        <\/div>\n\t\t\t\t\t\t\t<\/div> \n\t\t\t\n\t\t\t\t<div id=\"ngg-image-7\" class=\"ngg-gallery-thumbnail-box \" >\n\t\t\t\t        <div class=\"ngg-gallery-thumbnail\">\n            <a href=\"https:\/\/jedlicze.przemyska.pl\/wp-content\/gallery\/nuncjusz-apostolski-angoli-w-jedliczu\/1_875c164c-7463-467a-9feb-b4267173ac7a.JPG\"\n               title=\"\"\n               data-src=\"https:\/\/jedlicze.przemyska.pl\/wp-content\/gallery\/nuncjusz-apostolski-angoli-w-jedliczu\/1_875c164c-7463-467a-9feb-b4267173ac7a.JPG\"\n               data-thumbnail=\"https:\/\/jedlicze.przemyska.pl\/wp-content\/gallery\/nuncjusz-apostolski-angoli-w-jedliczu\/thumbs\/thumbs_1_875c164c-7463-467a-9feb-b4267173ac7a.JPG\"\n               data-image-id=\"665\"\n               data-title=\"1_875c164c-7463-467a-9feb-b4267173ac7a\"\n               data-description=\"\"\n               data-image-slug=\"1_875c164c-7463-467a-9feb-b4267173ac7a\"\n               class=\"ngg-simplelightbox\" rel=\"150bb2685f9c12bc050748f01af08a5e\">\n                <img\n                    title=\"1_875c164c-7463-467a-9feb-b4267173ac7a\"\n                    alt=\"1_875c164c-7463-467a-9feb-b4267173ac7a\"\n                    src=\"https:\/\/jedlicze.przemyska.pl\/wp-content\/gallery\/nuncjusz-apostolski-angoli-w-jedliczu\/thumbs\/thumbs_1_875c164c-7463-467a-9feb-b4267173ac7a.JPG\"\n                    width=\"240\"\n                    height=\"160\"\n                    style=\"max-width:100%;\"\n                \/>\n            <\/a>\n        <\/div>\n\t\t\t\t\t\t\t<\/div> \n\t\t\t\n\t\t\t\t<div id=\"ngg-image-8\" class=\"ngg-gallery-thumbnail-box \" >\n\t\t\t\t        <div class=\"ngg-gallery-thumbnail\">\n            <a href=\"https:\/\/jedlicze.przemyska.pl\/wp-content\/gallery\/nuncjusz-apostolski-angoli-w-jedliczu\/1_b1f04704-5a09-4971-a351-2978443ade2c.JPG\"\n               title=\"\"\n               data-src=\"https:\/\/jedlicze.przemyska.pl\/wp-content\/gallery\/nuncjusz-apostolski-angoli-w-jedliczu\/1_b1f04704-5a09-4971-a351-2978443ade2c.JPG\"\n               data-thumbnail=\"https:\/\/jedlicze.przemyska.pl\/wp-content\/gallery\/nuncjusz-apostolski-angoli-w-jedliczu\/thumbs\/thumbs_1_b1f04704-5a09-4971-a351-2978443ade2c.JPG\"\n               data-image-id=\"670\"\n               data-title=\"1_b1f04704-5a09-4971-a351-2978443ade2c\"\n               data-description=\"\"\n               data-image-slug=\"1_b1f04704-5a09-4971-a351-2978443ade2c\"\n               class=\"ngg-simplelightbox\" rel=\"150bb2685f9c12bc050748f01af08a5e\">\n                <img\n                    title=\"1_b1f04704-5a09-4971-a351-2978443ade2c\"\n                    alt=\"1_b1f04704-5a09-4971-a351-2978443ade2c\"\n                    src=\"https:\/\/jedlicze.przemyska.pl\/wp-content\/gallery\/nuncjusz-apostolski-angoli-w-jedliczu\/thumbs\/thumbs_1_b1f04704-5a09-4971-a351-2978443ade2c.JPG\"\n                    width=\"240\"\n                    height=\"160\"\n                    style=\"max-width:100%;\"\n                \/>\n            <\/a>\n        <\/div>\n\t\t\t\t\t\t\t<\/div> \n\t\t\t\n\t\t\t\t<div id=\"ngg-image-9\" class=\"ngg-gallery-thumbnail-box \" >\n\t\t\t\t        <div class=\"ngg-gallery-thumbnail\">\n            <a href=\"https:\/\/jedlicze.przemyska.pl\/wp-content\/gallery\/nuncjusz-apostolski-angoli-w-jedliczu\/1_739faab3-1fed-4068-82ef-08be7939df35.JPG\"\n               title=\"\"\n               data-src=\"https:\/\/jedlicze.przemyska.pl\/wp-content\/gallery\/nuncjusz-apostolski-angoli-w-jedliczu\/1_739faab3-1fed-4068-82ef-08be7939df35.JPG\"\n               data-thumbnail=\"https:\/\/jedlicze.przemyska.pl\/wp-content\/gallery\/nuncjusz-apostolski-angoli-w-jedliczu\/thumbs\/thumbs_1_739faab3-1fed-4068-82ef-08be7939df35.JPG\"\n               data-image-id=\"663\"\n               data-title=\"1_739faab3-1fed-4068-82ef-08be7939df35\"\n               data-description=\"\"\n               data-image-slug=\"1_739faab3-1fed-4068-82ef-08be7939df35\"\n               class=\"ngg-simplelightbox\" rel=\"150bb2685f9c12bc050748f01af08a5e\">\n                <img\n                    title=\"1_739faab3-1fed-4068-82ef-08be7939df35\"\n                    alt=\"1_739faab3-1fed-4068-82ef-08be7939df35\"\n                    src=\"https:\/\/jedlicze.przemyska.pl\/wp-content\/gallery\/nuncjusz-apostolski-angoli-w-jedliczu\/thumbs\/thumbs_1_739faab3-1fed-4068-82ef-08be7939df35.JPG\"\n                    width=\"240\"\n                    height=\"160\"\n                    style=\"max-width:100%;\"\n                \/>\n            <\/a>\n        <\/div>\n\t\t\t\t\t\t\t<\/div> \n\t\t\t\n\t\t\t\t<div id=\"ngg-image-10\" class=\"ngg-gallery-thumbnail-box \" >\n\t\t\t\t        <div class=\"ngg-gallery-thumbnail\">\n            <a href=\"https:\/\/jedlicze.przemyska.pl\/wp-content\/gallery\/nuncjusz-apostolski-angoli-w-jedliczu\/1_90859ced-a4d2-4c94-8da1-3a38654e5dbb.JPG\"\n               title=\"\"\n               data-src=\"https:\/\/jedlicze.przemyska.pl\/wp-content\/gallery\/nuncjusz-apostolski-angoli-w-jedliczu\/1_90859ced-a4d2-4c94-8da1-3a38654e5dbb.JPG\"\n               data-thumbnail=\"https:\/\/jedlicze.przemyska.pl\/wp-content\/gallery\/nuncjusz-apostolski-angoli-w-jedliczu\/thumbs\/thumbs_1_90859ced-a4d2-4c94-8da1-3a38654e5dbb.JPG\"\n               data-image-id=\"666\"\n               data-title=\"1_90859ced-a4d2-4c94-8da1-3a38654e5dbb\"\n               data-description=\"\"\n               data-image-slug=\"1_90859ced-a4d2-4c94-8da1-3a38654e5dbb\"\n               class=\"ngg-simplelightbox\" rel=\"150bb2685f9c12bc050748f01af08a5e\">\n                <img\n                    title=\"1_90859ced-a4d2-4c94-8da1-3a38654e5dbb\"\n                    alt=\"1_90859ced-a4d2-4c94-8da1-3a38654e5dbb\"\n                    src=\"https:\/\/jedlicze.przemyska.pl\/wp-content\/gallery\/nuncjusz-apostolski-angoli-w-jedliczu\/thumbs\/thumbs_1_90859ced-a4d2-4c94-8da1-3a38654e5dbb.JPG\"\n                    width=\"240\"\n                    height=\"160\"\n                    style=\"max-width:100%;\"\n                \/>\n            <\/a>\n        <\/div>\n\t\t\t\t\t\t\t<\/div> \n\t\t\t\n\t\t\t\t<div id=\"ngg-image-11\" class=\"ngg-gallery-thumbnail-box \" >\n\t\t\t\t        <div class=\"ngg-gallery-thumbnail\">\n            <a href=\"https:\/\/jedlicze.przemyska.pl\/wp-content\/gallery\/nuncjusz-apostolski-angoli-w-jedliczu\/1_f56545d9-dbe7-4e71-acb8-6f51c46ade35-2.JPG\"\n               title=\"\"\n               data-src=\"https:\/\/jedlicze.przemyska.pl\/wp-content\/gallery\/nuncjusz-apostolski-angoli-w-jedliczu\/1_f56545d9-dbe7-4e71-acb8-6f51c46ade35-2.JPG\"\n               data-thumbnail=\"https:\/\/jedlicze.przemyska.pl\/wp-content\/gallery\/nuncjusz-apostolski-angoli-w-jedliczu\/thumbs\/thumbs_1_f56545d9-dbe7-4e71-acb8-6f51c46ade35-2.JPG\"\n               data-image-id=\"675\"\n               data-title=\"1_f56545d9-dbe7-4e71-acb8-6f51c46ade35-2\"\n               data-description=\"\"\n               data-image-slug=\"1_f56545d9-dbe7-4e71-acb8-6f51c46ade35-2\"\n               class=\"ngg-simplelightbox\" rel=\"150bb2685f9c12bc050748f01af08a5e\">\n                <img\n                    title=\"1_f56545d9-dbe7-4e71-acb8-6f51c46ade35-2\"\n                    alt=\"1_f56545d9-dbe7-4e71-acb8-6f51c46ade35-2\"\n                    src=\"https:\/\/jedlicze.przemyska.pl\/wp-content\/gallery\/nuncjusz-apostolski-angoli-w-jedliczu\/thumbs\/thumbs_1_f56545d9-dbe7-4e71-acb8-6f51c46ade35-2.JPG\"\n                    width=\"240\"\n                    height=\"160\"\n                    style=\"max-width:100%;\"\n                \/>\n            <\/a>\n        <\/div>\n\t\t\t\t\t\t\t<\/div> \n\t\t\t\n\t\t\t\t<div id=\"ngg-image-12\" class=\"ngg-gallery-thumbnail-box \" >\n\t\t\t\t        <div class=\"ngg-gallery-thumbnail\">\n            <a href=\"https:\/\/jedlicze.przemyska.pl\/wp-content\/gallery\/nuncjusz-apostolski-angoli-w-jedliczu\/1_98b05c16-bf31-4a70-859f-6a4a6d8b0303.JPG\"\n               title=\"\"\n               data-src=\"https:\/\/jedlicze.przemyska.pl\/wp-content\/gallery\/nuncjusz-apostolski-angoli-w-jedliczu\/1_98b05c16-bf31-4a70-859f-6a4a6d8b0303.JPG\"\n               data-thumbnail=\"https:\/\/jedlicze.przemyska.pl\/wp-content\/gallery\/nuncjusz-apostolski-angoli-w-jedliczu\/thumbs\/thumbs_1_98b05c16-bf31-4a70-859f-6a4a6d8b0303.JPG\"\n               data-image-id=\"662\"\n               data-title=\"1_98b05c16-bf31-4a70-859f-6a4a6d8b0303\"\n               data-description=\"\"\n               data-image-slug=\"1_98b05c16-bf31-4a70-859f-6a4a6d8b0303\"\n               class=\"ngg-simplelightbox\" rel=\"150bb2685f9c12bc050748f01af08a5e\">\n                <img\n                    title=\"1_98b05c16-bf31-4a70-859f-6a4a6d8b0303\"\n                    alt=\"1_98b05c16-bf31-4a70-859f-6a4a6d8b0303\"\n                    src=\"https:\/\/jedlicze.przemyska.pl\/wp-content\/gallery\/nuncjusz-apostolski-angoli-w-jedliczu\/thumbs\/thumbs_1_98b05c16-bf31-4a70-859f-6a4a6d8b0303.JPG\"\n                    width=\"240\"\n                    height=\"160\"\n                    style=\"max-width:100%;\"\n                \/>\n            <\/a>\n        <\/div>\n\t\t\t\t\t\t\t<\/div> \n\t\t\t\n\t\t\t\t<div id=\"ngg-image-13\" class=\"ngg-gallery-thumbnail-box \" >\n\t\t\t\t        <div class=\"ngg-gallery-thumbnail\">\n            <a href=\"https:\/\/jedlicze.przemyska.pl\/wp-content\/gallery\/nuncjusz-apostolski-angoli-w-jedliczu\/1_ad55ee98-d6e3-497a-8035-136745a577e2.JPG\"\n               title=\"\"\n               data-src=\"https:\/\/jedlicze.przemyska.pl\/wp-content\/gallery\/nuncjusz-apostolski-angoli-w-jedliczu\/1_ad55ee98-d6e3-497a-8035-136745a577e2.JPG\"\n               data-thumbnail=\"https:\/\/jedlicze.przemyska.pl\/wp-content\/gallery\/nuncjusz-apostolski-angoli-w-jedliczu\/thumbs\/thumbs_1_ad55ee98-d6e3-497a-8035-136745a577e2.JPG\"\n               data-image-id=\"669\"\n               data-title=\"1_ad55ee98-d6e3-497a-8035-136745a577e2\"\n               data-description=\"\"\n               data-image-slug=\"1_ad55ee98-d6e3-497a-8035-136745a577e2\"\n               class=\"ngg-simplelightbox\" rel=\"150bb2685f9c12bc050748f01af08a5e\">\n                <img\n                    title=\"1_ad55ee98-d6e3-497a-8035-136745a577e2\"\n                    alt=\"1_ad55ee98-d6e3-497a-8035-136745a577e2\"\n                    src=\"https:\/\/jedlicze.przemyska.pl\/wp-content\/gallery\/nuncjusz-apostolski-angoli-w-jedliczu\/thumbs\/thumbs_1_ad55ee98-d6e3-497a-8035-136745a577e2.JPG\"\n                    width=\"240\"\n                    height=\"160\"\n                    style=\"max-width:100%;\"\n                \/>\n            <\/a>\n        <\/div>\n\t\t\t\t\t\t\t<\/div> \n\t\t\t\n\t\t\t\t<div id=\"ngg-image-14\" class=\"ngg-gallery-thumbnail-box \" >\n\t\t\t\t        <div class=\"ngg-gallery-thumbnail\">\n            <a href=\"https:\/\/jedlicze.przemyska.pl\/wp-content\/gallery\/nuncjusz-apostolski-angoli-w-jedliczu\/1_ba9a4bf5-a2c3-4689-9545-09b192497f94.JPG\"\n               title=\"\"\n               data-src=\"https:\/\/jedlicze.przemyska.pl\/wp-content\/gallery\/nuncjusz-apostolski-angoli-w-jedliczu\/1_ba9a4bf5-a2c3-4689-9545-09b192497f94.JPG\"\n               data-thumbnail=\"https:\/\/jedlicze.przemyska.pl\/wp-content\/gallery\/nuncjusz-apostolski-angoli-w-jedliczu\/thumbs\/thumbs_1_ba9a4bf5-a2c3-4689-9545-09b192497f94.JPG\"\n               data-image-id=\"671\"\n               data-title=\"1_ba9a4bf5-a2c3-4689-9545-09b192497f94\"\n               data-description=\"\"\n               data-image-slug=\"1_ba9a4bf5-a2c3-4689-9545-09b192497f94\"\n               class=\"ngg-simplelightbox\" rel=\"150bb2685f9c12bc050748f01af08a5e\">\n                <img\n                    title=\"1_ba9a4bf5-a2c3-4689-9545-09b192497f94\"\n                    alt=\"1_ba9a4bf5-a2c3-4689-9545-09b192497f94\"\n                    src=\"https:\/\/jedlicze.przemyska.pl\/wp-content\/gallery\/nuncjusz-apostolski-angoli-w-jedliczu\/thumbs\/thumbs_1_ba9a4bf5-a2c3-4689-9545-09b192497f94.JPG\"\n                    width=\"240\"\n                    height=\"160\"\n                    style=\"max-width:100%;\"\n                \/>\n            <\/a>\n        <\/div>\n\t\t\t\t\t\t\t<\/div> \n\t\t\t\n\t\t\t\t<div id=\"ngg-image-15\" class=\"ngg-gallery-thumbnail-box \" >\n\t\t\t\t        <div class=\"ngg-gallery-thumbnail\">\n            <a href=\"https:\/\/jedlicze.przemyska.pl\/wp-content\/gallery\/nuncjusz-apostolski-angoli-w-jedliczu\/1_d79617f2-cd04-4e1c-a49f-2d11b42fa142.JPG\"\n               title=\"\"\n               data-src=\"https:\/\/jedlicze.przemyska.pl\/wp-content\/gallery\/nuncjusz-apostolski-angoli-w-jedliczu\/1_d79617f2-cd04-4e1c-a49f-2d11b42fa142.JPG\"\n               data-thumbnail=\"https:\/\/jedlicze.przemyska.pl\/wp-content\/gallery\/nuncjusz-apostolski-angoli-w-jedliczu\/thumbs\/thumbs_1_d79617f2-cd04-4e1c-a49f-2d11b42fa142.JPG\"\n               data-image-id=\"673\"\n               data-title=\"1_d79617f2-cd04-4e1c-a49f-2d11b42fa142\"\n               data-description=\"\"\n               data-image-slug=\"1_d79617f2-cd04-4e1c-a49f-2d11b42fa142\"\n               class=\"ngg-simplelightbox\" rel=\"150bb2685f9c12bc050748f01af08a5e\">\n                <img\n                    title=\"1_d79617f2-cd04-4e1c-a49f-2d11b42fa142\"\n                    alt=\"1_d79617f2-cd04-4e1c-a49f-2d11b42fa142\"\n                    src=\"https:\/\/jedlicze.przemyska.pl\/wp-content\/gallery\/nuncjusz-apostolski-angoli-w-jedliczu\/thumbs\/thumbs_1_d79617f2-cd04-4e1c-a49f-2d11b42fa142.JPG\"\n                    width=\"240\"\n                    height=\"160\"\n                    style=\"max-width:100%;\"\n                \/>\n            <\/a>\n        <\/div>\n\t\t\t\t\t\t\t<\/div> \n\t\t\t\n\t\t\t\t<div id=\"ngg-image-16\" class=\"ngg-gallery-thumbnail-box \" >\n\t\t\t\t        <div class=\"ngg-gallery-thumbnail\">\n            <a href=\"https:\/\/jedlicze.przemyska.pl\/wp-content\/gallery\/nuncjusz-apostolski-angoli-w-jedliczu\/f84317f6-0337-42ce-b438-7efc944b432d.JPG\"\n               title=\"\"\n               data-src=\"https:\/\/jedlicze.przemyska.pl\/wp-content\/gallery\/nuncjusz-apostolski-angoli-w-jedliczu\/f84317f6-0337-42ce-b438-7efc944b432d.JPG\"\n               data-thumbnail=\"https:\/\/jedlicze.przemyska.pl\/wp-content\/gallery\/nuncjusz-apostolski-angoli-w-jedliczu\/thumbs\/thumbs_f84317f6-0337-42ce-b438-7efc944b432d.JPG\"\n               data-image-id=\"677\"\n               data-title=\"f84317f6-0337-42ce-b438-7efc944b432d\"\n               data-description=\"\"\n               data-image-slug=\"f84317f6-0337-42ce-b438-7efc944b432d\"\n               class=\"ngg-simplelightbox\" rel=\"150bb2685f9c12bc050748f01af08a5e\">\n                <img\n                    title=\"f84317f6-0337-42ce-b438-7efc944b432d\"\n                    alt=\"f84317f6-0337-42ce-b438-7efc944b432d\"\n                    src=\"https:\/\/jedlicze.przemyska.pl\/wp-content\/gallery\/nuncjusz-apostolski-angoli-w-jedliczu\/thumbs\/thumbs_f84317f6-0337-42ce-b438-7efc944b432d.JPG\"\n                    width=\"240\"\n                    height=\"160\"\n                    style=\"max-width:100%;\"\n                \/>\n            <\/a>\n        <\/div>\n\t\t\t\t\t\t\t<\/div> \n\t\t\t\n\t\t\t\t<div id=\"ngg-image-17\" class=\"ngg-gallery-thumbnail-box \" >\n\t\t\t\t        <div class=\"ngg-gallery-thumbnail\">\n            <a href=\"https:\/\/jedlicze.przemyska.pl\/wp-content\/gallery\/nuncjusz-apostolski-angoli-w-jedliczu\/1_1e8ad319-f02f-42e3-bc67-0f1397451405.JPG\"\n               title=\"\"\n               data-src=\"https:\/\/jedlicze.przemyska.pl\/wp-content\/gallery\/nuncjusz-apostolski-angoli-w-jedliczu\/1_1e8ad319-f02f-42e3-bc67-0f1397451405.JPG\"\n               data-thumbnail=\"https:\/\/jedlicze.przemyska.pl\/wp-content\/gallery\/nuncjusz-apostolski-angoli-w-jedliczu\/thumbs\/thumbs_1_1e8ad319-f02f-42e3-bc67-0f1397451405.JPG\"\n               data-image-id=\"659\"\n               data-title=\"1_1e8ad319-f02f-42e3-bc67-0f1397451405\"\n               data-description=\"\"\n               data-image-slug=\"1_1e8ad319-f02f-42e3-bc67-0f1397451405\"\n               class=\"ngg-simplelightbox\" rel=\"150bb2685f9c12bc050748f01af08a5e\">\n                <img\n                    title=\"1_1e8ad319-f02f-42e3-bc67-0f1397451405\"\n                    alt=\"1_1e8ad319-f02f-42e3-bc67-0f1397451405\"\n                    src=\"https:\/\/jedlicze.przemyska.pl\/wp-content\/gallery\/nuncjusz-apostolski-angoli-w-jedliczu\/thumbs\/thumbs_1_1e8ad319-f02f-42e3-bc67-0f1397451405.JPG\"\n                    width=\"240\"\n                    height=\"160\"\n                    style=\"max-width:100%;\"\n                \/>\n            <\/a>\n        <\/div>\n\t\t\t\t\t\t\t<\/div> \n\t\t\t\n\t\t\t\t<div id=\"ngg-image-18\" class=\"ngg-gallery-thumbnail-box \" >\n\t\t\t\t        <div class=\"ngg-gallery-thumbnail\">\n            <a href=\"https:\/\/jedlicze.przemyska.pl\/wp-content\/gallery\/nuncjusz-apostolski-angoli-w-jedliczu\/eea690c5-b01d-422f-8423-681719bdcec3.JPG\"\n               title=\"\"\n               data-src=\"https:\/\/jedlicze.przemyska.pl\/wp-content\/gallery\/nuncjusz-apostolski-angoli-w-jedliczu\/eea690c5-b01d-422f-8423-681719bdcec3.JPG\"\n               data-thumbnail=\"https:\/\/jedlicze.przemyska.pl\/wp-content\/gallery\/nuncjusz-apostolski-angoli-w-jedliczu\/thumbs\/thumbs_eea690c5-b01d-422f-8423-681719bdcec3.JPG\"\n               data-image-id=\"674\"\n               data-title=\"eea690c5-b01d-422f-8423-681719bdcec3\"\n               data-description=\"\"\n               data-image-slug=\"eea690c5-b01d-422f-8423-681719bdcec3\"\n               class=\"ngg-simplelightbox\" rel=\"150bb2685f9c12bc050748f01af08a5e\">\n                <img\n                    title=\"eea690c5-b01d-422f-8423-681719bdcec3\"\n                    alt=\"eea690c5-b01d-422f-8423-681719bdcec3\"\n                    src=\"https:\/\/jedlicze.przemyska.pl\/wp-content\/gallery\/nuncjusz-apostolski-angoli-w-jedliczu\/thumbs\/thumbs_eea690c5-b01d-422f-8423-681719bdcec3.JPG\"\n                    width=\"240\"\n                    height=\"160\"\n                    style=\"max-width:100%;\"\n                \/>\n            <\/a>\n        <\/div>\n\t\t\t\t\t\t\t<\/div> \n\t\t\t\n\t\n\t<br style=\"clear: both\" \/>\n\n\t\n\t\t<!-- Pagination -->\n\t<div class='ngg-clear'><\/div>\t<\/div>\n\n","protected":false},"excerpt":{"rendered":"<p>13 wrze\u015bnia 2024 r. zosta\u0142 zapocz\u0105tkowany nowy rok formacyjny wszystkich grup apostolskich dzia\u0142aj\u0105cych przy naszej parafii. Uroczystej Mszy \u015bw. przewodniczy\u0142 ks. abp Kryspin Dubiel &#8211; Nuncjusz Apostolski w Angoli i wyspach \u015bw. Tomasza i Ksi\u0105\u017c\u0119cej. Wsp\u00f3lna modlitwa zgromadzi\u0142a wielu parafian, a szczeg\u00f3lnie przedstawicieli ma\u0142ych wsp\u00f3lnot tworz\u0105cych wsp\u00f3lnot\u0119 Ko\u015bcio\u0142a lokalnego. Ks. Arcybiskup w skierowanym s\u0142owie wskaza\u0142 [&hellip;]<\/p>\n","protected":false},"author":2,"featured_media":3404,"comment_status":"closed","ping_status":"open","sticky":false,"template":"","format":"standard","meta":{"ngg_post_thumbnail":0},"categories":[16,19,23,18],"tags":[],"_links":{"self":[{"href":"https:\/\/jedlicze.przemyska.pl\/index.php\/wp-json\/wp\/v2\/posts\/3408"}],"collection":[{"href":"https:\/\/jedlicze.przemyska.pl\/index.php\/wp-json\/wp\/v2\/posts"}],"about":[{"href":"https:\/\/jedlicze.przemyska.pl\/index.php\/wp-json\/wp\/v2\/types\/post"}],"author":[{"embeddable":true,"href":"https:\/\/jedlicze.przemyska.pl\/index.php\/wp-json\/wp\/v2\/users\/2"}],"replies":[{"embeddable":true,"href":"https:\/\/jedlicze.przemyska.pl\/index.php\/wp-json\/wp\/v2\/comments?post=3408"}],"version-history":[{"count":1,"href":"https:\/\/jedlicze.przemyska.pl\/index.php\/wp-json\/wp\/v2\/posts\/3408\/revisions"}],"predecessor-version":[{"id":3430,"href":"https:\/\/jedlicze.przemyska.pl\/index.php\/wp-json\/wp\/v2\/posts\/3408\/revisions\/3430"}],"wp:featuredmedia":[{"embeddable":true,"href":"https:\/\/jedlicze.przemyska.pl\/index.php\/wp-json\/wp\/v2\/media\/3404"}],"wp:attachment":[{"href":"https:\/\/jedlicze.przemyska.pl\/index.php\/wp-json\/wp\/v2\/media?parent=3408"}],"wp:term":[{"taxonomy":"category","embeddable":true,"href":"https:\/\/jedlicze.przemyska.pl\/index.php\/wp-json\/wp\/v2\/categories?post=3408"},{"taxonomy":"post_tag","embeddable":true,"href":"https:\/\/jedlicze.przemyska.pl\/index.php\/wp-json\/wp\/v2\/tags?post=3408"}],"curies":[{"name":"wp","href":"https:\/\/api.w.org\/{rel}","templated":true}]}}