{"id":3434,"date":"2024-09-14T19:00:11","date_gmt":"2024-09-14T17:00:11","guid":{"rendered":"https:\/\/jedlicze.przemyska.pl\/?p=3434"},"modified":"2024-09-14T15:43:10","modified_gmt":"2024-09-14T13:43:10","slug":"ogloszenia-duszpasterskie-xxiv-niedziela-zwykla-15-wrzesnia","status":"publish","type":"post","link":"https:\/\/jedlicze.przemyska.pl\/index.php\/2024\/09\/14\/ogloszenia-duszpasterskie-xxiv-niedziela-zwykla-15-wrzesnia\/","title":{"rendered":"Og\u0142oszenia duszpasterskie &#8211; XXIV Niedziela zwyk\u0142a, 15 wrze\u015bnia"},"content":{"rendered":"<p style=\"text-align: center;\"><b>XXIV Niedziela zwyk\u0142a, 15 wrze\u015bnia 2024 r.<\/b><\/p>\n<p style=\"text-align: center;\"><b>Og\u0142oszenia duszpasterskie<span class=\"Apple-converted-space\">&nbsp;<\/span><\/b><\/p>\n<ol>\n<li style=\"text-align: justify;\">Dzi\u015b Niedziela \u015arodk\u00f3w Masowego Przekazu. Modlimy si\u0119 za pracownik\u00f3w medi\u00f3w.<span class=\"Apple-converted-space\">&nbsp;<\/span><\/li>\n<li style=\"text-align: justify;\">Dzisiaj na Mszy \u015bw. o godz. <b>12:30<\/b> pierwsze spotkanie dla rodzic\u00f3w i dzieci <b>przygotowuj\u0105cych si\u0119 do I Komunii<\/b> <b>\u015bw<\/b>. w roku 2024\/25.<\/li>\n<li style=\"text-align: justify;\">Dzisiejsza sk\u0142adka jest na Fundusz Inwestycyjny Parafii. Trwaj\u0105 prace przy rozecie: czyszczenie zabrudze\u0144, uzupe\u0142nianie kolor\u00f3w i szkie\u0142ek, uzupe\u0142nienie ubytk\u00f3w kamiennych oraz zostan\u0105 wstawione szyby ochronne i izolacyjne. Trwaj\u0105 te\u017c prace przy dachu ko\u015bcio\u0142a, a nied\u0142ugo rozpoczn\u0105 si\u0119 tak\u017ce przy instalacji odgromowej. Nie wszystkie koszty prac daj\u0105 si\u0119 od razu okre\u015bli\u0107, dlatego konieczne jest zabezpieczenie funduszy na prace nieskosztorysowane, jak chocia\u017cby konserwacj\u0119 i strojenie organ\u00f3w, kt\u00f3re trzeba b\u0119dzie przeprowadzi\u0107 po zako\u0144czeniu prac przy rozecie.<span class=\"Apple-converted-space\">&nbsp;<\/span><\/li>\n<li style=\"text-align: justify;\">W <b>poniedzia\u0142ek<\/b> litania do \u015bw. Stanis\u0142awa Kostki, we <b>wtorek <\/b>nowenna do \u015bw. Antoniego i modlitwy za dzieci i m\u0142odzie\u017c, w <b>\u015brod\u0119<\/b> do MB Nieustaj\u0105cej Pomocy i modlitwy za dzieci i m\u0142odzie\u017c, w <b>czwartek<\/b> o godz. 17:00 wystawienie Naj\u015bw. Sakramentu, o godz. 18:00 Msza \u015bw., w <b>pi\u0105tek<\/b> Koronka do Bo\u017cego Mi\u0142osierdzia.<span class=\"Apple-converted-space\">&nbsp;<\/span><\/li>\n<li style=\"text-align: justify;\">W \u015brod\u0119 wypada \u015bwi\u0119to \u015bw. Stanis\u0142awa Kostki, patrona Polski i m\u0142odzie\u017cy. Od jutra do \u015brody modlimy si\u0119 w intencji dzieci i m\u0142odzie\u017cy z naszej parafii. Rozpocz\u0105\u0142 si\u0119 rok formacji duchowej. Zapraszamy na <b>spotkania<\/b>: w <b>\u015brod\u0119<\/b> ministranci i lektorzy, w <b>pi\u0105tek<\/b> KSM, w <b>sobot\u0119<\/b> schola. W Kro\u015bnie przy parafii \u015bw. Piotra i Jana z Dukli dzia\u0142a Grupa Wojownik\u00f3w Maryi i we wtorek, 17 wrze\u015bnia w tamtejszej parafii jest spotkanie dla zainteresowanych m\u0119\u017cczyzn. Wi\u0119cej szczeg\u00f3\u0142\u00f3w na plakacie przed ko\u015bcio\u0142em.<span class=\"Apple-converted-space\">&nbsp;<\/span><\/li>\n<li style=\"text-align: justify;\">Do nabycia prasa katolicka: <i>Niedziela, Magazyn Niedzieli,<\/i> <i>Go\u015b\u0107 Niedzielny, Ma\u0142y Go\u015b\u0107 Niedzielny i Historia Ko\u015bcio\u0142a.<\/i> Dost\u0119pna jest te\u017c<i> <\/i>gazetka parafialna ANTONI. W <i>Niedzieli<\/i> o grzechach g\u0142\u00f3wnych, o wprowadzaniu w polskich szko\u0142ach zaj\u0119\u0107 deprawuj\u0105cych dzieci i m\u0142odzie\u017c, albo o wp\u0142ywie medi\u00f3w na nasz \u015bwiatopogl\u0105d. W <i>Go\u015bciu Niedzielnym<\/i> o tym jakie zasady prawne reguluj\u0105 obecno\u015b\u0107 krzy\u017ca w przestrzeni publicznej w poszczeg\u00f3lnych krajach, o do\u015bwiadczeniach z cierpi\u0105cymi w Alwerniach, albo propozycje lekcji i szkole\u0144 oferowanych przez Fundacj\u0119 \u015bw. J\u00f3zefa. W <i>Ma\u0142ym Go\u015bciu <\/i>dost\u0119p do codziennego komentarza do Ewangelii albo naklejka rybki. W <i>Historii<\/i> Go\u015bcia Niedzielnego Ko\u015bci\u00f3\u0142 wobec nazizmu i wyja\u015bnienie postawy papie\u017ca Piusa XII wobec II wojny \u015bwiatowej.<span class=\"Apple-converted-space\">&nbsp;<\/span><\/li>\n<\/ol>\n","protected":false},"excerpt":{"rendered":"<p>XXIV Niedziela zwyk\u0142a, 15 wrze\u015bnia 2024 r. Og\u0142oszenia duszpasterskie&nbsp; Dzi\u015b Niedziela \u015arodk\u00f3w Masowego Przekazu. Modlimy si\u0119 za pracownik\u00f3w medi\u00f3w.&nbsp; Dzisiaj na Mszy \u015bw. o godz. 12:30 pierwsze spotkanie dla rodzic\u00f3w i dzieci przygotowuj\u0105cych si\u0119 do I Komunii \u015bw. w roku 2024\/25. Dzisiejsza sk\u0142adka jest na Fundusz Inwestycyjny Parafii. Trwaj\u0105 prace przy rozecie: czyszczenie zabrudze\u0144, uzupe\u0142nianie [&hellip;]<\/p>\n","protected":false},"author":2,"featured_media":0,"comment_status":"closed","ping_status":"open","sticky":false,"template":"","format":"standard","meta":{"ngg_post_thumbnail":0},"categories":[16,18,17],"tags":[],"_links":{"self":[{"href":"https:\/\/jedlicze.przemyska.pl\/index.php\/wp-json\/wp\/v2\/posts\/3434"}],"collection":[{"href":"https:\/\/jedlicze.przemyska.pl\/index.php\/wp-json\/wp\/v2\/posts"}],"about":[{"href":"https:\/\/jedlicze.przemyska.pl\/index.php\/wp-json\/wp\/v2\/types\/post"}],"author":[{"embeddable":true,"href":"https:\/\/jedlicze.przemyska.pl\/index.php\/wp-json\/wp\/v2\/users\/2"}],"replies":[{"embeddable":true,"href":"https:\/\/jedlicze.przemyska.pl\/index.php\/wp-json\/wp\/v2\/comments?post=3434"}],"version-history":[{"count":1,"href":"https:\/\/jedlicze.przemyska.pl\/index.php\/wp-json\/wp\/v2\/posts\/3434\/revisions"}],"predecessor-version":[{"id":3435,"href":"https:\/\/jedlicze.przemyska.pl\/index.php\/wp-json\/wp\/v2\/posts\/3434\/revisions\/3435"}],"wp:attachment":[{"href":"https:\/\/jedlicze.przemyska.pl\/index.php\/wp-json\/wp\/v2\/media?parent=3434"}],"wp:term":[{"taxonomy":"category","embeddable":true,"href":"https:\/\/jedlicze.przemyska.pl\/index.php\/wp-json\/wp\/v2\/categories?post=3434"},{"taxonomy":"post_tag","embeddable":true,"href":"https:\/\/jedlicze.przemyska.pl\/index.php\/wp-json\/wp\/v2\/tags?post=3434"}],"curies":[{"name":"wp","href":"https:\/\/api.w.org\/{rel}","templated":true}]}}