{"id":3466,"date":"2024-10-26T19:00:52","date_gmt":"2024-10-26T17:00:52","guid":{"rendered":"https:\/\/jedlicze.przemyska.pl\/?p=3466"},"modified":"2024-10-25T17:20:23","modified_gmt":"2024-10-25T15:20:23","slug":"ogloszenia-duszpasterskie-xxx-niedziela-zwykla-27-pazdziernika","status":"publish","type":"post","link":"https:\/\/jedlicze.przemyska.pl\/index.php\/2024\/10\/26\/ogloszenia-duszpasterskie-xxx-niedziela-zwykla-27-pazdziernika\/","title":{"rendered":"Og\u0142oszenia duszpasterskie &#8211; XXX Niedziela zwyk\u0142a, 27 pa\u017adziernika"},"content":{"rendered":"<p><strong>XXX Niedziela zwyk\u0142a, 27 pa\u017adziernika 2024 r.<\/strong><\/p>\n<p><strong>Og\u0142oszenia duszpasterskie <\/strong><\/p>\n<p>&nbsp;<\/p>\n<ol>\n<li style=\"text-align: justify;\">Dzisiaj po Mszach \u015bw. Parafialna Grupa Caritas prowadzi zbi\u00f3rk\u0119 do puszek na Filipa Was\u0142owicza z \u017barnowca. Dziecko potrzebuje terapii i kosztownego leczenia, dlatego rodzina sk\u0142ada podzi\u0119kowanie za wsparcie.<\/li>\n<li style=\"text-align: justify;\">Codziennie do czwartku w\u0142\u0105cznie zapraszamy na<strong> r\u00f3\u017caniec <\/strong>o godz. <strong>17:30<\/strong>, a p\u00f3\u017aniej na Msz\u0119 \u015bw. wieczorn\u0105. Gor\u0105co zach\u0119camy do modlitwy r\u00f3\u017ca\u0144cowej w ko\u015bciele b\u0105d\u017a w rodzinach. Dzieci za udzia\u0142 w r\u00f3\u017ca\u0144cu zbieraj\u0105 naklejki na plansz\u0119 maryjn\u0105.<\/li>\n<li style=\"text-align: justify;\">We <strong>wtorek <\/strong>nowenna do \u015bw. Antoniego, w <strong>\u015brod\u0119<\/strong> do MB Nieustaj\u0105cej Pomocy, w <strong>czwartek<\/strong> o godz. <strong>17:00<\/strong> wystawienie Naj\u015bwi\u0119tszego Sakramentu, o godz. 17:30 r\u00f3\u017caniec, a o godz. 18:00 Msza \u015bw. W czwartek podczas adoracji mo\u017cliwo\u015b\u0107 spowiedzi, do kt\u00f3rej zach\u0119camy, aby w stanie \u0142aski u\u015bwi\u0119caj\u0105cej prze\u017cywa\u0107 uroczysto\u015b\u0107 Wszystkich \u015awi\u0119tych.<\/li>\n<li style=\"text-align: justify;\"><strong>Spotkania<\/strong>: w <strong>poniedzia\u0142ek<\/strong> uczniowie klas VII, we <strong>wtorek<\/strong> Grupa Biblijna i uczniowie klas VIII, w <strong>\u015brod\u0119<\/strong> Rada Duszpasterska.<\/li>\n<li style=\"text-align: justify;\">Dzi\u0119kujemy za ofiary na Fundusz Inwestycyjny Parafii. Poza pracami obj\u0119tymi dotacjami prowadzone s\u0105 dodatkowe prace, kt\u00f3re trzeba b\u0119dzie pokry\u0107 ze \u015brodk\u00f3w w\u0142asnych, dlatego za zrozumienie wyra\u017camy: B\u00f3g zap\u0142a\u0107!<\/li>\n<li style=\"text-align: justify;\">W \u015brod\u0119 odb\u0119dzie si\u0119 Bal Wszystkich \u015awi\u0119tych. Rozpocz\u0119cie na Mszy wieczornej.<\/li>\n<li style=\"text-align: justify;\">Listopad to czas szczeg\u00f3lnej pami\u0119ci o zmar\u0142ych. Zadbajmy o czysto\u015b\u0107 na cmentarzu i m\u00f3dlmy si\u0119 za zmar\u0142ych. Na bocznych o\u0142tarzach i na stoliku pod ch\u00f3rem wy\u0142o\u017cone s\u0105 kartki Wypominkowe. Czytelnie wype\u0142nione kartki prosimy przynosi\u0107 do zakrystii po ka\u017cdej Mszy \u015bw. Dzi\u0119ki temu b\u0119dzie mo\u017cliwe ustalenie dnia, w kt\u00f3rym otoczymy modlitw\u0105 zmar\u0142ych z danej rodziny. Kartki sk\u0142adane do skrzynki b\u0119d\u0105 odczytane w dowolnym terminie. Wypominki rozpoczynamy 2 listopada, po Mszy \u015bw. wieczornej.<\/li>\n<li style=\"text-align: justify;\">W pi\u0105tek, <strong>1 listopada<\/strong> wypada uroczysto\u015b\u0107 Wszystkich \u015awi\u0119tych. Nabo\u017ce\u0144stwa o godz. <strong>7:00<\/strong>, <strong>9:00<\/strong>, <strong>11:00<\/strong> i <strong>14:00<\/strong>. Msza \u015bw. o godz. <strong>14:00<\/strong> po\u0142\u0105czona b\u0119dzie z <strong>procesj\u0105 na cmentarz<\/strong>. Z racji na uroczysto\u015b\u0107 zach\u0119camy do spowiedzi, aby w stanie \u0142aski u\u015bwi\u0119caj\u0105cej wyprasza\u0107 \u0142ask\u0119 zbawienia dla zmar\u0142ych. Poniewa\u017c jest to I pi\u0105tek miesi\u0105ca to zach\u0119camy do spowiedzi i Komunii \u015bw. wynagradzaj\u0105cej. Spowied\u017a w pi\u0105tek przed Mszami. Przypominamy o mo\u017cliwo\u015bci zyskiwania odpust\u00f3w zupe\u0142nych od 1 do 8 listopada. Nale\u017cy w tych dniach przyj\u0105\u0107 Komuni\u0119 \u015bw. i nawiedzi\u0107 cmentarz. \u0141ukasz chorych z pos\u0142ug\u0105 sakramentaln\u0105 odwiedzi 8 listopada.<\/li>\n<li style=\"text-align: justify;\">W sobot\u0119, <strong>2<\/strong> <strong>listopada<\/strong> Dzie\u0144 Zaduszny. Msze \u015bw. o godz. 6:30, 7:00, 9:00 i 18:00.<\/li>\n<li style=\"text-align: justify;\">W zwi\u0105zku z tym, \u017ce za rok b\u0119dziemy obchodzi\u0107 100-lecie konsekracji ko\u015bcio\u0142a, planowane jest wydanie ksi\u0119gi pami\u0105tkowej zawieraj\u0105cej informacje historyczne odno\u015bnie do budowy, wystroju i prac prowadzonych w ko\u015bciele. Osoby, kt\u00f3re chcia\u0142yby do\u0142\u0105czy\u0107 swoje zapiski lub podpisane fotografie proszone s\u0105 o dostarczenie ich do kancelarii lub drog\u0105 mailow\u0105.<\/li>\n<li style=\"text-align: justify;\">Tradycyjnie <strong>1 listopada<\/strong> prowadzona b\u0119dzie <strong>kwesta<\/strong> przez Komitet Spo\u0142eczny \u201eGmina Jedlicze-Pami\u0119tamy\u201d na renowacj\u0119 nagrobk\u00f3w. W ubieg\u0142ym roku zosta\u0142y odnowione: grobowiec Stawiarskich i nagrobek Maurycego Kurkowskiego w figur\u0105 \u015bw. Barbary. Tegoroczna zbi\u00f3rka przeznaczona b\u0119dzie na renowacj\u0119 pomnika poleg\u0142ych w I i II Wojnie \u015awiatowej w Jedliczu przy ul. 1000-lecia.<\/li>\n<li style=\"text-align: justify;\">W przysz\u0142ym roku <strong>6-14.05.2025<\/strong> planowana jest pielgrzymka do Portugalii. Program pielgrzymki znajduje si\u0119 na tablicy og\u0142osze\u0144 i stronie internetowej. Zapisy w zakrystii.<\/li>\n<li style=\"text-align: justify;\">Do nabycia prasa katolicka: <em>Niedziela, Go\u015b\u0107 Niedzielny, Ma\u0142y Go\u015b\u0107 Niedzielny <\/em>i <em>Go\u015b\u0107 Extra <\/em>po\u015bwi\u0119cony b\u0142. ks. Jerzemu Popie\u0142uszce oraz gazetka parafialna ANTONI. W <em>Niedzieli<\/em> o porzucaniu wiary przez dzieci, sk\u0105d si\u0119 wzi\u0119\u0142o z\u0142o i jak na nie odpowiedzie\u0107, oraz wywiad z ks. abp. Kryspinem Dubielem \u2013 Nuncjuszem Apostolskim w Angoli; w <em>Go\u015bciu Niedzielnym <\/em>o tym w jakim w jakim kierunku powinno rozwija\u0107 si\u0119 \u017cycie parafii, jak\u0105 rol\u0119 pe\u0142ni\u0105 emocje w relacji z Bogiem, albo czy po grzechu B\u00f3g od nas si\u0119 oddala?; w <em>Ma\u0142ym Go\u015bciu <\/em>kim jest i jakie znaczenie ma patron, o postaciach, kt\u00f3re czekaj\u0105 na beatyfikacj\u0119.<\/li>\n<li style=\"text-align: justify;\">W ostatnim czasie na miejsce wiecznego spoczynku odprowadzili\u015bmy \u015bp. El\u017cbiet\u0119 SK\u00d3R\u0118 z ul. Obro\u0144c\u00f3w Wolno\u015bci ur. w 1929 r. Polecajmy Zmar\u0142\u0105 Bo\u017cemu Mi\u0142osierdziu: <em>Wieczne odpoczywanie&#8230;<\/em><\/li>\n<\/ol>\n","protected":false},"excerpt":{"rendered":"<p>XXX Niedziela zwyk\u0142a, 27 pa\u017adziernika 2024 r. Og\u0142oszenia duszpasterskie &nbsp; Dzisiaj po Mszach \u015bw. Parafialna Grupa Caritas prowadzi zbi\u00f3rk\u0119 do puszek na Filipa Was\u0142owicza z \u017barnowca. Dziecko potrzebuje terapii i kosztownego leczenia, dlatego rodzina sk\u0142ada podzi\u0119kowanie za wsparcie. Codziennie do czwartku w\u0142\u0105cznie zapraszamy na r\u00f3\u017caniec o godz. 17:30, a p\u00f3\u017aniej na Msz\u0119 \u015bw. wieczorn\u0105. Gor\u0105co [&hellip;]<\/p>\n","protected":false},"author":2,"featured_media":0,"comment_status":"closed","ping_status":"open","sticky":false,"template":"","format":"standard","meta":{"ngg_post_thumbnail":0},"categories":[16,18,17],"tags":[],"_links":{"self":[{"href":"https:\/\/jedlicze.przemyska.pl\/index.php\/wp-json\/wp\/v2\/posts\/3466"}],"collection":[{"href":"https:\/\/jedlicze.przemyska.pl\/index.php\/wp-json\/wp\/v2\/posts"}],"about":[{"href":"https:\/\/jedlicze.przemyska.pl\/index.php\/wp-json\/wp\/v2\/types\/post"}],"author":[{"embeddable":true,"href":"https:\/\/jedlicze.przemyska.pl\/index.php\/wp-json\/wp\/v2\/users\/2"}],"replies":[{"embeddable":true,"href":"https:\/\/jedlicze.przemyska.pl\/index.php\/wp-json\/wp\/v2\/comments?post=3466"}],"version-history":[{"count":1,"href":"https:\/\/jedlicze.przemyska.pl\/index.php\/wp-json\/wp\/v2\/posts\/3466\/revisions"}],"predecessor-version":[{"id":3467,"href":"https:\/\/jedlicze.przemyska.pl\/index.php\/wp-json\/wp\/v2\/posts\/3466\/revisions\/3467"}],"wp:attachment":[{"href":"https:\/\/jedlicze.przemyska.pl\/index.php\/wp-json\/wp\/v2\/media?parent=3466"}],"wp:term":[{"taxonomy":"category","embeddable":true,"href":"https:\/\/jedlicze.przemyska.pl\/index.php\/wp-json\/wp\/v2\/categories?post=3466"},{"taxonomy":"post_tag","embeddable":true,"href":"https:\/\/jedlicze.przemyska.pl\/index.php\/wp-json\/wp\/v2\/tags?post=3466"}],"curies":[{"name":"wp","href":"https:\/\/api.w.org\/{rel}","templated":true}]}}