{"id":3470,"date":"2024-10-31T19:16:44","date_gmt":"2024-10-31T18:16:44","guid":{"rendered":"https:\/\/jedlicze.przemyska.pl\/?p=3470"},"modified":"2024-10-31T19:16:44","modified_gmt":"2024-10-31T18:16:44","slug":"ogloszenia-duszpasterskie-uroczystosc-wszystkich-swietych-1-listopada-2","status":"publish","type":"post","link":"https:\/\/jedlicze.przemyska.pl\/index.php\/2024\/10\/31\/ogloszenia-duszpasterskie-uroczystosc-wszystkich-swietych-1-listopada-2\/","title":{"rendered":"Og\u0142oszenia duszpasterskie &#8211; uroczysto\u015b\u0107 Wszystkich \u015awi\u0119tych, 1 listopada"},"content":{"rendered":"<p style=\"text-align: center;\"><strong>Uroczysto\u015b\u0107 Wszystkich \u015awi\u0119tych, 1 listopada 2024 r.<\/strong><\/p>\n<p style=\"text-align: center;\"><strong>Og\u0142oszenia duszpasterskie <\/strong><\/p>\n<ol>\n<li style=\"text-align: justify;\">Dzisiaj <strong>1 listopada<\/strong> uroczysto\u015b\u0107 obowi\u0105zkowa Wszystkich \u015awi\u0119tych. Nie obowi\u0105zuje wstrzemi\u0119\u017aliwo\u015b\u0107 od pokarm\u00f3w mi\u0119snych. Przypominamy, \u017ce nabo\u017ce\u0144stwa s\u0105 o godz. <strong>7:00<\/strong>, <strong>9:00<\/strong>, <strong>11:00<\/strong> i <strong>14:00<\/strong>. Msza \u015bw. o godz. <strong>14:00<\/strong> po\u0142\u0105czona b\u0119dzie z <strong>procesj\u0105 na cmentarz<\/strong>. Nie ma Mszy \u015bw. o godz. 18:00. Dzisiaj tak\u017ce pierwszy pi\u0105tek miesi\u0105ca, oddajmy cze\u015b\u0107 Naj\u015bwi\u0119tszemu Sercu Pana Jezusa.<\/li>\n<li style=\"text-align: justify;\">Przypominamy o mo\u017cliwo\u015bci zyskiwania odpust\u00f3w zupe\u0142nych od 1 do 8 listopada. Dzi\u015b i jutro nale\u017cy pobo\u017cnie nawiedzi\u0107 ko\u015bci\u00f3\u0142 lub kaplic\u0119 przyj\u0105\u0107 Komuni\u0119 \u015bw. i odm\u00f3wi\u0107 <em>Ojcze nasz<\/em>, <em>Wierz\u0119 w Boga<\/em> i dowoln\u0105 modlitw\u0119 w intencjach Ojca \u015bwi\u0119tego. W pozosta\u0142ych dniach nale\u017cy pobo\u017cnie nawiedzi\u0107 cmentarz i odm\u00f3wi\u0107 te same modlitwy. Przypominamy, \u017ce odpusty zupe\u0142ne zyskujemy b\u0119d\u0105 w stanie \u0142aski u\u015bwi\u0119caj\u0105cej.<\/li>\n<li style=\"text-align: justify;\">Tradycyjnie <strong>1 listopada<\/strong> prowadzona jest <strong>kwesta<\/strong> przez Komitet Spo\u0142eczny \u201eGmina Jedlicze-Pami\u0119tamy\u201d na renowacj\u0119 nagrobk\u00f3w. W ubieg\u0142ym roku zosta\u0142y odnowione: grobowiec Stawiarskich i nagrobek Maurycego Kurkowskiego w figur\u0105 \u015bw. Barbary. Tegoroczna zbi\u00f3rka przeznaczona b\u0119dzie na renowacj\u0119 pomnika poleg\u0142ych w I i II Wojnie \u015awiatowej w Jedliczu przy ul. 1000-lecia.<\/li>\n<li style=\"text-align: justify;\">Jutro, w sobot\u0119, 2 <strong>listopada<\/strong> Dzie\u0144 Zaduszny. Msze \u015bw. o godz. 6:30, 7:00, 9:00 i 18:00. Od jutra po Mszach \u015bw. wieczornych b\u0119d\u0105 modlitwy za Zmar\u0142ych polecanych w Wypominkach.<\/li>\n<li style=\"text-align: justify;\">W niedziel\u0119 zmiana tajemnic r\u00f3\u017ca\u0144cowych, a sk\u0142adka przeznaczona na potrzeby archidiecezji.<\/li>\n<li style=\"text-align: justify;\">Listopad to czas szczeg\u00f3lnej pami\u0119ci o zmar\u0142ych. Dbajmy o czysto\u015b\u0107 na cmentarzu i m\u00f3dlmy si\u0119 za zmar\u0142ych. Na bocznych o\u0142tarzach i na stoliku pod ch\u00f3rem wy\u0142o\u017cone s\u0105 kartki Wypominkowe. Czytelnie wype\u0142nione kartki prosimy przynosi\u0107 do zakrystii po ka\u017cdej Mszy \u015bw. Dzi\u0119ki temu b\u0119dzie mo\u017cliwe ustalenie dnia, w kt\u00f3rym otoczymy modlitw\u0105 zmar\u0142ych z danej rodziny. Kartki sk\u0142adane do skrzynki b\u0119d\u0105 odczytane w dowolnym terminie.<\/li>\n<li style=\"text-align: justify;\">W zwi\u0105zku z tym, \u017ce za rok b\u0119dziemy obchodzi\u0107 100-lecie konsekracji ko\u015bcio\u0142a, planowane jest wydanie ksi\u0119gi pami\u0105tkowej zawieraj\u0105cej informacje historyczne odno\u015bnie do budowy, wystroju i prac prowadzonych w ko\u015bciele. Osoby, kt\u00f3re chcia\u0142yby do\u0142\u0105czy\u0107 swoje zapiski lub podpisane fotografie proszone s\u0105 o dostarczenie ich do kancelarii lub drog\u0105 mailow\u0105.<\/li>\n<li style=\"text-align: justify;\">W przysz\u0142ym roku <strong>6-14.05.2025<\/strong> planowana jest pielgrzymka do Portugalii. Program pielgrzymki znajduje si\u0119 na tablicy og\u0142osze\u0144 i stronie internetowej. Zapisy w zakrystii.<\/li>\n<li style=\"text-align: justify;\">Do nabycia prasa katolicka: <em>Niedziela, Go\u015b\u0107 Niedzielny, Ma\u0142y Go\u015b\u0107 Niedzielny <\/em>i <em>Go\u015b\u0107 Extra <\/em>po\u015bwi\u0119cony b\u0142. ks. Jerzemu Popie\u0142uszce oraz gazetka parafialna ANTONI. W <em>Niedzieli<\/em> czego nas uczy refleksja o \u015bmierci, co si\u0119 z nami stanie po \u015bmierci, i jak z dzie\u0107mi rozmawia\u0107 na tematy eschatologiczne; w <em>Go\u015bciu Niedzielnym <\/em>o encyklice papieskiej na temat kultu Naj\u015bwi\u0119tszego Serca Pana Jezusa, o dramacie rodzic\u00f3w, kt\u00f3rych dzieci porzuci\u0142y wiar\u0119 i o \u015bwi\u0119tych, kt\u00f3rzy w niebie nie pr\u00f3\u017cnuj\u0105; w <em>Ma\u0142ym Go\u015bciu <\/em>kim jest i jakie znaczenie ma patron, o postaciach, kt\u00f3re czekaj\u0105 na beatyfikacj\u0119.<\/li>\n<\/ol>\n","protected":false},"excerpt":{"rendered":"<p>Uroczysto\u015b\u0107 Wszystkich \u015awi\u0119tych, 1 listopada 2024 r. Og\u0142oszenia duszpasterskie Dzisiaj 1 listopada uroczysto\u015b\u0107 obowi\u0105zkowa Wszystkich \u015awi\u0119tych. Nie obowi\u0105zuje wstrzemi\u0119\u017aliwo\u015b\u0107 od pokarm\u00f3w mi\u0119snych. Przypominamy, \u017ce nabo\u017ce\u0144stwa s\u0105 o godz. 7:00, 9:00, 11:00 i 14:00. Msza \u015bw. o godz. 14:00 po\u0142\u0105czona b\u0119dzie z procesj\u0105 na cmentarz. Nie ma Mszy \u015bw. o godz. 18:00. Dzisiaj tak\u017ce pierwszy pi\u0105tek [&hellip;]<\/p>\n","protected":false},"author":2,"featured_media":0,"comment_status":"closed","ping_status":"open","sticky":false,"template":"","format":"standard","meta":{"ngg_post_thumbnail":0},"categories":[16,18,17],"tags":[],"_links":{"self":[{"href":"https:\/\/jedlicze.przemyska.pl\/index.php\/wp-json\/wp\/v2\/posts\/3470"}],"collection":[{"href":"https:\/\/jedlicze.przemyska.pl\/index.php\/wp-json\/wp\/v2\/posts"}],"about":[{"href":"https:\/\/jedlicze.przemyska.pl\/index.php\/wp-json\/wp\/v2\/types\/post"}],"author":[{"embeddable":true,"href":"https:\/\/jedlicze.przemyska.pl\/index.php\/wp-json\/wp\/v2\/users\/2"}],"replies":[{"embeddable":true,"href":"https:\/\/jedlicze.przemyska.pl\/index.php\/wp-json\/wp\/v2\/comments?post=3470"}],"version-history":[{"count":1,"href":"https:\/\/jedlicze.przemyska.pl\/index.php\/wp-json\/wp\/v2\/posts\/3470\/revisions"}],"predecessor-version":[{"id":3471,"href":"https:\/\/jedlicze.przemyska.pl\/index.php\/wp-json\/wp\/v2\/posts\/3470\/revisions\/3471"}],"wp:attachment":[{"href":"https:\/\/jedlicze.przemyska.pl\/index.php\/wp-json\/wp\/v2\/media?parent=3470"}],"wp:term":[{"taxonomy":"category","embeddable":true,"href":"https:\/\/jedlicze.przemyska.pl\/index.php\/wp-json\/wp\/v2\/categories?post=3470"},{"taxonomy":"post_tag","embeddable":true,"href":"https:\/\/jedlicze.przemyska.pl\/index.php\/wp-json\/wp\/v2\/tags?post=3470"}],"curies":[{"name":"wp","href":"https:\/\/api.w.org\/{rel}","templated":true}]}}