{"id":3472,"date":"2024-11-02T19:00:44","date_gmt":"2024-11-02T18:00:44","guid":{"rendered":"https:\/\/jedlicze.przemyska.pl\/?p=3472"},"modified":"2024-11-03T20:44:26","modified_gmt":"2024-11-03T19:44:26","slug":"ogloszenia-duszpasterskie-xxxi-niedziela-zwykla-3-listopada","status":"publish","type":"post","link":"https:\/\/jedlicze.przemyska.pl\/index.php\/2024\/11\/02\/ogloszenia-duszpasterskie-xxxi-niedziela-zwykla-3-listopada\/","title":{"rendered":"Og\u0142oszenia duszpasterskie &#8211; XXXI Niedziela zwyk\u0142a, 3 listopada"},"content":{"rendered":"<p style=\"text-align: center;\"><strong>XXXI Niedziela zwyk\u0142a, 3 listopada 2024 r.<\/strong><\/p>\n<p style=\"text-align: center;\"><strong>Og\u0142oszenia duszpasterskie <\/strong><\/p>\n<ol>\n<li style=\"text-align: justify;\">Codziennie zapraszamy na modlitw\u0119 za Zmar\u0142ych polecanych w Wypominkach. Odczytywanie imion zmar\u0142ych i odpowiednie modlitwy b\u0119d\u0105 po Mszy \u015bw. wieczornej z wyj\u0105tkiem czwartku.<\/li>\n<li style=\"text-align: justify;\">Przypominamy o mo\u017cliwo\u015bci zyskiwania odpust\u00f3w zupe\u0142nych do 8 listopada. W tych dniach nale\u017cy pobo\u017cnie nawiedzi\u0107 cmentarz i odm\u00f3wi\u0107 te modlitwy <em>Ojcze nasz<\/em>, <em>Wierz\u0119 w Boga<\/em> i dowoln\u0105 modlitw\u0119 w intencjach Ojca \u015bwi\u0119tego. Przypominamy, \u017ce odpusty zupe\u0142ne zyskujemy b\u0119d\u0105 w stanie \u0142aski u\u015bwi\u0119caj\u0105cej.<\/li>\n<li style=\"text-align: justify;\">We <strong>wtorek <\/strong>nowenna do \u015bw. Antoniego, w <strong>\u015brod\u0119<\/strong> do MB Nieustaj\u0105cej Pomocy, w <strong>czwartek<\/strong> o godz. <strong>17:00<\/strong> wystawienie Naj\u015bwi\u0119tszego Sakramentu, o godz. 17:30 modlitwy za powo\u0142anych i o nowe powo\u0142ania, nast\u0119pnie wypominki, a o godz. 18:00 Msza \u015bw.<\/li>\n<li style=\"text-align: justify;\"><strong>Spotkania<\/strong>: we <strong>wtorek<\/strong> o godz. 17:00 kandydaci na ministranta, w <strong>\u015brod\u0119<\/strong> po Mszy \u015bw. wieczornej ministranci, a w <strong>pi\u0105tek <\/strong><\/li>\n<li style=\"text-align: justify;\">Rodzice dzi\u0119kuj\u0105 za ofiary na wsparcie terapii Filipa Was\u0142owicza z \u017barnowca. Kwota zebrana podczas kwesty prowadzonej przez Parafialn\u0105 Grup\u0119 Caritas w ubieg\u0142\u0105 niedziel\u0119&nbsp;zosta\u0142a przekazana rodzinie. B\u00f3g zap\u0142a\u0107!<\/li>\n<li style=\"text-align: justify;\">Listopad to czas szczeg\u00f3lnej pami\u0119ci o zmar\u0142ych. Dbajmy o czysto\u015b\u0107 na cmentarzu i m\u00f3dlmy si\u0119 za zmar\u0142ych. Na bocznych o\u0142tarzach i na stoliku pod ch\u00f3rem wy\u0142o\u017cone s\u0105 kartki Wypominkowe. Czytelnie wype\u0142nione kartki prosimy przynosi\u0107 do zakrystii po ka\u017cdej Mszy \u015bw. Dzi\u0119ki temu b\u0119dzie mo\u017cliwe ustalenie dnia, w kt\u00f3rym otoczymy modlitw\u0105 zmar\u0142ych z danej rodziny. Kartki sk\u0142adane do skrzynki b\u0119d\u0105 odczytane w dowolnym terminie.<\/li>\n<li style=\"text-align: justify;\">W najbli\u017cszy pi\u0105tek, 8 listopada od godz. 9:30 ks. \u0141ukasz odwiedzi chorych z pos\u0142ug\u0105 sakramentaln\u0105.<\/li>\n<li style=\"text-align: justify;\">Tak\u017ce w pi\u0105tek, po Mszy \u015bw. wieczornej odb\u0119dzie si\u0119 katecheza chrzcielna, na kt\u00f3r\u0105 zapraszamy rodzic\u00f3w i chrzestnych planuj\u0105cych w najbli\u017cszym czasie chrzest dziecka.<\/li>\n<li style=\"text-align: justify;\">Od przysz\u0142ej niedzieli b\u0119d\u0105 rozprowadzane kalendarze parafialne na przysz\u0142y rok.&nbsp;<\/li>\n<li>W zwi\u0105zku z tym, \u017ce za rok b\u0119dziemy obchodzi\u0107 100-lecie konsekracji ko\u015bcio\u0142a, planowane jest wydanie ksi\u0119gi pami\u0105tkowej zawieraj\u0105cej informacje historyczne odno\u015bnie do budowy, wystroju i prac prowadzonych w ko\u015bciele. Osoby, kt\u00f3re chcia\u0142yby do\u0142\u0105czy\u0107 swoje zapiski lub podpisane fotografie proszone s\u0105 o dostarczenie ich do kancelarii lub drog\u0105 mailow\u0105.<\/li>\n<li style=\"text-align: justify;\">W przysz\u0142ym roku <strong>6-14.05.2025<\/strong> planowana jest pielgrzymka do Portugalii. Program pielgrzymki znajduje si\u0119 na tablicy og\u0142osze\u0144 i stronie internetowej. Zapisy w zakrystii.<\/li>\n<li style=\"text-align: justify;\">Do nabycia prasa katolicka: <em>Niedziela, Go\u015b\u0107 Niedzielny, Ma\u0142y Go\u015b\u0107 Niedzielny <\/em>i <em>Go\u015b\u0107 Extra <\/em>po\u015bwi\u0119cony b\u0142. ks. Jerzemu Popie\u0142uszce oraz gazetka parafialna ANTONI. W <em>Niedzieli<\/em> czego nas uczy refleksja o \u015bmierci, co si\u0119 z nami stanie po \u015bmierci, i jak z dzie\u0107mi rozmawia\u0107 na tematy eschatologiczne; w <em>Go\u015bciu Niedzielnym <\/em>o encyklice papieskiej na temat kultu Naj\u015bwi\u0119tszego Serca Pana Jezusa, o dramacie rodzic\u00f3w, kt\u00f3rych dzieci porzuci\u0142y wiar\u0119 i o \u015bwi\u0119tych, kt\u00f3rzy w niebie nie pr\u00f3\u017cnuj\u0105; w <em>Ma\u0142ym Go\u015bciu <\/em>kim jest i jakie znaczenie ma patron, o postaciach, kt\u00f3re czekaj\u0105 na beatyfikacj\u0119.<\/li>\n<\/ol>\n","protected":false},"excerpt":{"rendered":"<p>XXXI Niedziela zwyk\u0142a, 3 listopada 2024 r. Og\u0142oszenia duszpasterskie Codziennie zapraszamy na modlitw\u0119 za Zmar\u0142ych polecanych w Wypominkach. Odczytywanie imion zmar\u0142ych i odpowiednie modlitwy b\u0119d\u0105 po Mszy \u015bw. wieczornej z wyj\u0105tkiem czwartku. Przypominamy o mo\u017cliwo\u015bci zyskiwania odpust\u00f3w zupe\u0142nych do 8 listopada. W tych dniach nale\u017cy pobo\u017cnie nawiedzi\u0107 cmentarz i odm\u00f3wi\u0107 te modlitwy Ojcze nasz, Wierz\u0119 [&hellip;]<\/p>\n","protected":false},"author":2,"featured_media":0,"comment_status":"closed","ping_status":"open","sticky":false,"template":"","format":"standard","meta":{"ngg_post_thumbnail":0},"categories":[16,18,17],"tags":[],"_links":{"self":[{"href":"https:\/\/jedlicze.przemyska.pl\/index.php\/wp-json\/wp\/v2\/posts\/3472"}],"collection":[{"href":"https:\/\/jedlicze.przemyska.pl\/index.php\/wp-json\/wp\/v2\/posts"}],"about":[{"href":"https:\/\/jedlicze.przemyska.pl\/index.php\/wp-json\/wp\/v2\/types\/post"}],"author":[{"embeddable":true,"href":"https:\/\/jedlicze.przemyska.pl\/index.php\/wp-json\/wp\/v2\/users\/2"}],"replies":[{"embeddable":true,"href":"https:\/\/jedlicze.przemyska.pl\/index.php\/wp-json\/wp\/v2\/comments?post=3472"}],"version-history":[{"count":2,"href":"https:\/\/jedlicze.przemyska.pl\/index.php\/wp-json\/wp\/v2\/posts\/3472\/revisions"}],"predecessor-version":[{"id":3475,"href":"https:\/\/jedlicze.przemyska.pl\/index.php\/wp-json\/wp\/v2\/posts\/3472\/revisions\/3475"}],"wp:attachment":[{"href":"https:\/\/jedlicze.przemyska.pl\/index.php\/wp-json\/wp\/v2\/media?parent=3472"}],"wp:term":[{"taxonomy":"category","embeddable":true,"href":"https:\/\/jedlicze.przemyska.pl\/index.php\/wp-json\/wp\/v2\/categories?post=3472"},{"taxonomy":"post_tag","embeddable":true,"href":"https:\/\/jedlicze.przemyska.pl\/index.php\/wp-json\/wp\/v2\/tags?post=3472"}],"curies":[{"name":"wp","href":"https:\/\/api.w.org\/{rel}","templated":true}]}}