{"id":3487,"date":"2024-11-16T19:00:15","date_gmt":"2024-11-16T18:00:15","guid":{"rendered":"https:\/\/jedlicze.przemyska.pl\/?p=3487"},"modified":"2024-11-15T21:30:11","modified_gmt":"2024-11-15T20:30:11","slug":"ogloszenia-duszpasterskie-xxxiii-niedziela-zwykla-17-listopada","status":"publish","type":"post","link":"https:\/\/jedlicze.przemyska.pl\/index.php\/2024\/11\/16\/ogloszenia-duszpasterskie-xxxiii-niedziela-zwykla-17-listopada\/","title":{"rendered":"Og\u0142oszenia duszpasterskie &#8211; XXXIII Niedziela zwyk\u0142a, 17 listopada"},"content":{"rendered":"<p style=\"text-align: center;\"><b>XXXIII Niedziela zwyk\u0142a, 17 listopada 2024 r.<\/b><\/p>\n<p style=\"text-align: center;\"><b>Og\u0142oszenia duszpasterskie<span class=\"Apple-converted-space\">&nbsp;<\/span><\/b><\/p>\n<ol>\n<li style=\"text-align: justify;\">Dzisiaj po Mszy \u015bw. o godz. 12:30 spotkanie formacyjne dla rodzic\u00f3w i dzieci przygotowuj\u0105cych si\u0119 do I Komunii \u015bw. Dzisiejsza sk\u0142adka przeznaczona jest na Fundusz Inwestycyjny Parafii. Wszystkim darczy\u0144com dzi\u0119kujemy za zrozumienie i ofiarno\u015b\u0107: B\u00f3g zap\u0142a\u0107!<\/li>\n<li style=\"text-align: justify;\">Codziennie zapraszamy na modlitw\u0119 za Zmar\u0142ych polecanych w Wypominkach. Odczytywanie imion zmar\u0142ych i modlitwy za nich s\u0105 po Mszy \u015bw. wieczornej z wyj\u0105tkiem czwartku. Przypominamy r\u00f3wnie\u017c o mo\u017cliwo\u015bci zyskiwania odpust\u00f3w cz\u0105stkowych do ko\u0144ca listopada. We wtorek wypada 5 rocz. \u015bmierci ks. Stanis\u0142awa Guzika.<\/li>\n<li style=\"text-align: justify;\">Poza modlitwami za zmar\u0142ych, we <b>wtorek <\/b>nowenna do \u015bw. Antoniego, w <b>\u015brod\u0119<\/b> do MB Nieustaj\u0105cej Pomocy, w <b>czwartek<\/b> o godz. <b>17:00<\/b> wystawienie Naj\u015bwi\u0119tszego Sakramentu, o godz. 17:40 wypominki, a o godz. 18:00 Msza \u015bw.<span class=\"Apple-converted-space\">&nbsp;<\/span><\/li>\n<li style=\"text-align: justify;\"><b>Spotkania formacyjne<\/b>: we <b>wtorek<\/b> o godz. 16:00 pr\u00f3ba dla kandydat\u00f3w na ministranta przed przyj\u0119ciem do LSO, po Mszy \u015bw. wieczornej Grupa Biblijna, w <b>\u015brod\u0119<\/b> ministranci, w <b>czwartek<\/b> uczniowie klas VII (formacja do bierzmowania), w <b>pi\u0105tek <\/b>KSM.<\/li>\n<li style=\"text-align: justify;\">Listopad to czas szczeg\u00f3lnej pami\u0119ci o zmar\u0142ych, dlatego ogarniajmy modlitw\u0105 Ko\u015bcio\u0142a, tych kt\u00f3rzy odeszli do wieczno\u015bci. Na bocznych o\u0142tarzach i na stoliku pod ch\u00f3rem wy\u0142o\u017cone s\u0105 jeszcze kartki Wypominkowe.<span class=\"Apple-converted-space\">&nbsp;<\/span><\/li>\n<li style=\"text-align: justify;\">W \u015brod\u0119, 20 listopada w godzinach 16:00-17:00 w Domu Ludowym w D\u0142ugiem mo\u017cna wp\u0142aca\u0107 na budow\u0119 ko\u015bcio\u0142a filialnego w D\u0142ugiem-Por\u0119bach.<\/li>\n<li style=\"text-align: justify;\">Dost\u0119pne s\u0105 kalendarze parafialne na nowy rok.&nbsp;<\/li>\n<li style=\"text-align: justify;\">W przysz\u0142ym roku <b>6-14.05.2025<\/b> r. planowana jest parafialna pielgrzymka do Portugalii. Koszt 2.200 z\u0142 i 850 euro. Program pielgrzymki znajduje si\u0119 na tablicy og\u0142osze\u0144 i stronie internetowej. Trwaj\u0105 zapisy i zach\u0119camy do udzia\u0142u.<span class=\"Apple-converted-space\">&nbsp;<\/span><\/li>\n<li style=\"text-align: justify;\">Za tydzie\u0144 Uroczysto\u015b\u0107 Chrystusa Kr\u00f3la \u2013 \u015bwi\u0119to patronalne Liturgicznej S\u0142u\u017cby O\u0142tarza, Akcji Katolickiej i KSM-u. Na Mszy \u015bw. o godz. 12:30 b\u0119dzie przyj\u0119cie kandydat\u00f3w do LSO, zapraszamy rodziny tych\u017ce ch\u0142opc\u00f3w do udzia\u0142u w uroczysto\u015bci.<span class=\"Apple-converted-space\">&nbsp;<\/span><\/li>\n<li style=\"text-align: justify;\">Samorz\u0105d Uczniowski przy SP w Jedliczu prowadzi akcj\u0119 zbi\u00f3rki makulatury na parkingu przy szkole w dniach 15-29 listopada. Szczeg\u00f3\u0142y na stronie internetowej szko\u0142y i gminy.<span class=\"Apple-converted-space\">&nbsp;<\/span><\/li>\n<li style=\"text-align: justify;\">Do nabycia prasa katolicka: <i>Niedziela, Go\u015b\u0107 Niedzielny <\/i>oraz<i> <\/i>gazetka parafialna ANTONI. W <i>Niedzieli <\/i>o niebezpiecze\u0144stwach rewolucji cywilizacyjnej, o MB i Jej rodzicach, lub o hrabim W\u0142adys\u0142awie Zamoyskim; w <i>Go\u015bciu Niedzielnym <\/i>kim byli nast\u0119pcy \u015bw. Piotra, o aktualnej sytuacji gospodarczej Polski, albo dlaczego polityka pami\u0119ci obecnego rz\u0105du jest niebezpieczna. <span class=\"Apple-converted-space\">&nbsp;<\/span><\/li>\n<li style=\"text-align: justify;\">W ubieg\u0142ym tygodniu do wieczno\u015bci odszed\u0142 \u015bp. Stanis\u0142aw KUSIAK z ul. Tokarskich ur. w 1946 r. Polecajmy Zmar\u0142ego Bo\u017cemu Mi\u0142osierdziu <i>Wieczne odpoczywanie&#8230;<\/i><i><\/i><\/li>\n<\/ol>\n","protected":false},"excerpt":{"rendered":"<p>XXXIII Niedziela zwyk\u0142a, 17 listopada 2024 r. Og\u0142oszenia duszpasterskie&nbsp; Dzisiaj po Mszy \u015bw. o godz. 12:30 spotkanie formacyjne dla rodzic\u00f3w i dzieci przygotowuj\u0105cych si\u0119 do I Komunii \u015bw. Dzisiejsza sk\u0142adka przeznaczona jest na Fundusz Inwestycyjny Parafii. Wszystkim darczy\u0144com dzi\u0119kujemy za zrozumienie i ofiarno\u015b\u0107: B\u00f3g zap\u0142a\u0107! Codziennie zapraszamy na modlitw\u0119 za Zmar\u0142ych polecanych w Wypominkach. Odczytywanie [&hellip;]<\/p>\n","protected":false},"author":2,"featured_media":0,"comment_status":"closed","ping_status":"open","sticky":false,"template":"","format":"standard","meta":{"ngg_post_thumbnail":0},"categories":[16,18,17],"tags":[],"_links":{"self":[{"href":"https:\/\/jedlicze.przemyska.pl\/index.php\/wp-json\/wp\/v2\/posts\/3487"}],"collection":[{"href":"https:\/\/jedlicze.przemyska.pl\/index.php\/wp-json\/wp\/v2\/posts"}],"about":[{"href":"https:\/\/jedlicze.przemyska.pl\/index.php\/wp-json\/wp\/v2\/types\/post"}],"author":[{"embeddable":true,"href":"https:\/\/jedlicze.przemyska.pl\/index.php\/wp-json\/wp\/v2\/users\/2"}],"replies":[{"embeddable":true,"href":"https:\/\/jedlicze.przemyska.pl\/index.php\/wp-json\/wp\/v2\/comments?post=3487"}],"version-history":[{"count":2,"href":"https:\/\/jedlicze.przemyska.pl\/index.php\/wp-json\/wp\/v2\/posts\/3487\/revisions"}],"predecessor-version":[{"id":3489,"href":"https:\/\/jedlicze.przemyska.pl\/index.php\/wp-json\/wp\/v2\/posts\/3487\/revisions\/3489"}],"wp:attachment":[{"href":"https:\/\/jedlicze.przemyska.pl\/index.php\/wp-json\/wp\/v2\/media?parent=3487"}],"wp:term":[{"taxonomy":"category","embeddable":true,"href":"https:\/\/jedlicze.przemyska.pl\/index.php\/wp-json\/wp\/v2\/categories?post=3487"},{"taxonomy":"post_tag","embeddable":true,"href":"https:\/\/jedlicze.przemyska.pl\/index.php\/wp-json\/wp\/v2\/tags?post=3487"}],"curies":[{"name":"wp","href":"https:\/\/api.w.org\/{rel}","templated":true}]}}